{"id":36112,"date":"2015-09-07T10:53:00","date_gmt":"2015-09-07T13:53:00","guid":{"rendered":"http:\/\/argentinamunicipal.com.ar\/argentina\/?p=36112"},"modified":"2015-09-07T10:53:00","modified_gmt":"2015-09-07T13:53:00","slug":"el-humedal-del-luduena-es-area-natural-protegida","status":"publish","type":"post","link":"http:\/\/argentinamunicipal.com.ar\/argentina\/el-humedal-del-luduena-es-area-natural-protegida\/","title":{"rendered":"El humedal del Ludue\u00f1a es \u00e1rea natural protegida"},"content":{"rendered":"<p><a href=\"http:\/\/argentinamunicipal.com.ar\/argentina\/wp-content\/uploads\/2015\/09\/02-800x600.jpg\"><img loading=\"lazy\" decoding=\"async\" class=\"aligncenter  wp-image-36113\" src=\"http:\/\/argentinamunicipal.com.ar\/argentina\/wp-content\/uploads\/2015\/09\/02-800x600.jpg\" alt=\"02-800x600\" width=\"624\" height=\"468\" srcset=\"http:\/\/argentinamunicipal.com.ar\/argentina\/wp-content\/uploads\/2015\/09\/02-800x600.jpg 800w, http:\/\/argentinamunicipal.com.ar\/argentina\/wp-content\/uploads\/2015\/09\/02-800x600-300x225.jpg 300w\" sizes=\"auto, (max-width: 624px) 100vw, 624px\" \/><\/a><br \/>\nLo aprob\u00f3 por unanimidad el Concejo. El sector del lago, aguas abajo del embalse del arroyo no podr\u00e1 usarse con fines inmobiliarios.<\/p>\n<p>&nbsp;<\/p>\n<p>El Concejo aprob\u00f3 por unanimidad un proyecto que crea un \u00e1rea natural protegida en el sector del lago, aguas abajo del embalse del arroyo Ludue\u00f1a e incorpora ese suelo al Plan Regulador como \u201chumedal preservado\u201d.<\/p>\n<p>La iniciativa del concejal Mauro Miguez de Unidad Popular, contempla un plan de manejo del espejo de agua y su ecosistema y restringe cualquier actividad que pueda poner en riesgo las funciones primordiales, entre ellas, prevenir inundaciones.<\/p>\n<p>La zona en cuesti\u00f3n abarca el tramo que va desde la presa hasta el lago y sus m\u00e1rgenes laterales, sector que en estos \u00faltimos a\u00f1os gener\u00f3 discusiones porque se pretend\u00eda instalar en dicho suelo un \u00e1rea de uso industrial privada.<\/p>\n<p>Ahora, con esta declaraci\u00f3n municipal, dicho suelo pasa a tener un car\u00e1cter de valor ambiental lo que implica que la modificaci\u00f3n radical del suelo queda restringida.<\/p>\n<p>Por ende, cualquier proyecto para ese sector solamente tiene que fortalecer su perfil de reserva o \u00e1rea natural. El concejal Miguez consider\u00f3 la iniciativa como \u201chist\u00f3rica\u201d porque \u201cconserva a una zona estrategica de la localidad de la especulaci\u00f3n inmobiliaria y crea un n\u00facleo de contenci\u00f3n del ecosistema y de prevenci\u00f3n de inundaciones\u201d.<\/p>\n<p>En ese rumbo, afirm\u00f3 que es \u201cun paso fundamental para defender nuestro derecho al suelo, porque logramos poner a salvo al humedal del Ludue\u00f1a del lobby inmobiliario. Nuestra ciudad, se suma as\u00ed a otras localidades de Santa Fe, que valoran y protegen sus a\u00e9reas naturales y cursos de agua\u201d.<\/p>\n<p>Entre ellas, cit\u00f3 a la laguna La Loca y sus bosques (en el departamento Vera), la reserva Vir\u00e1-Pit\u00e1 (General Obligado), el parque provincial Los Caballos (San Javier), la reserva de Esperanza y la ecol\u00f3gica de la Universidad Nacional del Litoral en Santa Fe, el humedal Jaaukanig\u00e1s al noreste y Melincu\u00e9 en el sur provincial.<\/p>\n<h6>Fuente: La Capital, Rosario<\/h6>\n","protected":false},"excerpt":{"rendered":"<p>Lo aprob\u00f3 por unanimidad el Concejo. El sector del lago, aguas abajo del embalse del arroyo no podr\u00e1 usarse con fines inmobiliarios. &nbsp; El Concejo aprob\u00f3 por unanimidad un proyecto que crea un \u00e1rea natural protegida en el sector del lago, aguas abajo del embalse del arroyo Ludue\u00f1a e incorpora ese suelo al Plan Regulador<\/p>\n","protected":false},"author":2,"featured_media":36113,"comment_status":"closed","ping_status":"closed","sticky":false,"template":"","format":"standard","meta":{"footnotes":""},"categories":[2],"tags":[10],"class_list":["post-36112","post","type-post","status-publish","format-standard","has-post-thumbnail","hentry","category-informe-municipal","tag-santa-fe"],"_links":{"self":[{"href":"http:\/\/argentinamunicipal.com.ar\/argentina\/wp-json\/wp\/v2\/posts\/36112","targetHints":{"allow":["GET"]}}],"collection":[{"href":"http:\/\/argentinamunicipal.com.ar\/argentina\/wp-json\/wp\/v2\/posts"}],"about":[{"href":"http:\/\/argentinamunicipal.com.ar\/argentina\/wp-json\/wp\/v2\/types\/post"}],"author":[{"embeddable":true,"href":"http:\/\/argentinamunicipal.com.ar\/argentina\/wp-json\/wp\/v2\/users\/2"}],"replies":[{"embeddable":true,"href":"http:\/\/argentinamunicipal.com.ar\/argentina\/wp-json\/wp\/v2\/comments?post=36112"}],"version-history":[{"count":0,"href":"http:\/\/argentinamunicipal.com.ar\/argentina\/wp-json\/wp\/v2\/posts\/36112\/revisions"}],"wp:featuredmedia":[{"embeddable":true,"href":"http:\/\/argentinamunicipal.com.ar\/argentina\/wp-json\/wp\/v2\/media\/36113"}],"wp:attachment":[{"href":"http:\/\/argentinamunicipal.com.ar\/argentina\/wp-json\/wp\/v2\/media?parent=36112"}],"wp:term":[{"taxonomy":"category","embeddable":true,"href":"http:\/\/argentinamunicipal.com.ar\/argentina\/wp-json\/wp\/v2\/categories?post=36112"},{"taxonomy":"post_tag","embeddable":true,"href":"http:\/\/argentinamunicipal.com.ar\/argentina\/wp-json\/wp\/v2\/tags?post=36112"}],"curies":[{"name":"wp","href":"https:\/\/api.w.org\/{rel}","templated":true}]}}