{"id":36143,"date":"2015-09-08T09:37:48","date_gmt":"2015-09-08T12:37:48","guid":{"rendered":"http:\/\/argentinamunicipal.com.ar\/argentina\/?p=36143"},"modified":"2015-09-08T09:37:48","modified_gmt":"2015-09-08T12:37:48","slug":"san-juan-en-octubre-mas-de-1-000-familias-de-angaco-tendran-gas-natural","status":"publish","type":"post","link":"http:\/\/argentinamunicipal.com.ar\/argentina\/san-juan-en-octubre-mas-de-1-000-familias-de-angaco-tendran-gas-natural\/","title":{"rendered":"San Juan: En octubre m\u00e1s de 1.000 familias de Angaco\u00a0tendr\u00e1n gas natural"},"content":{"rendered":"<p><a href=\"http:\/\/argentinamunicipal.com.ar\/argentina\/wp-content\/uploads\/2015\/09\/angaco.jpg\"><img loading=\"lazy\" decoding=\"async\" class=\"alignleft size-full wp-image-36144\" src=\"http:\/\/argentinamunicipal.com.ar\/argentina\/wp-content\/uploads\/2015\/09\/angaco.jpg\" alt=\"angaco\" width=\"536\" height=\"242\" srcset=\"http:\/\/argentinamunicipal.com.ar\/argentina\/wp-content\/uploads\/2015\/09\/angaco.jpg 536w, http:\/\/argentinamunicipal.com.ar\/argentina\/wp-content\/uploads\/2015\/09\/angaco-300x135.jpg 300w\" sizes=\"auto, (max-width: 536px) 100vw, 536px\" \/><\/a>Al final, y despu\u00e9s de una larga espera, ayer en contacto con DIARIO HUARPE, el intendente de Angaco, Jos\u00e9 Castro, confirm\u00f3 que para el mes de octubre los habitantes de la villa cabecera del departamento tendr\u00e1n gas natural.<\/p>\n<p>\u201cA los valores actuales, esta obra hoy ronda los 10 millones de pesos\u201d, calcul\u00f3 el intendente y luego agreg\u00f3: \u201cY sin lugar a dudas junto a las cloacas ha sido la mejor inversi\u00f3n que hemos hecho\u201d.<\/p>\n<p>El jefe comunal estima que entre el primero y diez de octubre se estar\u00eda dando el corte de cinta. \u201cEl viernes estuvimos recorriendo las obras y todo marcha para que en esa fecha se termine\u201d, dijo Castro, \u201cs\u00f3lo va a quedar coordinar las agendas con las autoridades provinciales para la inauguraci\u00f3n\u201d.<\/p>\n<p>La obra del fundamental servicio beneficiar\u00e1 a alrededor de mil familias. Pasar\u00e1 por edificios e instituciones clave como escuelas, el Municipio, el Hospital, el Juzgado de Paz y la iglesia. Adem\u00e1s, la c\u00e1mara reguladora de gas est\u00e1 a unos escasos 250 metros del predio que se proyecta como el futuro Parque Industrial del departamento.<\/p>\n<p>\u201cA nosotros nos pone muy felices que nuestra gente tenga el gas natural en sus casas, pero tambi\u00e9n el hecho de que esta red va a llegar hasta el futuro Parque Industrial, porque esto se va a traducir en mano de obra para los angaqueros\u201d, dijo Castro.<\/p>\n<p>Es preciso recordar que esta obra se quer\u00eda terminar a finales del a\u00f1o pasado pero por problemas e inconvenientes con la primera empresa a la que se le adjudic\u00f3 la obra los trabajos se retrasaron, no obstante va\u00adli\u00f3 la paciencia, ya que la obra est\u00e1 a punto de ser inaugurada.<\/p>\n<p><strong>Sobre el Parque Industrial<\/strong><br \/>\nPor los caminos de la justicia<\/p>\n<p>En cuanto al Parque Industrial, el jefe comunal revel\u00f3 que el predio donde se lo quiere ubicar ya pas\u00f3 por la etapa donde el Concejo Deliberante lo declara de utilidad p\u00fablica para lograr la expropiaci\u00f3n. \u201cPor ahora sigue los pasos legales en la Justicia y estimamos que muy pronto vamos a tener novedades y ya vamos a poder anunciar que el terreno es del municipio\u201d, manifest\u00f3 Castro.<\/p>\n<h6>Fuente: Huarpe<\/h6>\n","protected":false},"excerpt":{"rendered":"<p>Al final, y despu\u00e9s de una larga espera, ayer en contacto con DIARIO HUARPE, el intendente de Angaco, Jos\u00e9 Castro, confirm\u00f3 que para el mes de octubre los habitantes de la villa cabecera del departamento tendr\u00e1n gas natural. \u201cA los valores actuales, esta obra hoy ronda los 10 millones de pesos\u201d, calcul\u00f3 el intendente y<\/p>\n","protected":false},"author":2,"featured_media":36144,"comment_status":"closed","ping_status":"closed","sticky":false,"template":"","format":"standard","meta":{"footnotes":""},"categories":[2],"tags":[32],"class_list":["post-36143","post","type-post","status-publish","format-standard","has-post-thumbnail","hentry","category-informe-municipal","tag-san-juan"],"_links":{"self":[{"href":"http:\/\/argentinamunicipal.com.ar\/argentina\/wp-json\/wp\/v2\/posts\/36143","targetHints":{"allow":["GET"]}}],"collection":[{"href":"http:\/\/argentinamunicipal.com.ar\/argentina\/wp-json\/wp\/v2\/posts"}],"about":[{"href":"http:\/\/argentinamunicipal.com.ar\/argentina\/wp-json\/wp\/v2\/types\/post"}],"author":[{"embeddable":true,"href":"http:\/\/argentinamunicipal.com.ar\/argentina\/wp-json\/wp\/v2\/users\/2"}],"replies":[{"embeddable":true,"href":"http:\/\/argentinamunicipal.com.ar\/argentina\/wp-json\/wp\/v2\/comments?post=36143"}],"version-history":[{"count":0,"href":"http:\/\/argentinamunicipal.com.ar\/argentina\/wp-json\/wp\/v2\/posts\/36143\/revisions"}],"wp:featuredmedia":[{"embeddable":true,"href":"http:\/\/argentinamunicipal.com.ar\/argentina\/wp-json\/wp\/v2\/media\/36144"}],"wp:attachment":[{"href":"http:\/\/argentinamunicipal.com.ar\/argentina\/wp-json\/wp\/v2\/media?parent=36143"}],"wp:term":[{"taxonomy":"category","embeddable":true,"href":"http:\/\/argentinamunicipal.com.ar\/argentina\/wp-json\/wp\/v2\/categories?post=36143"},{"taxonomy":"post_tag","embeddable":true,"href":"http:\/\/argentinamunicipal.com.ar\/argentina\/wp-json\/wp\/v2\/tags?post=36143"}],"curies":[{"name":"wp","href":"https:\/\/api.w.org\/{rel}","templated":true}]}}