{"id":36165,"date":"2015-09-08T16:07:48","date_gmt":"2015-09-08T19:07:48","guid":{"rendered":"http:\/\/argentinamunicipal.com.ar\/argentina\/?p=36165"},"modified":"2015-09-08T10:11:54","modified_gmt":"2015-09-08T13:11:54","slug":"la-afip-descubrio-a-71-trabajadores-en-negro-en-una-empresa-forestal","status":"publish","type":"post","link":"http:\/\/argentinamunicipal.com.ar\/argentina\/la-afip-descubrio-a-71-trabajadores-en-negro-en-una-empresa-forestal\/","title":{"rendered":"La AFIP descubri\u00f3 a 71 trabajadores \u00aben negro\u00bb en una empresa forestal"},"content":{"rendered":"<p><a href=\"http:\/\/argentinamunicipal.com.ar\/argentina\/wp-content\/uploads\/2015\/09\/19619.jpg\"><img loading=\"lazy\" decoding=\"async\" class=\"aligncenter size-full wp-image-36166\" src=\"http:\/\/argentinamunicipal.com.ar\/argentina\/wp-content\/uploads\/2015\/09\/19619.jpg\" alt=\"19619\" width=\"680\" height=\"360\" srcset=\"http:\/\/argentinamunicipal.com.ar\/argentina\/wp-content\/uploads\/2015\/09\/19619.jpg 680w, http:\/\/argentinamunicipal.com.ar\/argentina\/wp-content\/uploads\/2015\/09\/19619-300x159.jpg 300w\" sizes=\"auto, (max-width: 680px) 100vw, 680px\" \/><\/a><br \/>\nEl operativo tuvo lugar en la compa\u00f1\u00eda Taeda SA, ubicada en la localidad de Eldorado, y se trat\u00f3 de una inspecci\u00f3n de situaci\u00f3n previsional de los empleados, inform\u00f3 hoy el organismo.<\/p>\n<p>A partir de una denuncia realizada por la Administraci\u00f3n Federal de Ingresos P\u00fablicos (Afip), el juez federal de Eldorado, Miguel \u00c1ngel Guerrero, orden\u00f3 el allanamiento a la empresa que el a\u00f1o pasado factur\u00f3 unos 19 millones de pesos.<\/p>\n<p>\u00abDado que Taeda SA \u2013integrada por Rolando Jorge Ranger, Enrique Ranger y Susana Ranger\u2013 se resisti\u00f3 a la inspecci\u00f3n en procedimientos anteriores, la Justicia dispuso que el Escuadr\u00f3n 10 de Gendarmer\u00eda Nacional se ocupe de cercar el predio y as\u00ed evitar la fuga de personas hacia campos linderos\u00bb, dijo la dependencia nacional a trav\u00e9s de un comunicado de prensa.<\/p>\n<p>Seg\u00fan constataron los inspectores de la Afip, los 71 trabajadores relevados no estaban declarados por el empleador y realizaban sus tareas bajo condiciones de sometimiento.<\/p>\n<p>De acuerdo a lo indicado, en este caso la evasi\u00f3n previsional supera los $100.000 mensuales.<\/p>\n<p>\u00abDentro de la documentaci\u00f3n secuestrada, se destacan pagar\u00e9s firmados en blanco que los empleadores le hac\u00edan firmar a los trabajadores, para que no los denuncien o no abandonen el trabajo\u00bb, consigna el comunicado.<\/p>\n<p>Adem\u00e1s, se\u00f1ala el organismo tributario, \u00abse constat\u00f3 que los trabajadores deb\u00edan abonar los alimentos y las vestimentas provistos por los empleadores, que se les descontaba de sus salarios\u00bb.<\/p>\n<p>Para la Afip, los titulares de la firma \u00abser\u00edan los responsables directos de los trabajadores relevados por el hecho de que los mismos estaban prestando servicios para la empresa, en su predio, desarrollando actividades propias del objeto social de dicha compa\u00f1\u00eda\u00bb.<\/p>\n<p>La normativa de procedimiento tributario contempla como presunci\u00f3n general que las remuneraciones no declaradas pueden ser consideradas como ganancia neta imponible en el Impuesto a las Ganancias y base para determinar ventas netas omitidas en el Impuesto al Valor Agregado.<\/p>\n<p>Se ha relevado documentaci\u00f3n relacionada a firmas proveedoras pr\u00e1cticamente exclusivas de la firma allanada, insolventes y con un deficiente cumplimiento fiscal que \u00aba priori estar\u00edan siendo utilizadas para ahuecar la base imponible\u00bb.<\/p>\n<p>Con un minucioso trabajo, concluye el parte de prensa, \u00abse han corroborado los incumplimientos a las obligaciones de los Recursos de la Seguridad Social, se ha demostrado la existencia de personal no declarado y se han individualizado a los distintos empleadores y trabajadores\u00bb.<\/p>\n<h6>Fuente: T\u00e9lam<\/h6>\n","protected":false},"excerpt":{"rendered":"<p>El operativo tuvo lugar en la compa\u00f1\u00eda Taeda SA, ubicada en la localidad de Eldorado, y se trat\u00f3 de una inspecci\u00f3n de situaci\u00f3n previsional de los empleados, inform\u00f3 hoy el organismo. A partir de una denuncia realizada por la Administraci\u00f3n Federal de Ingresos P\u00fablicos (Afip), el juez federal de Eldorado, Miguel \u00c1ngel Guerrero, orden\u00f3 el<\/p>\n","protected":false},"author":2,"featured_media":36166,"comment_status":"closed","ping_status":"closed","sticky":false,"template":"","format":"standard","meta":{"footnotes":""},"categories":[8],"tags":[27],"class_list":["post-36165","post","type-post","status-publish","format-standard","has-post-thumbnail","hentry","category-informe-nacional","tag-misiones"],"_links":{"self":[{"href":"http:\/\/argentinamunicipal.com.ar\/argentina\/wp-json\/wp\/v2\/posts\/36165","targetHints":{"allow":["GET"]}}],"collection":[{"href":"http:\/\/argentinamunicipal.com.ar\/argentina\/wp-json\/wp\/v2\/posts"}],"about":[{"href":"http:\/\/argentinamunicipal.com.ar\/argentina\/wp-json\/wp\/v2\/types\/post"}],"author":[{"embeddable":true,"href":"http:\/\/argentinamunicipal.com.ar\/argentina\/wp-json\/wp\/v2\/users\/2"}],"replies":[{"embeddable":true,"href":"http:\/\/argentinamunicipal.com.ar\/argentina\/wp-json\/wp\/v2\/comments?post=36165"}],"version-history":[{"count":0,"href":"http:\/\/argentinamunicipal.com.ar\/argentina\/wp-json\/wp\/v2\/posts\/36165\/revisions"}],"wp:featuredmedia":[{"embeddable":true,"href":"http:\/\/argentinamunicipal.com.ar\/argentina\/wp-json\/wp\/v2\/media\/36166"}],"wp:attachment":[{"href":"http:\/\/argentinamunicipal.com.ar\/argentina\/wp-json\/wp\/v2\/media?parent=36165"}],"wp:term":[{"taxonomy":"category","embeddable":true,"href":"http:\/\/argentinamunicipal.com.ar\/argentina\/wp-json\/wp\/v2\/categories?post=36165"},{"taxonomy":"post_tag","embeddable":true,"href":"http:\/\/argentinamunicipal.com.ar\/argentina\/wp-json\/wp\/v2\/tags?post=36165"}],"curies":[{"name":"wp","href":"https:\/\/api.w.org\/{rel}","templated":true}]}}