{"id":36204,"date":"2015-09-09T09:30:24","date_gmt":"2015-09-09T12:30:24","guid":{"rendered":"http:\/\/argentinamunicipal.com.ar\/argentina\/?p=36204"},"modified":"2015-09-09T09:30:24","modified_gmt":"2015-09-09T12:30:24","slug":"ponen-en-marcha-la-ultima-etapa-de-urbanizacion-en-catamarca","status":"publish","type":"post","link":"http:\/\/argentinamunicipal.com.ar\/argentina\/ponen-en-marcha-la-ultima-etapa-de-urbanizacion-en-catamarca\/","title":{"rendered":"Ponen en marcha la \u00faltima etapa de urbanizaci\u00f3n en Catamarca"},"content":{"rendered":"<p><a href=\"http:\/\/argentinamunicipal.com.ar\/argentina\/wp-content\/uploads\/2015\/09\/f700x390-48925_87943_15.jpg\"><img loading=\"lazy\" decoding=\"async\" class=\"aligncenter  wp-image-36205\" src=\"http:\/\/argentinamunicipal.com.ar\/argentina\/wp-content\/uploads\/2015\/09\/f700x390-48925_87943_15.jpg\" alt=\"f700x390-48925_87943_15\" width=\"662\" height=\"368\" srcset=\"http:\/\/argentinamunicipal.com.ar\/argentina\/wp-content\/uploads\/2015\/09\/f700x390-48925_87943_15.jpg 700w, http:\/\/argentinamunicipal.com.ar\/argentina\/wp-content\/uploads\/2015\/09\/f700x390-48925_87943_15-300x167.jpg 300w\" sizes=\"auto, (max-width: 662px) 100vw, 662px\" \/><\/a><br \/>\nLuc\u00eda Corpacci puso en marcha, en el Barrio Villa Eumelia, la etapa final de las tareas de urbanizaci\u00f3n del sur capitalino.<\/p>\n<p>A trav\u00e9s del Programa de Mejoramientos de Barrios y el Programa Federal de Asentamientos y Villas que financia el Gobierno Nacional, se beneficiar\u00e1n en esta instancia de la megaobra m\u00e1s familias del sector de la Ribera del R\u00edo del Valle.<\/p>\n<p>Esta \u00faltima etapa cuenta con una inversi\u00f3n de m\u00e1s de 48 millones de pesos y tendr\u00e1 un impacto directo en las condiciones de vida de m\u00e1s de 3.000 vecinos de la zona sur de la Capital.<\/p>\n<p>El acto de inicio de obra se realiz\u00f3 ante la presencia de una gran cantidad de vecinos, y acompa\u00f1aron a la mandataria el Intendente Ra\u00fal Jalil; el secretario de la Vivienda; Octavio Guti\u00e9rrez; el ministro de Obras P\u00fablicas; Rub\u00e9n Dusso; el secretario de Seguridad; Marcos Denett; la directora del Programa ProMeBa, Gladys Jalile; el senador capitalino Ram\u00f3n Figueroa Castellanos y funcionarios del Poder Ejecutivo.<\/p>\n<p>En esta etapa se realizar\u00e1n obras de infraestructura b\u00e1sica, desde pavimentaci\u00f3n hasta alumbrado p\u00fablico. Tambi\u00e9n se construir\u00e1n dos salones usos m\u00faltiples en los sectores denominados Villa Eumelia y Virgen Ni\u00f1a. El Gobierno provincial, a trav\u00e9s de la Secretar\u00eda de la Vivienda, intervendr\u00e1 en 28 hect\u00e1reas, que est\u00e1n distribuidas en 30 manzanas divididas en 565 lotes, donde se construir\u00e1n 525 nuevas viviendas para 530 familias y el beneficio final ser\u00e1 para una poblaci\u00f3n de 3.445 personas.<\/p>\n<p>Durante el acto se entregaron los contratos de obra que resultaron de las licitaciones previas. Las empresas deber\u00e1n realizar obras de infraestructura como desag\u00fces pluviales, construcci\u00f3n de canales, sistema de abastecimiento y conexiones domiciliarias de agua potable y desag\u00fces cloacales, red vial, badenes y cordones cunetas.<\/p>\n<h6>Fuente: El Ancasti<\/h6>\n","protected":false},"excerpt":{"rendered":"<p>Luc\u00eda Corpacci puso en marcha, en el Barrio Villa Eumelia, la etapa final de las tareas de urbanizaci\u00f3n del sur capitalino. A trav\u00e9s del Programa de Mejoramientos de Barrios y el Programa Federal de Asentamientos y Villas que financia el Gobierno Nacional, se beneficiar\u00e1n en esta instancia de la megaobra m\u00e1s familias del sector de<\/p>\n","protected":false},"author":2,"featured_media":36205,"comment_status":"closed","ping_status":"closed","sticky":false,"template":"","format":"standard","meta":{"footnotes":""},"categories":[2],"tags":[16],"class_list":["post-36204","post","type-post","status-publish","format-standard","has-post-thumbnail","hentry","category-informe-municipal","tag-catamarca"],"_links":{"self":[{"href":"http:\/\/argentinamunicipal.com.ar\/argentina\/wp-json\/wp\/v2\/posts\/36204","targetHints":{"allow":["GET"]}}],"collection":[{"href":"http:\/\/argentinamunicipal.com.ar\/argentina\/wp-json\/wp\/v2\/posts"}],"about":[{"href":"http:\/\/argentinamunicipal.com.ar\/argentina\/wp-json\/wp\/v2\/types\/post"}],"author":[{"embeddable":true,"href":"http:\/\/argentinamunicipal.com.ar\/argentina\/wp-json\/wp\/v2\/users\/2"}],"replies":[{"embeddable":true,"href":"http:\/\/argentinamunicipal.com.ar\/argentina\/wp-json\/wp\/v2\/comments?post=36204"}],"version-history":[{"count":0,"href":"http:\/\/argentinamunicipal.com.ar\/argentina\/wp-json\/wp\/v2\/posts\/36204\/revisions"}],"wp:featuredmedia":[{"embeddable":true,"href":"http:\/\/argentinamunicipal.com.ar\/argentina\/wp-json\/wp\/v2\/media\/36205"}],"wp:attachment":[{"href":"http:\/\/argentinamunicipal.com.ar\/argentina\/wp-json\/wp\/v2\/media?parent=36204"}],"wp:term":[{"taxonomy":"category","embeddable":true,"href":"http:\/\/argentinamunicipal.com.ar\/argentina\/wp-json\/wp\/v2\/categories?post=36204"},{"taxonomy":"post_tag","embeddable":true,"href":"http:\/\/argentinamunicipal.com.ar\/argentina\/wp-json\/wp\/v2\/tags?post=36204"}],"curies":[{"name":"wp","href":"https:\/\/api.w.org\/{rel}","templated":true}]}}