{"id":36249,"date":"2015-09-10T09:16:18","date_gmt":"2015-09-10T12:16:18","guid":{"rendered":"http:\/\/argentinamunicipal.com.ar\/argentina\/?p=36249"},"modified":"2015-09-10T09:16:18","modified_gmt":"2015-09-10T12:16:18","slug":"municipales-rosarinos-piden-justicia-por-gerardo-escobar","status":"publish","type":"post","link":"http:\/\/argentinamunicipal.com.ar\/argentina\/municipales-rosarinos-piden-justicia-por-gerardo-escobar\/","title":{"rendered":"Municipales rosarinos piden justicia por Gerardo Escobar"},"content":{"rendered":"<p><a href=\"http:\/\/argentinamunicipal.com.ar\/argentina\/wp-content\/uploads\/2015\/09\/124283_gremiales.jpg\"><img loading=\"lazy\" decoding=\"async\" class=\"aligncenter size-full wp-image-36250\" src=\"http:\/\/argentinamunicipal.com.ar\/argentina\/wp-content\/uploads\/2015\/09\/124283_gremiales.jpg\" alt=\"124283_gremiales\" width=\"544\" height=\"268\" srcset=\"http:\/\/argentinamunicipal.com.ar\/argentina\/wp-content\/uploads\/2015\/09\/124283_gremiales.jpg 544w, http:\/\/argentinamunicipal.com.ar\/argentina\/wp-content\/uploads\/2015\/09\/124283_gremiales-300x148.jpg 300w\" sizes=\"auto, (max-width: 544px) 100vw, 544px\" \/><\/a><br \/>\n\u00abQueremos que se aclare la muerte de Gerardo y que los responsable reciban el castigo que se merecen\u00bb, dijo el secretario general de los Municipales, Antonio Ratner.<\/p>\n<p>Familiares, amigos y compa\u00f1eros de trabajo de Gerardo \u00abPich\u00f3n\u00bb Escobar, el joven cuyo cad\u00e1ver apareci\u00f3 flotando en el r\u00edo tras estar estar desaparecido una semana, realizaron esta ma\u00f1ana una marcha hasta la sede de la Fiscal\u00eda Regional para reclamar el esclarecimiento del crimen.<\/p>\n<p>Antonio Ratner, secretario general del Sindicato de Trabajadores Municipales de Rosario, dijo que la intenci\u00f3n de la marcha \u00abes pedir que la investigaci\u00f3n no se detenga porque a\u00fan hay muchas cosas que deben aclararse\u00bb.<\/p>\n<p>El dirigente del sindicato al que estaba afiliado Escobar, sostuvo que la movilizaci\u00f3n de hoy \u00abes parte de los actos de presencia permanente que se hacen todas las semanas frente a la Fiscal\u00eda y significa que no nos olvidamos de Gerardo\u00bb.<\/p>\n<p>\u00abQueremos que este caso se aclare hasta sus \u00faltimas consecuencias y que los que tengan una conducta reprochable reciban el castigo que se merezcan. Nos llaman la atenci\u00f3n las fechas en que se hab\u00edan comprometido los investigadores para que lleguen los informes forenses de lo que se mand\u00f3 a analizar a La Plata, Buenos Aires y Santa Fe. Estos informes no est\u00e1n y van a ser fundamentales\u00bb, sostuvo Ratner.<\/p>\n<p>El l\u00edder de los municipales rosarinos sostuvo: \u00abHoy no sabemos si Gerardo muri\u00f3 y lo arrojaron al agua el mismo d\u00eda de su desaparici\u00f3n o fue 48 horas despu\u00e9s. Tenemos que saber si Gerardo estuvo retenido en otro lugar antes de que lo arrojaran al r\u00edo\u00bb.<\/p>\n<h6>Fuente: Sin Mordaza<\/h6>\n","protected":false},"excerpt":{"rendered":"<p>\u00abQueremos que se aclare la muerte de Gerardo y que los responsable reciban el castigo que se merecen\u00bb, dijo el secretario general de los Municipales, Antonio Ratner. Familiares, amigos y compa\u00f1eros de trabajo de Gerardo \u00abPich\u00f3n\u00bb Escobar, el joven cuyo cad\u00e1ver apareci\u00f3 flotando en el r\u00edo tras estar estar desaparecido una semana, realizaron esta ma\u00f1ana<\/p>\n","protected":false},"author":2,"featured_media":36250,"comment_status":"closed","ping_status":"closed","sticky":false,"template":"","format":"standard","meta":{"footnotes":""},"categories":[7],"tags":[10],"class_list":["post-36249","post","type-post","status-publish","format-standard","has-post-thumbnail","hentry","category-informe-sindical","tag-santa-fe"],"_links":{"self":[{"href":"http:\/\/argentinamunicipal.com.ar\/argentina\/wp-json\/wp\/v2\/posts\/36249","targetHints":{"allow":["GET"]}}],"collection":[{"href":"http:\/\/argentinamunicipal.com.ar\/argentina\/wp-json\/wp\/v2\/posts"}],"about":[{"href":"http:\/\/argentinamunicipal.com.ar\/argentina\/wp-json\/wp\/v2\/types\/post"}],"author":[{"embeddable":true,"href":"http:\/\/argentinamunicipal.com.ar\/argentina\/wp-json\/wp\/v2\/users\/2"}],"replies":[{"embeddable":true,"href":"http:\/\/argentinamunicipal.com.ar\/argentina\/wp-json\/wp\/v2\/comments?post=36249"}],"version-history":[{"count":0,"href":"http:\/\/argentinamunicipal.com.ar\/argentina\/wp-json\/wp\/v2\/posts\/36249\/revisions"}],"wp:featuredmedia":[{"embeddable":true,"href":"http:\/\/argentinamunicipal.com.ar\/argentina\/wp-json\/wp\/v2\/media\/36250"}],"wp:attachment":[{"href":"http:\/\/argentinamunicipal.com.ar\/argentina\/wp-json\/wp\/v2\/media?parent=36249"}],"wp:term":[{"taxonomy":"category","embeddable":true,"href":"http:\/\/argentinamunicipal.com.ar\/argentina\/wp-json\/wp\/v2\/categories?post=36249"},{"taxonomy":"post_tag","embeddable":true,"href":"http:\/\/argentinamunicipal.com.ar\/argentina\/wp-json\/wp\/v2\/tags?post=36249"}],"curies":[{"name":"wp","href":"https:\/\/api.w.org\/{rel}","templated":true}]}}