{"id":3627,"date":"2014-03-12T09:06:16","date_gmt":"2014-03-12T12:06:16","guid":{"rendered":"http:\/\/argentinamunicipal.com.ar\/argentina\/?p=3627"},"modified":"2014-03-12T09:06:16","modified_gmt":"2014-03-12T12:06:16","slug":"paritarias-en-trelew-anuncio-del-intendente","status":"publish","type":"post","link":"http:\/\/argentinamunicipal.com.ar\/argentina\/paritarias-en-trelew-anuncio-del-intendente\/","title":{"rendered":"Paritarias en Trelew: anuncio del Intendente"},"content":{"rendered":"<div id=\"attachment_3628\" style=\"width: 470px\" class=\"wp-caption alignright\"><a href=\"http:\/\/argentinamunicipal.com.ar\/argentina\/wp-content\/uploads\/2014\/03\/251791_thumb.jpg\"><img loading=\"lazy\" decoding=\"async\" aria-describedby=\"caption-attachment-3628\" class=\"size-full wp-image-3628\" alt=\"Previsi\u00f3n. A fines de este mes comenzar\u00e1 la discusi\u00f3n de salarios en la Municipalidad trelewense.\" src=\"http:\/\/argentinamunicipal.com.ar\/argentina\/wp-content\/uploads\/2014\/03\/251791_thumb.jpg\" width=\"460\" height=\"258\" srcset=\"http:\/\/argentinamunicipal.com.ar\/argentina\/wp-content\/uploads\/2014\/03\/251791_thumb.jpg 460w, http:\/\/argentinamunicipal.com.ar\/argentina\/wp-content\/uploads\/2014\/03\/251791_thumb-300x168.jpg 300w\" sizes=\"auto, (max-width: 460px) 100vw, 460px\" \/><\/a><p id=\"caption-attachment-3628\" class=\"wp-caption-text\">Previsi\u00f3n. A fines de este mes comenzar\u00e1 la discusi\u00f3n de salarios en la Municipalidad trelewense.<\/p><\/div>\n<p>El intendente revel\u00f3 ayer que a fin de mes iniciar\u00e1n la ronda de discusiones salariales con los trabajadores municipales. Ayer se reuni\u00f3 con la dirigencia de ATE.<\/p>\n<p>Previsi\u00f3n. A fines de este mes comenzar\u00e1 la discusi\u00f3n de salarios en la Municipalidad trelewense.<br \/>\nAnunci\u00f3 que a fines de marzo se realizar\u00e1 una nueva reuni\u00f3n a fin de discutir los nuevos estamentos salariales.<\/p>\n<p>Participaronrepresentantes y afiliados al gremio. El intendente tambi\u00e9n impuls\u00f3 estos encuentros con la Uni\u00f3n Personal Civil de la Naci\u00f3n y el Sindicato de Trabajadores Municipales, los gremios que poseen la mayor representaci\u00f3n entre los empleados municipales, para realizar un trabajo conjunto y entendiendo que las paritarias son el \u00e1mbito ideal para toda discusi\u00f3n salarial y laboral.<\/p>\n<p>Al respecto de las reuniones P\u00e9rez Cat\u00e1n se\u00f1al\u00f3 que \u201chemos estado atendiendo las demandas de los gremios que tienen representaci\u00f3n entre los empleados de la Municipalidad de Trelew, hemos dialogado sobre el pedido de ATE de anticipaci\u00f3n de la fecha paritaria, de la demanda de UPCN sobre la posible nueva incorporaci\u00f3n de un estatuto en relaci\u00f3n a los trabajadores municipales y de la adecuaci\u00f3n de algunos valores adicionales solicitados por el Sindicato de Trabajadores Municipales\u201d. \u201cEstamos trabajando en una propuesta de adecuaci\u00f3n de los salarios y en la posibilidad de a fines de marzo o los primeros d\u00edas de abril, estar debatiendo concretamente la aplicaci\u00f3n de los nuevos estamentos salariales de los empleados municipales\u201d, destac\u00f3. \u201cLas reuniones han sido buenas, llegamos a algunos puntos de consenso y se les inform\u00f3 que los vamos a convocar oficialmente para los \u00faltimos d\u00edas de marzo y principios de abril para iniciar el cronograma de reuniones paritarias\u201d.<\/p>\n<h6>Fuente: Diario Jornada<\/h6>\n","protected":false},"excerpt":{"rendered":"<p>El intendente revel\u00f3 ayer que a fin de mes iniciar\u00e1n la ronda de discusiones salariales con los trabajadores municipales. Ayer se reuni\u00f3 con la dirigencia de ATE. Previsi\u00f3n. A fines de este mes comenzar\u00e1 la discusi\u00f3n de salarios en la Municipalidad trelewense. Anunci\u00f3 que a fines de marzo se realizar\u00e1 una nueva reuni\u00f3n a fin<\/p>\n","protected":false},"author":2,"featured_media":3628,"comment_status":"closed","ping_status":"closed","sticky":false,"template":"","format":"standard","meta":{"footnotes":""},"categories":[7],"tags":[14],"class_list":["post-3627","post","type-post","status-publish","format-standard","has-post-thumbnail","hentry","category-informe-sindical","tag-chubut"],"_links":{"self":[{"href":"http:\/\/argentinamunicipal.com.ar\/argentina\/wp-json\/wp\/v2\/posts\/3627","targetHints":{"allow":["GET"]}}],"collection":[{"href":"http:\/\/argentinamunicipal.com.ar\/argentina\/wp-json\/wp\/v2\/posts"}],"about":[{"href":"http:\/\/argentinamunicipal.com.ar\/argentina\/wp-json\/wp\/v2\/types\/post"}],"author":[{"embeddable":true,"href":"http:\/\/argentinamunicipal.com.ar\/argentina\/wp-json\/wp\/v2\/users\/2"}],"replies":[{"embeddable":true,"href":"http:\/\/argentinamunicipal.com.ar\/argentina\/wp-json\/wp\/v2\/comments?post=3627"}],"version-history":[{"count":0,"href":"http:\/\/argentinamunicipal.com.ar\/argentina\/wp-json\/wp\/v2\/posts\/3627\/revisions"}],"wp:featuredmedia":[{"embeddable":true,"href":"http:\/\/argentinamunicipal.com.ar\/argentina\/wp-json\/wp\/v2\/media\/3628"}],"wp:attachment":[{"href":"http:\/\/argentinamunicipal.com.ar\/argentina\/wp-json\/wp\/v2\/media?parent=3627"}],"wp:term":[{"taxonomy":"category","embeddable":true,"href":"http:\/\/argentinamunicipal.com.ar\/argentina\/wp-json\/wp\/v2\/categories?post=3627"},{"taxonomy":"post_tag","embeddable":true,"href":"http:\/\/argentinamunicipal.com.ar\/argentina\/wp-json\/wp\/v2\/tags?post=3627"}],"curies":[{"name":"wp","href":"https:\/\/api.w.org\/{rel}","templated":true}]}}