{"id":36285,"date":"2015-09-10T13:02:55","date_gmt":"2015-09-10T16:02:55","guid":{"rendered":"http:\/\/argentinamunicipal.com.ar\/argentina\/?p=36285"},"modified":"2015-09-10T13:02:55","modified_gmt":"2015-09-10T16:02:55","slug":"impulsan-acciones-para-festejar-el-dia-mundial-sin-autos-en-santa-fe","status":"publish","type":"post","link":"http:\/\/argentinamunicipal.com.ar\/argentina\/impulsan-acciones-para-festejar-el-dia-mundial-sin-autos-en-santa-fe\/","title":{"rendered":"Impulsan acciones para festejar el D\u00eda Mundial sin Autos en Santa Fe"},"content":{"rendered":"<div id=\"attachment_36286\" style=\"width: 611px\" class=\"wp-caption aligncenter\"><a href=\"http:\/\/argentinamunicipal.com.ar\/argentina\/wp-content\/uploads\/2015\/09\/SantaFeEnBici.jpg_973718260.jpg\"><img loading=\"lazy\" decoding=\"async\" aria-describedby=\"caption-attachment-36286\" class=\" wp-image-36286\" src=\"http:\/\/argentinamunicipal.com.ar\/argentina\/wp-content\/uploads\/2015\/09\/SantaFeEnBici.jpg_973718260.jpg\" alt=\"Sustentabilidad. El empleo de la bici como medio de transporte colabora a un ambiente m\u00e1s saludable \" width=\"601\" height=\"419\" srcset=\"http:\/\/argentinamunicipal.com.ar\/argentina\/wp-content\/uploads\/2015\/09\/SantaFeEnBici.jpg_973718260.jpg 789w, http:\/\/argentinamunicipal.com.ar\/argentina\/wp-content\/uploads\/2015\/09\/SantaFeEnBici.jpg_973718260-300x209.jpg 300w\" sizes=\"auto, (max-width: 601px) 100vw, 601px\" \/><\/a><p id=\"caption-attachment-36286\" class=\"wp-caption-text\">Sustentabilidad. El empleo de la bici como medio de transporte colabora a un ambiente m\u00e1s saludable<\/p><\/div>\n<p>Concientizaci\u00f3n. El pr\u00f3ximo 22 de setiembre la ciudad celebrar\u00e1 por segunda vez esta jornada que se desarrolla en todo el mundo. Desde la agrupaci\u00f3n Santa Fe en Bici llaman a usar la bicicleta, caminar y utilizar el transporte p\u00fablico<\/p>\n<p>Desde la agrupaci\u00f3n Santa Fe en Bici invitan a todos los santafesinos a sumarse el pr\u00f3ximo 22 de setiembre al D\u00eda Mundial Sin Auto, una iniciativa que se da a nivel mundial pero a la cual Santa Fe se adhiri\u00f3 desde el a\u00f1o pasado. Con esta actividad se busca pensar una ciudad diferente, sin los efectos negativos que genera el autom\u00f3vil particular y as\u00ed tener una urbe m\u00e1s tranquila, limpia y segura.<\/p>\n<p>Desde el \u00e1mbito local, el colectivo que desde hace a\u00f1os viene trabajando para incentivar el uso de las dos ruedas como medio de transporte sustentable planea realizar diversas actividades, entre las que figura la instalaci\u00f3n de un stand en el microcentro santafesino y a trav\u00e9s del cual llevar\u00e1n a cabo tareas de difusi\u00f3n.<\/p>\n<p>En esa jornada, el objetivo es involucrar a todos los actores, por eso invitaron a participar a las tres universidades: Cat\u00f3lica, UTN y UNL. Adem\u00e1s, hicieron extensiva la participaci\u00f3n a la Agencia de Seguridad Vial y al Gabinete Joven.<\/p>\n<p>\u201cComprometemos a todos ellos que son quienes deben promover este tipo de pol\u00edticas, que involucran a la salud p\u00fablica, a la accidentolog\u00eda, el derecho a un ambiente sano, entre otros factores\u201d, sostuvo Mariana Salvador, integrante de Santa Fe en Bici.<\/p>\n<p>\u201cEn Santa Fe es el segundo a\u00f1o que se festeja, pero a nivel mundial son inmensas las repercusiones\u201d, sostuvo Salvador, al mismo tiempo que puso como ejemplo el caso de Bogot\u00e1, Colombia, en donde como una forma de adhesi\u00f3n a la iniciativa se proh\u00edbe el uso del auto por un per\u00edodo de tres d\u00edas.<\/p>\n<p>En horas de la tarde llevar\u00e1n adelante una pedaleada que partir\u00e1 desde el stand para abrazar las nuevas ciclov\u00edas del barrio Candioti con direcci\u00f3n al Puente Colgante.<\/p>\n<p>Si bien a\u00fan no terminaron de cerrar los detalles pertinentes a esta actividad y el horario no se pudo confirmar, el objetivo es desafectar el trayecto del puente para que solo sea empleado por peatones, ciclistas y el transporte p\u00fablico.<\/p>\n<p>\u201cNosotros pretendemos peatonalizar algunas calles y veremos si nos permiten repetir esta acci\u00f3n tanto en el Puente Colgante como en la avenida Arist\u00f3bulo del Valle, la cual tiene mucho potencial y actualmente es pista de autos\u201d, explic\u00f3 la referente del colectivo desde el cual se realizan todas las acciones necesarias para intentar cambiar la l\u00f3gica y plantear una ciudad que est\u00e9 orientada hacia las personas y en donde se deje de priorizar el uso excesivo de los autom\u00f3viles como medio de transporte.<\/p>\n<p>Desde Santa Fe en Bici adelantaron que aprovechar\u00e1n la jornada para poder largar la aplicaci\u00f3n que desarrollaron a trav\u00e9s del Programa Ingenia y la cual servir\u00e1 para localizar todos los aspectos relacionado con la actividad de los ciclistas como talleres, rutas, consejos, etc\u00e9tera. En principio contar\u00e1 con funciones b\u00e1sicas pero la idea es seguir perfeccion\u00e1ndola. Esta herramienta tambi\u00e9n se usar\u00e1 para contar con estad\u00edsticas, ya que en la ciudad no tienen datos sobre las necesidades concretas de los usuarios de bicicletas y c\u00f3mo encarar futuras actividades que incentiven el empleo de este medio de transporte.<\/p>\n<p>Al momento de realizar un balance sobre la adhesi\u00f3n que logr\u00f3 la bicicleta como medio de transporte en las calles de la ciudad, Salvador asegur\u00f3 que a trav\u00e9s de la observaci\u00f3n los integrantes de la agrupaci\u00f3n que integra han podido constatar que d\u00eda a d\u00eda crece el n\u00famero de ciclistas.<\/p>\n<p>\u201cLa gente est\u00e1 usando m\u00e1s este medio de transporte, pero todav\u00eda no se ha cambiado esa l\u00f3gica urbana de ciudad hecha para autos, entonces se dificulta mucho\u201d, confirm\u00f3 la joven, al mismo tiempo que agreg\u00f3 que a\u00fan persiste el temor por parte de los potenciales usuarios a sufrir un accidente, ya sea porque no cuentan con la infraestructura necesaria para hacerlo o por falta de educaci\u00f3n de los automovilistas.<\/p>\n<p>Adem\u00e1s sostuvo que todav\u00eda faltan llevar adelante muchas acciones para implementar un sistema mucho m\u00e1s consistente que el actual, que fue dise\u00f1ado para una utilidad que no toma en cuenta a los usuarios de transporte que no se movilizan en autom\u00f3vil y al cual no dud\u00f3 en calificar como \u201cexcluyente, contaminante y riesgoso\u201d.<\/p>\n<p>\u201cLo bueno es poder ver que a futuro Santa Fe puede ser una ciudad incre\u00edble, que no tiene nada en contra. Salvo la cultura y la infraestructura que de a poco pueden ir modific\u00e1ndose\u201d, evalu\u00f3 la representante de Santa Fe en Bici.<\/p>\n<p>Conscientes de que esta trasformaci\u00f3n va a demandar un tiempo importante, adem\u00e1s de actividades concretas orientadas a modificar la conducta de la sociedad, recalcaron una importante cantidad de cambios positivos que empezaron a surgir por medio de otras agrupaciones. En ese sentido puso como ejemplo el pedido de una ciclov\u00eda en la ruta N\u00ba 1 y valor\u00f3 el accionar de un conjunto de profesores de la Ciudad Universitaria que est\u00e1n gestionando la infraestructura necesaria para bicicletas en la Universidad.<\/p>\n<p>\u201cEstas son cosas que empiezan a surgir a partir del incentivo que se le da a la bici\u201d, afirm\u00f3 Salvador, quien para el pr\u00f3ximo 22 de setiembre llam\u00f3 a los santafesinos a sumarse a esta jornada sin auto a trav\u00e9s de la bicicleta, la caminata o el transporte p\u00fablico.<\/p>\n<h6>Fuente: Uno, Santa Fe<\/h6>\n","protected":false},"excerpt":{"rendered":"<p>Concientizaci\u00f3n. El pr\u00f3ximo 22 de setiembre la ciudad celebrar\u00e1 por segunda vez esta jornada que se desarrolla en todo el mundo. Desde la agrupaci\u00f3n Santa Fe en Bici llaman a usar la bicicleta, caminar y utilizar el transporte p\u00fablico Desde la agrupaci\u00f3n Santa Fe en Bici invitan a todos los santafesinos a sumarse el pr\u00f3ximo<\/p>\n","protected":false},"author":2,"featured_media":36286,"comment_status":"closed","ping_status":"closed","sticky":false,"template":"","format":"standard","meta":{"footnotes":""},"categories":[2],"tags":[10],"class_list":["post-36285","post","type-post","status-publish","format-standard","has-post-thumbnail","hentry","category-informe-municipal","tag-santa-fe"],"_links":{"self":[{"href":"http:\/\/argentinamunicipal.com.ar\/argentina\/wp-json\/wp\/v2\/posts\/36285","targetHints":{"allow":["GET"]}}],"collection":[{"href":"http:\/\/argentinamunicipal.com.ar\/argentina\/wp-json\/wp\/v2\/posts"}],"about":[{"href":"http:\/\/argentinamunicipal.com.ar\/argentina\/wp-json\/wp\/v2\/types\/post"}],"author":[{"embeddable":true,"href":"http:\/\/argentinamunicipal.com.ar\/argentina\/wp-json\/wp\/v2\/users\/2"}],"replies":[{"embeddable":true,"href":"http:\/\/argentinamunicipal.com.ar\/argentina\/wp-json\/wp\/v2\/comments?post=36285"}],"version-history":[{"count":0,"href":"http:\/\/argentinamunicipal.com.ar\/argentina\/wp-json\/wp\/v2\/posts\/36285\/revisions"}],"wp:featuredmedia":[{"embeddable":true,"href":"http:\/\/argentinamunicipal.com.ar\/argentina\/wp-json\/wp\/v2\/media\/36286"}],"wp:attachment":[{"href":"http:\/\/argentinamunicipal.com.ar\/argentina\/wp-json\/wp\/v2\/media?parent=36285"}],"wp:term":[{"taxonomy":"category","embeddable":true,"href":"http:\/\/argentinamunicipal.com.ar\/argentina\/wp-json\/wp\/v2\/categories?post=36285"},{"taxonomy":"post_tag","embeddable":true,"href":"http:\/\/argentinamunicipal.com.ar\/argentina\/wp-json\/wp\/v2\/tags?post=36285"}],"curies":[{"name":"wp","href":"https:\/\/api.w.org\/{rel}","templated":true}]}}