{"id":36305,"date":"2015-09-11T09:07:35","date_gmt":"2015-09-11T12:07:35","guid":{"rendered":"http:\/\/argentinamunicipal.com.ar\/argentina\/?p=36305"},"modified":"2015-09-11T09:07:35","modified_gmt":"2015-09-11T12:07:35","slug":"segundo-encuentro-internacional-de-parques-industriales-tecnologicos-y-logisticos-en-pilar","status":"publish","type":"post","link":"http:\/\/argentinamunicipal.com.ar\/argentina\/segundo-encuentro-internacional-de-parques-industriales-tecnologicos-y-logisticos-en-pilar\/","title":{"rendered":"Segundo Encuentro Internacional de Parques Industriales, Tecnol\u00f3gicos y Log\u00edsticos en Pilar"},"content":{"rendered":"<p><a href=\"http:\/\/argentinamunicipal.com.ar\/argentina\/wp-content\/uploads\/2015\/09\/20150910145326_pilar.jpg\"><img loading=\"lazy\" decoding=\"async\" class=\"aligncenter size-full wp-image-36306\" src=\"http:\/\/argentinamunicipal.com.ar\/argentina\/wp-content\/uploads\/2015\/09\/20150910145326_pilar.jpg\" alt=\"20150910145326_pilar\" width=\"620\" height=\"340\" srcset=\"http:\/\/argentinamunicipal.com.ar\/argentina\/wp-content\/uploads\/2015\/09\/20150910145326_pilar.jpg 620w, http:\/\/argentinamunicipal.com.ar\/argentina\/wp-content\/uploads\/2015\/09\/20150910145326_pilar-300x165.jpg 300w\" sizes=\"auto, (max-width: 620px) 100vw, 620px\" \/><\/a><br \/>\nFuncionarios nacionales, provinciales y municipales convergieron ayer en Pilar durante el 2\u00b0 Encuentro Internacional de Parques Industriales, Tecnol\u00f3gicos y Log\u00edsticos que junto representantes de organizaciones empresariales de la Argentina y del exterior.<\/p>\n<p>Funcionarios y autoridades nacionales, provinciales y del municipio de Pilar coincidieron ayer en la apertura del 2\u00b0 Encuentro Internacional de Parques Industriales, Tecnol\u00f3gicos y Log\u00edsticos, organizado en conjunto por el Centro de Estudios Estrat\u00e9gicos en Relaciones Internacionales (CEERI) y por el Ente de Promoci\u00f3n Pilar.<\/p>\n<p>La jornada tuvo una fuerte impronta PYME desde el inicio, con la marca discursiva del intendente de Humberto Z\u00faccaro y del Jefe de Gabinete, Federico Ach\u00e1val, quien marc\u00f3 el desaf\u00edo y la responsabilidad de los gobiernos en todos sus niveles est\u00e1 en \u201cllevar el crecimiento al desarrollo, que no es s\u00f3lo econ\u00f3mico sino tambi\u00e9n y principalmente social y humano\u201d.<\/p>\n<p>Del evento participaron el presidente Confederaci\u00f3n Argentina de la Mediana Empresa (CAME), Osvaldo Cornide; el presidente de la Federaci\u00f3n Argentina de Parques Industriales (FAPI), Edgardo G\u00e1mbaro; el director nacional de Desarrollo Regional del Ministerio de Industria de la Naci\u00f3n, Rodolfo G\u00e1mes; el secretario de Turismo de la provincia de Buenos Aires, Ignacio Crotto, en representaci\u00f3n del gobernador Daniel Scioli, y el director ejecutivo de la Fundaci\u00f3n Exportar, Leonardo Boto.<\/p>\n<p>La ministra de Industria de la Naci\u00f3n, D\u00e9bora Giorgi, hizo llegar su saludo por medio de un video debido a que viaj\u00f3 a M\u00e9xico en una misi\u00f3n oficial. En su mensaje Giorgi subray\u00f3 que el impulso a los parques industriales \u201ces uno de los ejes de la pol\u00edtica de reindustrializaci\u00f3n que impulsa el gobierno nacional desde hace doce a\u00f1os\u201d.<\/p>\n<p>Posteriormente se formaliz\u00f3 la presentaci\u00f3n de la Red Latinoamericana de Parques, de la que tomaron parte Ach\u00e1val, G\u00e1mbaro, Luna, el ministro de la Producci\u00f3n de Salta, Baltasar Saravia; el director ejecutivo del Ente de Promoci\u00f3n Pilar, Mariano Mussa, y el embajador Hugo Varsky, asesor especial sobre Integraci\u00f3n del Ministerio de Relaciones Exteriores, Comercio Internacional y Culto de la Naci\u00f3n.<\/p>\n<p>En otro tramo del desarrollo del Encuentro, el senador y ex candidato presidencial uruguayo Luis Lacalle Pou debati\u00f3 sobre \u201cProcesos de integraci\u00f3n regional y desarrollo industrial\u201d con el dirigente industrial Jos\u00e9 Urtubey, con la moderaci\u00f3n de Mauricio Carradini, ex asesor de Comunicaciones de la Presidencia de Colombia.<\/p>\n<p>Lacalle describi\u00f3 y coment\u00f3 desde la perspectiva de su pa\u00eds algunos aspectos del funcionamiento del Mercado Com\u00fan del Cono Sur (MERCOSUR) y de las relaciones entre las naciones que lo integran, al tiempo que exhort\u00f3 a profundizar los v\u00ednculos entre los \u00e1mbitos estatales y privados al interior de cada una de ellas.<\/p>\n<p>Por su parte, Urtubey record\u00f3 la evoluci\u00f3n de la econom\u00eda internacional a partir de la crisis de 1929 y la inserci\u00f3n de los Estados en las decisiones vinculadas al desarrollo de los respectivos pa\u00edses y postul\u00f3 que en la actualidad la principal caracter\u00edstica es el relacionamiento entre las regiones, por lo que llam\u00f3 a revitalizar el Mercosur y a reconocer sus diferencias de potencial y posibilidades, con la mira puesta en promover el desarrollo sostenible.<\/p>\n<p>Por la tarde, el intendente municipal de Pilar, doctor Humberto Z\u00faccaro, se hizo presente en el Encuentro; entreg\u00f3 el diploma de visitante ilustre del Partido al dirigente pol\u00edtico, fil\u00f3sofo y escritor chileno Marco Enr\u00edquez Ominami y, al dirigir la palabra a los presentes, record\u00f3 que en 2003, cuando accedi\u00f3 a su cargo, \u201cse hab\u00edan cerrado en Pilar no menos de 90 f\u00e1bricas, un 20% de la poblaci\u00f3n ten\u00eda necesidades b\u00e1sicas insatisfechas y la desocupaci\u00f3n rondaba el 24%\u201d.<\/p>\n<p>Z\u00faccaro destac\u00f3 logros tales como el crecimiento del Parque Industrial pilarense, que \u2013dijo- \u201cya nos qued\u00f3 chico\u201d; la Unidad Municipal de Gesti\u00f3n Educativa, con 90 cursos orientados a recuperar \u201cla autoestima en la capacidad de trabajo propia\u201d, y la presencia de la Universidad Tecnol\u00f3gica Nacional (UTN) en el Parque Industrial, con tres carreras t\u00e9cnicas de r\u00e1pida demanda.<\/p>\n<p>\u201cMi obligaci\u00f3n es seguir trabajando por la promoci\u00f3n social, el empleo y la industria\u201d, resumi\u00f3.<\/p>\n<p>Finalmente, Enr\u00edquez Ominami habl\u00f3 sobre \u201cProcesos de integraci\u00f3n regional, pol\u00edtica exterior chilena con sus vecinos y desigualdad de los sistemas econ\u00f3micos\u201d, en un esquema de preguntas y respuestas compartido con el director del diario El Cronista Comercial, Fernando Gonz\u00e1lez.<\/p>\n<p>El dirigente chileno sostuvo que \u201cno hay manera de que Chile se industrialice sino mirando a la Argentina\u201d y que \u201cel \u2018milagro chileno\u2019 no se hizo s\u00f3lo por los chilenos, sino que, por ejemplo, el presidente Sebasti\u00e1n Pi\u00f1era goz\u00f3 de precios alt\u00edsimos de los tres principales productos de exportaci\u00f3n del pa\u00eds: el cobre, la madera y el salm\u00f3n\u201d.<\/p>\n<p>\u201cEn Am\u00e9rica latina la derecha suele obsesionarse con un gobierno de eficiencia, pero eso aqu\u00ed no alcanza\u201d, a\u00f1adi\u00f3, y tras recordar que alguien dijo alguna vez que \u201cChile es la Corea del Norte del capitalismo\u201d, por lo extremo de sus posturas, record\u00f3 que \u201cen Chile toda la educaci\u00f3n superior es paga, y no es cierto que el sistema es igual al de los Estados Unidos, porque all\u00ed existen los colleges gratuitos\u201d.<\/p>\n<h6>Fuente: InfoCielo<\/h6>\n","protected":false},"excerpt":{"rendered":"<p>Funcionarios nacionales, provinciales y municipales convergieron ayer en Pilar durante el 2\u00b0 Encuentro Internacional de Parques Industriales, Tecnol\u00f3gicos y Log\u00edsticos que junto representantes de organizaciones empresariales de la Argentina y del exterior. Funcionarios y autoridades nacionales, provinciales y del municipio de Pilar coincidieron ayer en la apertura del 2\u00b0 Encuentro Internacional de Parques Industriales, Tecnol\u00f3gicos<\/p>\n","protected":false},"author":2,"featured_media":36306,"comment_status":"closed","ping_status":"closed","sticky":false,"template":"","format":"standard","meta":{"footnotes":""},"categories":[2],"tags":[12],"class_list":["post-36305","post","type-post","status-publish","format-standard","has-post-thumbnail","hentry","category-informe-municipal","tag-buenos-aires"],"_links":{"self":[{"href":"http:\/\/argentinamunicipal.com.ar\/argentina\/wp-json\/wp\/v2\/posts\/36305","targetHints":{"allow":["GET"]}}],"collection":[{"href":"http:\/\/argentinamunicipal.com.ar\/argentina\/wp-json\/wp\/v2\/posts"}],"about":[{"href":"http:\/\/argentinamunicipal.com.ar\/argentina\/wp-json\/wp\/v2\/types\/post"}],"author":[{"embeddable":true,"href":"http:\/\/argentinamunicipal.com.ar\/argentina\/wp-json\/wp\/v2\/users\/2"}],"replies":[{"embeddable":true,"href":"http:\/\/argentinamunicipal.com.ar\/argentina\/wp-json\/wp\/v2\/comments?post=36305"}],"version-history":[{"count":0,"href":"http:\/\/argentinamunicipal.com.ar\/argentina\/wp-json\/wp\/v2\/posts\/36305\/revisions"}],"wp:featuredmedia":[{"embeddable":true,"href":"http:\/\/argentinamunicipal.com.ar\/argentina\/wp-json\/wp\/v2\/media\/36306"}],"wp:attachment":[{"href":"http:\/\/argentinamunicipal.com.ar\/argentina\/wp-json\/wp\/v2\/media?parent=36305"}],"wp:term":[{"taxonomy":"category","embeddable":true,"href":"http:\/\/argentinamunicipal.com.ar\/argentina\/wp-json\/wp\/v2\/categories?post=36305"},{"taxonomy":"post_tag","embeddable":true,"href":"http:\/\/argentinamunicipal.com.ar\/argentina\/wp-json\/wp\/v2\/tags?post=36305"}],"curies":[{"name":"wp","href":"https:\/\/api.w.org\/{rel}","templated":true}]}}