{"id":36308,"date":"2015-09-11T09:11:01","date_gmt":"2015-09-11T12:11:01","guid":{"rendered":"http:\/\/argentinamunicipal.com.ar\/argentina\/?p=36308"},"modified":"2015-09-11T09:11:01","modified_gmt":"2015-09-11T12:11:01","slug":"mar-del-plata-invertiran-mas-de-540-millones-para-ampliar-el-gasoducto-de-la-costa","status":"publish","type":"post","link":"http:\/\/argentinamunicipal.com.ar\/argentina\/mar-del-plata-invertiran-mas-de-540-millones-para-ampliar-el-gasoducto-de-la-costa\/","title":{"rendered":"Mar del Plata: Invertir\u00e1n m\u00e1s de $540 millones para ampliar el gasoducto de la costa"},"content":{"rendered":"<p><a href=\"http:\/\/argentinamunicipal.com.ar\/argentina\/wp-content\/uploads\/2015\/09\/gas.jpg\"><img loading=\"lazy\" decoding=\"async\" class=\"aligncenter size-full wp-image-36309\" src=\"http:\/\/argentinamunicipal.com.ar\/argentina\/wp-content\/uploads\/2015\/09\/gas.jpg\" alt=\"gas\" width=\"610\" height=\"407\" srcset=\"http:\/\/argentinamunicipal.com.ar\/argentina\/wp-content\/uploads\/2015\/09\/gas.jpg 610w, http:\/\/argentinamunicipal.com.ar\/argentina\/wp-content\/uploads\/2015\/09\/gas-300x200.jpg 300w\" sizes=\"auto, (max-width: 610px) 100vw, 610px\" \/><\/a><br \/>\nPulti firm\u00f3 con el ministro De Vido un importante convenio para la ampliaci\u00f3n del gasoducto de la costa.<\/p>\n<p>&nbsp;<\/p>\n<p>El intendente Gustavo Pulti firm\u00f3 en la tarde de ayer, con el ministro de Planificaci\u00f3n Federal, Julio De Vido un importante convenio para la realizaci\u00f3n de la ampliaci\u00f3n del gasoducto de la costa. La inversi\u00f3n ser\u00e1 de m\u00e1s de 544 millones de pesos. Del acto particip\u00f3 Julio De Vido y el Titular del Energas Antonio Pronsato.<\/p>\n<p>La obra consiste en la construcci\u00f3n de un tramo de 18 kil\u00f3metros de Loop de 20 pulgadas en el tramo El Chourron y Las Armas, una estaci\u00f3n compresora de 2.400 HP en las Armas y 15 Km de gasoducto entre las dos plantas reguladores de entrada a Mar del Plata La Invernada y El Tejado. Las obras ampliar\u00e1n la capacidad de transporte en un 30 por ciento pasando de 4,6 a 6 millones de metros c\u00fabicos por d\u00eda.<\/p>\n<p>Actualmente el sistema abastece a 410 mil hogares, luego de la obra, 84 mil nuevos hogares podr\u00e1n ser conectados a la red de gas de los cuales 28.300 son de la ciudad, garantizando el abastecimiento a industrias y comercios.<\/p>\n<p>En este marco Pulti manifest\u00f3: \u00abEste gasoducto era imprescindible y tambi\u00e9n impostergable: han crecido mucho la construcci\u00f3n y la industria. Para seguir desarroll\u00e1ndonos necesit\u00e1bamos esta expansi\u00f3n que hemos venido gestionando ante el ministerios de Infraestructura junto con el Foro de la Construcci\u00f3n y la Industria de Mar del Plata. Hay nuevos emprendimientos que necesitan m\u00e1s servicios. Ahora contaremos con una inversi\u00f3n que ya se licita y nos permitir\u00e1 seguir adelante. Las cosas tienen que tener su coherencia, cuando decimos que Mar del Plata tiene que tener una buena relaci\u00f3n de trabajo con la Naci\u00f3n decimos esto es gestionar los intereses estrat\u00e9gicos de la ciudad con visi\u00f3n de futuro.<\/p>\n<p>En ese marco Pulti agreg\u00f3 que hay algunos que con mucha soberbia e ignorancia dicen que si son gobierno no se mover\u00e1n nunca de su despacho. Pobre Mar del Plata si la a\u00edslan. Ser\u00eda un salto para atr\u00e1s muy injusto para nuestra gente. Para resolver los problemas hay que moverse, gestionar, apoyarse en las capacidades de todos y conseguir recursos todo el tiempo. Este gasoducto dar\u00e1 trabajo en su construcci\u00f3n porque es otra obras m\u00e1s. Pero por sobre todo garantizar\u00e1 que se puedan seguir haciendo obras privadas y p\u00fablicas y que se pueda abastecer el crecimiento de la industria\u00bb.<\/p>\n<h6>Fuente: La Capital, Mar del Plata<\/h6>\n","protected":false},"excerpt":{"rendered":"<p>Pulti firm\u00f3 con el ministro De Vido un importante convenio para la ampliaci\u00f3n del gasoducto de la costa. &nbsp; El intendente Gustavo Pulti firm\u00f3 en la tarde de ayer, con el ministro de Planificaci\u00f3n Federal, Julio De Vido un importante convenio para la realizaci\u00f3n de la ampliaci\u00f3n del gasoducto de la costa. La inversi\u00f3n ser\u00e1<\/p>\n","protected":false},"author":2,"featured_media":36309,"comment_status":"closed","ping_status":"closed","sticky":false,"template":"","format":"standard","meta":{"footnotes":""},"categories":[2],"tags":[12],"class_list":["post-36308","post","type-post","status-publish","format-standard","has-post-thumbnail","hentry","category-informe-municipal","tag-buenos-aires"],"_links":{"self":[{"href":"http:\/\/argentinamunicipal.com.ar\/argentina\/wp-json\/wp\/v2\/posts\/36308","targetHints":{"allow":["GET"]}}],"collection":[{"href":"http:\/\/argentinamunicipal.com.ar\/argentina\/wp-json\/wp\/v2\/posts"}],"about":[{"href":"http:\/\/argentinamunicipal.com.ar\/argentina\/wp-json\/wp\/v2\/types\/post"}],"author":[{"embeddable":true,"href":"http:\/\/argentinamunicipal.com.ar\/argentina\/wp-json\/wp\/v2\/users\/2"}],"replies":[{"embeddable":true,"href":"http:\/\/argentinamunicipal.com.ar\/argentina\/wp-json\/wp\/v2\/comments?post=36308"}],"version-history":[{"count":0,"href":"http:\/\/argentinamunicipal.com.ar\/argentina\/wp-json\/wp\/v2\/posts\/36308\/revisions"}],"wp:featuredmedia":[{"embeddable":true,"href":"http:\/\/argentinamunicipal.com.ar\/argentina\/wp-json\/wp\/v2\/media\/36309"}],"wp:attachment":[{"href":"http:\/\/argentinamunicipal.com.ar\/argentina\/wp-json\/wp\/v2\/media?parent=36308"}],"wp:term":[{"taxonomy":"category","embeddable":true,"href":"http:\/\/argentinamunicipal.com.ar\/argentina\/wp-json\/wp\/v2\/categories?post=36308"},{"taxonomy":"post_tag","embeddable":true,"href":"http:\/\/argentinamunicipal.com.ar\/argentina\/wp-json\/wp\/v2\/tags?post=36308"}],"curies":[{"name":"wp","href":"https:\/\/api.w.org\/{rel}","templated":true}]}}