{"id":36314,"date":"2015-09-11T09:17:42","date_gmt":"2015-09-11T12:17:42","guid":{"rendered":"http:\/\/argentinamunicipal.com.ar\/argentina\/?p=36314"},"modified":"2015-09-11T09:17:42","modified_gmt":"2015-09-11T12:17:42","slug":"crearan-el-plan-municipal-de-lenguaje-no-sexista-en-santa-fe","status":"publish","type":"post","link":"http:\/\/argentinamunicipal.com.ar\/argentina\/crearan-el-plan-municipal-de-lenguaje-no-sexista-en-santa-fe\/","title":{"rendered":"Crear\u00e1n el Plan Municipal de Lenguaje No Sexista en Santa fe"},"content":{"rendered":"<p><a href=\"http:\/\/argentinamunicipal.com.ar\/argentina\/wp-content\/uploads\/2015\/09\/87173_santa-fe.jpg\"><img loading=\"lazy\" decoding=\"async\" class=\"aligncenter size-full wp-image-36315\" src=\"http:\/\/argentinamunicipal.com.ar\/argentina\/wp-content\/uploads\/2015\/09\/87173_santa-fe.jpg\" alt=\"87173_santa-fe\" width=\"544\" height=\"293\" srcset=\"http:\/\/argentinamunicipal.com.ar\/argentina\/wp-content\/uploads\/2015\/09\/87173_santa-fe.jpg 544w, http:\/\/argentinamunicipal.com.ar\/argentina\/wp-content\/uploads\/2015\/09\/87173_santa-fe-300x162.jpg 300w\" sizes=\"auto, (max-width: 544px) 100vw, 544px\" \/><\/a><br \/>\nEl Concejo Municipal aval\u00f3 la propuesta que plantea erradicar expresiones sexistas hacia la mujer en el \u00e1mbito de la administraci\u00f3n municipal. La concejala Vanesa Oddi fue la autora del Proyecto.<\/p>\n<p>En otro de los temas que prosperaron en la reuni\u00f3n legislativa de hoy, los Concejales aprobaron la creaci\u00f3n del \u00abPlan Municipal de Lenguaje No Sexista\u00bb, con el objetivo de \u00abgarantizar y promover la erradicaci\u00f3n de expresiones, im\u00e1genes y comunicaciones sexistas o discriminatorias hacia las mujeres en el \u00e1mbito municipal\u00bb. El Proyecto de Ordenanza, que cont\u00f3 con el aval de todos los Concejales que componen el Cuerpo, fue presentado por la concejala Vanesa Oddi (FPCyS-PS).<\/p>\n<p>De esta manera, se intenta fomentar los valores de igualdad entre los sexos a trav\u00e9s del lenguaje y se busca la integraci\u00f3n de la perspectiva de g\u00e9nero en todas las dependencias administrativas.<\/p>\n<p>En el Recinto, Oddi explic\u00f3 que \u00abel sexismo en el lenguaje es una de las manifestaciones m\u00e1s claras de trato no igualitario entre varones y mujeres en la sociedad. Por eso, la sensibilidad y la adecuaci\u00f3n de formas ling\u00fc\u00edsticas ha ido a la par de los cambios sociales en papel de las mujeres y de los varones en la sociedad, cambios que tienden, desde una perspectiva de los derechos humanos, a un trato cada vez m\u00e1s equilibrado y justo\u00bb, indic\u00f3.<\/p>\n<p>La Concejala continu\u00f3 diciendo que \u00abcon esta normativa estamos modificando, no solamente la ambig\u00fcedad en la interpretaci\u00f3n de una palabra, sino que adem\u00e1s estamos aportando a modificar la asimetr\u00eda de trato de mujeres y varones\u00bb. Y complet\u00f3: \u00abLas palabras no son ni inocentes ni impunes, que cuando nombramos, pensamos, decimos y hacemos, y por eso hay que tener much\u00edsimo cuidado con ellas, porque si no las respetamos, no nos respetamos a nosotras y a nosotros mismos\u00bb, apunt\u00f3 Vanesa Oddi.<\/p>\n<h6>Fuente: Sin Mordaza<\/h6>\n","protected":false},"excerpt":{"rendered":"<p>El Concejo Municipal aval\u00f3 la propuesta que plantea erradicar expresiones sexistas hacia la mujer en el \u00e1mbito de la administraci\u00f3n municipal. La concejala Vanesa Oddi fue la autora del Proyecto. En otro de los temas que prosperaron en la reuni\u00f3n legislativa de hoy, los Concejales aprobaron la creaci\u00f3n del \u00abPlan Municipal de Lenguaje No Sexista\u00bb,<\/p>\n","protected":false},"author":2,"featured_media":36315,"comment_status":"closed","ping_status":"closed","sticky":false,"template":"","format":"standard","meta":{"footnotes":""},"categories":[2],"tags":[10],"class_list":["post-36314","post","type-post","status-publish","format-standard","has-post-thumbnail","hentry","category-informe-municipal","tag-santa-fe"],"_links":{"self":[{"href":"http:\/\/argentinamunicipal.com.ar\/argentina\/wp-json\/wp\/v2\/posts\/36314","targetHints":{"allow":["GET"]}}],"collection":[{"href":"http:\/\/argentinamunicipal.com.ar\/argentina\/wp-json\/wp\/v2\/posts"}],"about":[{"href":"http:\/\/argentinamunicipal.com.ar\/argentina\/wp-json\/wp\/v2\/types\/post"}],"author":[{"embeddable":true,"href":"http:\/\/argentinamunicipal.com.ar\/argentina\/wp-json\/wp\/v2\/users\/2"}],"replies":[{"embeddable":true,"href":"http:\/\/argentinamunicipal.com.ar\/argentina\/wp-json\/wp\/v2\/comments?post=36314"}],"version-history":[{"count":0,"href":"http:\/\/argentinamunicipal.com.ar\/argentina\/wp-json\/wp\/v2\/posts\/36314\/revisions"}],"wp:featuredmedia":[{"embeddable":true,"href":"http:\/\/argentinamunicipal.com.ar\/argentina\/wp-json\/wp\/v2\/media\/36315"}],"wp:attachment":[{"href":"http:\/\/argentinamunicipal.com.ar\/argentina\/wp-json\/wp\/v2\/media?parent=36314"}],"wp:term":[{"taxonomy":"category","embeddable":true,"href":"http:\/\/argentinamunicipal.com.ar\/argentina\/wp-json\/wp\/v2\/categories?post=36314"},{"taxonomy":"post_tag","embeddable":true,"href":"http:\/\/argentinamunicipal.com.ar\/argentina\/wp-json\/wp\/v2\/tags?post=36314"}],"curies":[{"name":"wp","href":"https:\/\/api.w.org\/{rel}","templated":true}]}}