{"id":36321,"date":"2015-09-11T09:22:28","date_gmt":"2015-09-11T12:22:28","guid":{"rendered":"http:\/\/argentinamunicipal.com.ar\/argentina\/?p=36321"},"modified":"2015-09-11T09:22:28","modified_gmt":"2015-09-11T12:22:28","slug":"provincia-y-municipio-construiran-la-nueva-red-de-agua-potable-para-balnearia","status":"publish","type":"post","link":"http:\/\/argentinamunicipal.com.ar\/argentina\/provincia-y-municipio-construiran-la-nueva-red-de-agua-potable-para-balnearia\/","title":{"rendered":"Provincia y municipio construir\u00e1n la nueva red de agua potable para Balnearia"},"content":{"rendered":"<p><a href=\"http:\/\/argentinamunicipal.com.ar\/argentina\/wp-content\/uploads\/2015\/09\/Balnearia.jpg\"><img loading=\"lazy\" decoding=\"async\" class=\"aligncenter size-full wp-image-36322\" src=\"http:\/\/argentinamunicipal.com.ar\/argentina\/wp-content\/uploads\/2015\/09\/Balnearia.jpg\" alt=\"Balnearia\" width=\"620\" height=\"382\" srcset=\"http:\/\/argentinamunicipal.com.ar\/argentina\/wp-content\/uploads\/2015\/09\/Balnearia.jpg 620w, http:\/\/argentinamunicipal.com.ar\/argentina\/wp-content\/uploads\/2015\/09\/Balnearia-300x185.jpg 300w\" sizes=\"auto, (max-width: 620px) 100vw, 620px\" \/><\/a><br \/>\nEl intendente Vicente Costamagna confirm\u00f3 que la fuente de captaci\u00f3n es \u00f3ptima y servir\u00e1 para abastecer al pueblo.<\/p>\n<p>El intendente de Balnearia, Vicente Costamagna, confirm\u00f3 a LA MA\u00d1ANA que se encontr\u00f3 agua de calidad, apta el consumo humano en el ejido urbano local.<\/p>\n<p>Por esta raz\u00f3n, Costamagna decidi\u00f3 reunirse con autoridades provinciales para definir detalles de la construcci\u00f3n de la planta de potabilizaci\u00f3n y la respectiva red domiciliaria que se concretar\u00edan en el marco de un proyecto conjunto.<\/p>\n<p>\u201cEst\u00e1 terminado el pozo de agua. Los an\u00e1lisis que se han hecho desde el sector privado han dado bien aunque las autoridades del Ministerio de Agua, Ambiente y Servicios P\u00fablicos est\u00e1n esperando los \u00faltimos resultados del Ceprocor para aprobar esta fuente de abastecimiento\u201d, se\u00f1al\u00f3 el jefe comunal.<\/p>\n<p>Balnearia fue uno de los pueblos de San Justo que m\u00e1s problemas sufri\u00f3 con la inundaci\u00f3n de principios de a\u00f1o.<\/p>\n<p>El mandatario indic\u00f3 que tiene prevista una audiencia con el secretario de Recursos H\u00eddricos y Coordinaci\u00f3n, Edgar Castell\u00f3, con quien espera definir la concreci\u00f3n de la obra que podr\u00eda iniciarse antes de fin de a\u00f1o. Tras la gran inundaci\u00f3n que afect\u00f3 notablemente a la localidad de Balnearia qued\u00f3 al descubierto el hist\u00f3rico problema de la falta de agua apropiada para el uso humano, ya que los pozos domiciliarios la toman de acu\u00edferos con un alto nivel de salinidad y con la presencia de ars\u00e9nico.<\/p>\n<p>Esto motiv\u00f3 la reacci\u00f3n del gobierno provincial que envi\u00f3 a fines de mayo un equipo de ge\u00f3logos del Ministerio de Agua, Ambiente y Servicios P\u00fablicos de C\u00f3rdoba. Este grupo de t\u00e9cnicos comenz\u00f3 a buscar en el subsuelo dep\u00f3sitos de agua de calidad, con el objetivo de proveer a todo el pueblo de manera constante y sustentable en el tiempo.<\/p>\n<p>Luego, una empresa privada comenz\u00f3 los trabajos de perforaci\u00f3n para extraerla.<\/p>\n<p>Costamagna refiri\u00f3 que el proyecto contempla la construcci\u00f3n de la planta potabilizadora y la red de distribuci\u00f3n, aunque aclar\u00f3 que a\u00fan no hay un presupuesto estimado de la inversi\u00f3n que har\u00e1n en forma conjunta la Provincia y el municipio.<\/p>\n<p>\u201cNo tenemos presupuesto pero lo que si hab\u00edamos acordado es que de una parte de la obra se har\u00eda cargo la Provincia y de la otra la Municipalidad\u201d, expres\u00f3 el jefe comunal.<\/p>\n<p><strong>Obra hist\u00f3rica<\/strong><\/p>\n<p>La realizaci\u00f3n de la red de agua potable ser\u00e1 la obra m\u00e1s importante de la historia para la localidad, ya que permitir\u00e1 satisfacer la demanda de alrededor de 7.800 habitantes.<\/p>\n<p>Despu\u00e9s de la inundaci\u00f3n de febrero se hizo un relevamiento en distintos puntos del pueblo, que estableci\u00f3 que el nivel de ars\u00e9nico presente en el agua de consumo para los habitantes de esta localidad aument\u00f3 sensiblemente luego de la gran inundaci\u00f3n.<\/p>\n<p>Hasta ahora los vecinos de Balnearia deben afrontar un alto costo econ\u00f3mico para consumir agua apta, ya que en la mayor\u00eda de los hogares se apela a la compra de agua envasada para satisfacer las necesidades elementales como preparaci\u00f3n de alimentos y bebida.<\/p>\n<p>La concreci\u00f3n de esta obra servir\u00e1 para compensar tambi\u00e9n los graves problemas sufridos este a\u00f1o por la inmensa mayor\u00eda de los vecinos de esta localidad de San Justo.<\/p>\n<h6>Fuente: La Ma\u00f1ana de C\u00f3rdoba<\/h6>\n","protected":false},"excerpt":{"rendered":"<p>El intendente Vicente Costamagna confirm\u00f3 que la fuente de captaci\u00f3n es \u00f3ptima y servir\u00e1 para abastecer al pueblo. El intendente de Balnearia, Vicente Costamagna, confirm\u00f3 a LA MA\u00d1ANA que se encontr\u00f3 agua de calidad, apta el consumo humano en el ejido urbano local. Por esta raz\u00f3n, Costamagna decidi\u00f3 reunirse con autoridades provinciales para definir detalles<\/p>\n","protected":false},"author":2,"featured_media":36322,"comment_status":"closed","ping_status":"closed","sticky":false,"template":"","format":"standard","meta":{"footnotes":""},"categories":[2],"tags":[3],"class_list":["post-36321","post","type-post","status-publish","format-standard","has-post-thumbnail","hentry","category-informe-municipal","tag-cordoba"],"_links":{"self":[{"href":"http:\/\/argentinamunicipal.com.ar\/argentina\/wp-json\/wp\/v2\/posts\/36321","targetHints":{"allow":["GET"]}}],"collection":[{"href":"http:\/\/argentinamunicipal.com.ar\/argentina\/wp-json\/wp\/v2\/posts"}],"about":[{"href":"http:\/\/argentinamunicipal.com.ar\/argentina\/wp-json\/wp\/v2\/types\/post"}],"author":[{"embeddable":true,"href":"http:\/\/argentinamunicipal.com.ar\/argentina\/wp-json\/wp\/v2\/users\/2"}],"replies":[{"embeddable":true,"href":"http:\/\/argentinamunicipal.com.ar\/argentina\/wp-json\/wp\/v2\/comments?post=36321"}],"version-history":[{"count":0,"href":"http:\/\/argentinamunicipal.com.ar\/argentina\/wp-json\/wp\/v2\/posts\/36321\/revisions"}],"wp:featuredmedia":[{"embeddable":true,"href":"http:\/\/argentinamunicipal.com.ar\/argentina\/wp-json\/wp\/v2\/media\/36322"}],"wp:attachment":[{"href":"http:\/\/argentinamunicipal.com.ar\/argentina\/wp-json\/wp\/v2\/media?parent=36321"}],"wp:term":[{"taxonomy":"category","embeddable":true,"href":"http:\/\/argentinamunicipal.com.ar\/argentina\/wp-json\/wp\/v2\/categories?post=36321"},{"taxonomy":"post_tag","embeddable":true,"href":"http:\/\/argentinamunicipal.com.ar\/argentina\/wp-json\/wp\/v2\/tags?post=36321"}],"curies":[{"name":"wp","href":"https:\/\/api.w.org\/{rel}","templated":true}]}}