{"id":36324,"date":"2015-09-11T09:29:56","date_gmt":"2015-09-11T12:29:56","guid":{"rendered":"http:\/\/argentinamunicipal.com.ar\/argentina\/?p=36324"},"modified":"2015-09-11T09:29:56","modified_gmt":"2015-09-11T12:29:56","slug":"tensa-reunion-entre-senadores-y-la-intersindical-santafesina-por-la-caja","status":"publish","type":"post","link":"http:\/\/argentinamunicipal.com.ar\/argentina\/tensa-reunion-entre-senadores-y-la-intersindical-santafesina-por-la-caja\/","title":{"rendered":"Tensa reuni\u00f3n entre senadores y la Intersindical Santafesina por la Caja"},"content":{"rendered":"<p><a href=\"http:\/\/argentinamunicipal.com.ar\/argentina\/wp-content\/uploads\/2015\/09\/133570_figth.jpg\"><img loading=\"lazy\" decoding=\"async\" class=\"aligncenter  wp-image-36325\" src=\"http:\/\/argentinamunicipal.com.ar\/argentina\/wp-content\/uploads\/2015\/09\/133570_figth.jpg\" alt=\"133570_figth\" width=\"669\" height=\"395\" srcset=\"http:\/\/argentinamunicipal.com.ar\/argentina\/wp-content\/uploads\/2015\/09\/133570_figth.jpg 1024w, http:\/\/argentinamunicipal.com.ar\/argentina\/wp-content\/uploads\/2015\/09\/133570_figth-300x177.jpg 300w\" sizes=\"auto, (max-width: 669px) 100vw, 669px\" \/><\/a><\/p>\n<p>Los dirigentes de la Intersindical prefieren no opinar sobre la deuda de la Naci\u00f3n con la Caja de Jubilaciones de Santa Fe.<\/p>\n<p>Sin periodistas, ni sonrisas; con gestos adustos y los labios apretados. As\u00ed se desarroll\u00f3 la reuni\u00f3n -a puertas cerradas- entre los dirigentes de la Comisi\u00f3n Intersindical y apenas cinco de los 19 senadores que el jueves pasado aprobaron una preferencia para crear una Comisi\u00f3n Bicameral, con el objetivo de enfrentar el d\u00e9ficit de la Caja de Jubilaciones y Pensiones, en el marco de una eventual reforma previsional.<\/p>\n<p>El encuentro -que result\u00f3 tenso y breve- fue convocado por el vicegobernador Jorge Henn, quien invit\u00f3 a esa entidad, que re\u00fane a casi todos los gremios estatales (menos a UPCN), tras sus expresiones contra la posibilidad de que el proyecto avance.<\/p>\n<p>Adem\u00e1s de Henn, estuvieron el autor de la iniciativa, Joaqu\u00edn Gramajo (PJ-9 de Julio), Jos\u00e9 Baucero (PJ-San Javier) y Alberto Crosetti (PJ-Belgrano). Tambi\u00e9n el jefe del bloque del oficialismo Felipe Michlig (UCR-San Crist\u00f3bal) y Lisandro Enrico (UCR-General L\u00f3pez). Llam\u00f3 la atenci\u00f3n la ausencia del gobernador electo, Miguel Lifschitz (PS-Rosario).<\/p>\n<p>Por los gremios hubo decenas de dirigentes, y al salir de la Legislatura hablaron con los periodistas: Claudio Leoni, el titular de la Federaci\u00f3n de Sindicatos de Trabajadores Municipales de la Provincia de Santa Fe (Festram), y Patricia Mounier, secretaria adjunta del Sindicato Argentino de Docentes Particulares (Sadop).<\/p>\n<p><strong>Inc\u00f3modos<\/strong><\/p>\n<p>La sola posibilidad de que la Legislatura constituya una Comisi\u00f3n Bicameral para analizar una eventual reforma previsional -algo que requiere del consenso de las dos C\u00e1maras y de un arduo debate entre bloques y dirigentes del oficialismo y la oposici\u00f3n-, ya dispar\u00f3 la alarma en los gremios reunidos en la Intersindical Estatal.<\/p>\n<p>Las caras serias de esta ma\u00f1ana de los dirigentes gremiales -la mayor\u00eda enrolados en el Kirchnerismo- mostraban una doble incomodidad. Por una parte, son justicialistas los senadores que impulsan la Comisi\u00f3n; por otra, los senadores oficialistas, el vicegobernador Jorge Henn y el ministro de Gobierno, Rub\u00e9n Galassi, les han recordado que es el gobierno nacional quien le debe a Santa Fe unos 2.000 millones de pesos, precisamente porque en los \u201890 no fue transferida la Caja, cuyos beneficiarios son sus afiliados. Y que con ese mismo argumento se le descuenta el 13% de su coparticipaci\u00f3n.<\/p>\n<p><strong>Rechazo<\/strong><\/p>\n<p>\u201cCumplimos con esta convocatoria que nos hizo el Senado, para mantener el di\u00e1logo que corresponde. Y les ratificamos la posici\u00f3n que ya adopt\u00f3 la Comisi\u00f3n Intersindical de rechazar absolutamente cualquier intento de reforma al r\u00e9gimen previsional y esto tambi\u00e9n nos permiti\u00f3 manifestarles a los senadores nuestra discrepancia con las formas, con el modo y la oportunidad de crear esta Comisi\u00f3n\u201d, dijo Leoni, ex subsecretario de Asuntos Municipales de la Naci\u00f3n.<\/p>\n<p>Asegur\u00f3 que la decisi\u00f3n de impulsar la Comisi\u00f3n Bicameral \u201calter\u00f3 a los trabajadores y a los compa\u00f1eros jubilados: cuando se habla de reforma, todos sabemos lo que significa\u201d, dijo.<\/p>\n<p>\u201cNo vamos a participar de ninguna forma de comisi\u00f3n. Para nosotros est\u00e1 todo funcionando bien. Los datos con que se manejan los legisladores carecen de rigor t\u00e9cnico y cient\u00edfico\u201d, asegur\u00f3.<\/p>\n<p>\u201cTodos los a\u00f1os se quiere instalar que el problema de la Provincia es la Caja y esto nos tiene un poco cansados. Hay un malestar innecesario entre los trabajadores\u201d, se\u00f1al\u00f3.<\/p>\n<p>\u201cNo parece una situaci\u00f3n muy grave el habernos enterado por los medios, como el resto de los ciudadanos, de la existencia de este proyecto\u201d, dijo Patricia Mounier. Y neg\u00f3 que los gremios hayan sido convocados por las autoridades de la Caja.<\/p>\n<p>\u201cTodo el mundo tiene derecho a suponer que se est\u00e1 tramando un ajuste; tenemos derecho a suponer que las intenciones son de perjudicar a los trabajadores\u201d, agreg\u00f3.<br \/>\n\u201cNo hay d\u00e9ficit, sino mala administraci\u00f3n\u201d<\/p>\n<p>\u201cNo vamos a coincidir nunca con la palabra d\u00e9ficit\u201d, respecto del resultado final de las cuentas en la Caja de Jubilaciones santafesina, dijo esta ma\u00f1ana Claudio Leoni, en representaci\u00f3n de la Comisi\u00f3n Intersindical.<\/p>\n<p>\u2014\u00bfNo existe una deuda nacional con Santa Fe por la no transferencia de la Caja?<\/p>\n<p>\u2014Lo tiene que discutir el gobierno provincial. Si existe o no deuda, eso no depende de los trabajadores p\u00fablicos activos o pasivos. No quiero entrar en ese an\u00e1lisis t\u00e9cnico. Nosotros venimos peleando por mantener el sistema previsional desde los \u201890, de la \u00e9poca de Reutemann y Cavallo, cuando quer\u00edan transferir la Caja.<\/p>\n<p>\u2014\u00bfEs justo que el gobierno nacional descuente a Santa Fe el 13% de su coparticipaci\u00f3n sin que se compense el d\u00e9ficit de su Caja?<\/p>\n<p>\u2014Mire yo no quiero opinar de esto, de lo que estoy absolutamente seguro es de que a nosotros no nos corresponde hacer lo que dijo el ministro Galassi, que nosotros tengamos que ir a pedirle a la Naci\u00f3n. Estamos advirtiendo que la Caja del sector p\u00fablico, en el sector civil (sin los n\u00fameros deficitarios de los retiros en la Polic\u00eda) no tiene d\u00e9ficit. Esa pelea la tiene que llevar adelante el gobierno, si es que cree que tiene d\u00e9ficit.<\/p>\n<p>\u2014\u00bfNo es com\u00fan que los gremios fijen posici\u00f3n sobre pol\u00edticas nacionales?<\/p>\n<p>\u2014Pero s\u00f3lo puedo darle mi posici\u00f3n personal, no por el conjunto de los trabajadores. Es un tema t\u00e9cnico, hay mucho que discutir&#8230; es parte de lo que se discuti\u00f3 en los \u201890 cuando se exigi\u00f3 cortar el 82% m\u00f3vil, que no hubiera reg\u00edmenes especiales, es muy t\u00e9cnico.<\/p>\n<p>\u2014Es pol\u00edtico, tambi\u00e9n.<\/p>\n<p>\u2014S\u00ed. Por eso luchamos para que la provincia de Santa Fe mantenga su sistema previsional, que sea m\u00e1s justo que el que intentaron transferir Reutemann y Cavallo.<\/p>\n<p>\u2014\u00bfNo son necesarios cambios en la Caja?<\/p>\n<p>\u2014S\u00ed, hay que mejorar el r\u00e9gimen. Pero para eso necesitamos una discusi\u00f3n en serio. Si partimos de la base de culpar a los trabajadores y los jubilados, si la motivaci\u00f3n es que se cree que hay d\u00e9ficit, no es serio.<\/p>\n<p>\u2014\u00bfHoy las jubilaciones no reciben en parte dinero del com\u00fan de los contribuyentes?<\/p>\n<p>\u2014Nosotros planteamos ver con claridad los n\u00fameros. El sector p\u00fablico es superavitario. Se mete en la misma bolsa a los retiros de la Polic\u00eda, no es t\u00e9cnicamente correcto. Nadie muestra un n\u00famero real.<\/p>\n<p>\u2014Hasta aqu\u00ed el gobierno santafesino y los senadores justicialistas hablan de un d\u00e9ficit de unos 2.000 millones.<\/p>\n<p>\u2014S\u00ed pero cambia todos los d\u00edas&#8230; Es mentira, mezclan manzanas y ciruelas.<\/p>\n<p>\u2014Insisto: \u00bfhoy en parte las jubilaciones de los empleados p\u00fablicos se cubren con fondos del tesoro, de los contribuyentes, no de los aportantes?<\/p>\n<p>\u2014Se hace por mala administraci\u00f3n de la Caja. Los que tienen que tomar nota de este asunto son quienes administran.<\/p>\n<p>\u2014Entonces ocurre. \u00bfDe cu\u00e1nto es esa diferencia? \u00bfLo saben?<\/p>\n<p>\u2014No, no queremos discutir t\u00e9cnicamente. Si es necesario elevamos -y de hecho lo hacemos en el Consejo Asesor de la Caja- nuestros informes y nuestros estudios.<\/p>\n<h6>Fuente: El Litoral, Santa Fe<\/h6>\n","protected":false},"excerpt":{"rendered":"<p>Los dirigentes de la Intersindical prefieren no opinar sobre la deuda de la Naci\u00f3n con la Caja de Jubilaciones de Santa Fe. Sin periodistas, ni sonrisas; con gestos adustos y los labios apretados. As\u00ed se desarroll\u00f3 la reuni\u00f3n -a puertas cerradas- entre los dirigentes de la Comisi\u00f3n Intersindical y apenas cinco de los 19 senadores<\/p>\n","protected":false},"author":2,"featured_media":36325,"comment_status":"closed","ping_status":"closed","sticky":false,"template":"","format":"standard","meta":{"footnotes":""},"categories":[7],"tags":[10],"class_list":["post-36324","post","type-post","status-publish","format-standard","has-post-thumbnail","hentry","category-informe-sindical","tag-santa-fe"],"_links":{"self":[{"href":"http:\/\/argentinamunicipal.com.ar\/argentina\/wp-json\/wp\/v2\/posts\/36324","targetHints":{"allow":["GET"]}}],"collection":[{"href":"http:\/\/argentinamunicipal.com.ar\/argentina\/wp-json\/wp\/v2\/posts"}],"about":[{"href":"http:\/\/argentinamunicipal.com.ar\/argentina\/wp-json\/wp\/v2\/types\/post"}],"author":[{"embeddable":true,"href":"http:\/\/argentinamunicipal.com.ar\/argentina\/wp-json\/wp\/v2\/users\/2"}],"replies":[{"embeddable":true,"href":"http:\/\/argentinamunicipal.com.ar\/argentina\/wp-json\/wp\/v2\/comments?post=36324"}],"version-history":[{"count":0,"href":"http:\/\/argentinamunicipal.com.ar\/argentina\/wp-json\/wp\/v2\/posts\/36324\/revisions"}],"wp:featuredmedia":[{"embeddable":true,"href":"http:\/\/argentinamunicipal.com.ar\/argentina\/wp-json\/wp\/v2\/media\/36325"}],"wp:attachment":[{"href":"http:\/\/argentinamunicipal.com.ar\/argentina\/wp-json\/wp\/v2\/media?parent=36324"}],"wp:term":[{"taxonomy":"category","embeddable":true,"href":"http:\/\/argentinamunicipal.com.ar\/argentina\/wp-json\/wp\/v2\/categories?post=36324"},{"taxonomy":"post_tag","embeddable":true,"href":"http:\/\/argentinamunicipal.com.ar\/argentina\/wp-json\/wp\/v2\/tags?post=36324"}],"curies":[{"name":"wp","href":"https:\/\/api.w.org\/{rel}","templated":true}]}}