{"id":36379,"date":"2015-09-12T09:45:46","date_gmt":"2015-09-12T12:45:46","guid":{"rendered":"http:\/\/argentinamunicipal.com.ar\/argentina\/?p=36379"},"modified":"2015-09-12T09:45:46","modified_gmt":"2015-09-12T12:45:46","slug":"tomada-sostuvo-que-el-empleo-tiene-una-estabilidad-desconocida-para-la-argentina","status":"publish","type":"post","link":"http:\/\/argentinamunicipal.com.ar\/argentina\/tomada-sostuvo-que-el-empleo-tiene-una-estabilidad-desconocida-para-la-argentina\/","title":{"rendered":"Tomada sostuvo que el empleo tiene una \u00abestabilidad desconocida para la Argentina\u00bb"},"content":{"rendered":"<p><a href=\"http:\/\/argentinamunicipal.com.ar\/argentina\/wp-content\/uploads\/2015\/09\/150911_empleo2020_1.jpg\"><img loading=\"lazy\" decoding=\"async\" class=\"aligncenter  wp-image-36380\" src=\"http:\/\/argentinamunicipal.com.ar\/argentina\/wp-content\/uploads\/2015\/09\/150911_empleo2020_1.jpg\" alt=\"150911_empleo2020_1\" width=\"646\" height=\"430\" srcset=\"http:\/\/argentinamunicipal.com.ar\/argentina\/wp-content\/uploads\/2015\/09\/150911_empleo2020_1.jpg 1000w, http:\/\/argentinamunicipal.com.ar\/argentina\/wp-content\/uploads\/2015\/09\/150911_empleo2020_1-300x200.jpg 300w\" sizes=\"auto, (max-width: 646px) 100vw, 646px\" \/><\/a><br \/>\nEl ministro de Trabajo subray\u00f3 que el empleo se mantiene estable y que a diferencia de lo que suced\u00eda en el pasado su nivel se sostiene a pesar de las crisis. Destac\u00f3 como un pr\u00f3ximo desaf\u00edo lograr que el trabajo no registrado descienda a cifras de entre 20% y el 25%.<\/p>\n<p>&nbsp;<\/p>\n<p>El ministro de Trabajo de la Naci\u00f3n, Carlos Tomada, reivindic\u00f3 ayer las pol\u00edticas de empleo implementadas por el gobierno nacional al subrayar que mientras que en el pasado las situaciones de crisis econ\u00f3mica provocaban que la desocupaci\u00f3n cayera unos 5 puntos, en la actualidad ese \u00edndice se mantiene \u00abestable\u00bb y en un promedio de entre el 6,5% y el 7,5% en todo el pa\u00eds. Sumado a esto, plante\u00f3 como otro logro haber hecho descender el trabajo no registrado desde el 50% al 31%, aunque reconoci\u00f3 que en este aspecto es necesario obtener nuevos resultados, se\u00f1alando que en los pr\u00f3ximos a\u00f1os este \u00edndice deber\u00eda llegar al orden de entre el 20% y el 25%.<\/p>\n<p>Tomada realiz\u00f3 esta evaluaci\u00f3n al inaugurar ayer en Mar del Plata el \u00abEncuentro de Servicios P\u00fablicos de Empleo\u00bb, organizado por la cartera laboral, para presentar el \u00abPrograma Empleo 2020\u00bb.<\/p>\n<p>En ese marco, el ministro dio a conocer los resultados de las pol\u00edticas aplicadas por su cartera durante el per\u00edodo 2003-2015 y describi\u00f3 cu\u00e1les son los desaf\u00edos a alcanzar durante los pr\u00f3ximos 5 a\u00f1os.<\/p>\n<p>De la actividad, desarrollada en el Hermitage Hotel, tambi\u00e9n participaron la viceministra de Trabajo, Noem\u00ed Rial; el secretario de Empleo, Mat\u00edas Barroetave\u00f1a; el ministro de Trabajo bonaerense, Oscar Cuartango; la directora general de Escuelas, Nora De Luc\u00eda, el senador nacional, Juan Manuel Abal Medina, y la diputada nacional y candidata a intendente de La Matanza, Ver\u00f3nica Magario, adem\u00e1s de la diputada provincial Fernanda Raverta.<\/p>\n<p>En ese marco Tomada le explic\u00f3 a la prensa que actualmente el mercado laboral \u00abtiene una estabilidad desconocida para la Argentina\u00bb ya que cuenta con \u00abuna estructura ocupacional\u00bb en la que existe entre un 6,5% y un 7,5% de desocupaci\u00f3n.<\/p>\n<p>El ministro valor\u00f3 la importancia de esta cifra al recordar que en el pasado, cada vez que el pa\u00eds atravesaba los embates de las crisis econ\u00f3micas experimentaba subas de 5 puntos en el desempleo, lo que provocaba que \u00abmillones de argentinos quedaran en la calle\u00bb.<\/p>\n<p>El funcionario precis\u00f3 que esta es una realidad que tambi\u00e9n se percibe en Mar del Plata, donde m\u00e1s all\u00e1 de \u00ablas subas y las bajas\u00bb en sus indicadores, existe \u00abun gran cambio\u00bb que se advierte especialmente en el retroceso del trabajo no registrado. Tomada explic\u00f3 que a nivel nacional, este \u00edndice disminuy\u00f3 desde el 50% existente en 2003 al 31%. \u00abLos otros gobiernos siempre permitieron que el trabajo no registrado creciera. Nosotros lo hicimos descender en 18 puntos y eso no nos satisface por eso seguimos trabajando fuerte prest\u00e1ndole atenci\u00f3n a los sectores m\u00e1s vulnerables y por eso se dictaron las leyes como las de los trabajadores rurales o la de las trabajadoras de servicio domestico\u00bb, remarc\u00f3. Tomada dijo que seguir reduciendo el trabajo no registrado es uno de los m\u00e1s importantes desaf\u00edos de los pr\u00f3ximos a\u00f1os, asegurando que existen condiciones para lograr que esa cifra se reduzca a niveles de entre el 20% y el 25%.<\/p>\n<p>Por otra parte el ministro explic\u00f3 que entre otros temas, en el encuentro de ayer se analiz\u00f3 de qu\u00e9 manera fortalecer la tarea de las oficinas de empleo existentes en todo el pa\u00eds para mejorar sus servicios como v\u00ednculo entre las empresas y los desocupados. En este sentido destac\u00f3 el hecho de que recientemente el Gobierno Nacional accedi\u00f3 a un cr\u00e9dito de 300 millones de pesos del Banco Mundial, el cual ser\u00e1 utilizado para ampliar la presencia de estas dependencias en todo el pa\u00eds y mejorar sus prestaciones. Como parte de las actividades, durante la ma\u00f1ana se llevaron a cabo distintos paneles con la participaci\u00f3n de intendentes de interior de la Provincia y del Conurbano, que se refirieron a la situaci\u00f3n del empleo en sus distritos. Entre los invitados estuvieron el jefe de la comuna local, Gustavo Pulti, y los intendentes de Tres Arroyos, Villa Gesell, Lincoln y Lober\u00eda. Tambi\u00e9n fueron convocados los jefes comunales Fernando Espinoza (La Matanza); Juan Mussi (Berazategui); Alberto Descalzo (Ituzaing\u00f3); Jorge Ferraresi (Avellaneda); Lucas Ghi (Mor\u00f3n) y Juan Anghileri (General Rodr\u00edguez).<\/p>\n<h6>Fuente: La Capital, Mar del Plata<\/h6>\n","protected":false},"excerpt":{"rendered":"<p>El ministro de Trabajo subray\u00f3 que el empleo se mantiene estable y que a diferencia de lo que suced\u00eda en el pasado su nivel se sostiene a pesar de las crisis. Destac\u00f3 como un pr\u00f3ximo desaf\u00edo lograr que el trabajo no registrado descienda a cifras de entre 20% y el 25%. &nbsp; El ministro de<\/p>\n","protected":false},"author":2,"featured_media":36380,"comment_status":"closed","ping_status":"closed","sticky":false,"template":"","format":"standard","meta":{"footnotes":""},"categories":[8],"tags":[21],"class_list":["post-36379","post","type-post","status-publish","format-standard","has-post-thumbnail","hentry","category-informe-nacional","tag-argentina"],"_links":{"self":[{"href":"http:\/\/argentinamunicipal.com.ar\/argentina\/wp-json\/wp\/v2\/posts\/36379","targetHints":{"allow":["GET"]}}],"collection":[{"href":"http:\/\/argentinamunicipal.com.ar\/argentina\/wp-json\/wp\/v2\/posts"}],"about":[{"href":"http:\/\/argentinamunicipal.com.ar\/argentina\/wp-json\/wp\/v2\/types\/post"}],"author":[{"embeddable":true,"href":"http:\/\/argentinamunicipal.com.ar\/argentina\/wp-json\/wp\/v2\/users\/2"}],"replies":[{"embeddable":true,"href":"http:\/\/argentinamunicipal.com.ar\/argentina\/wp-json\/wp\/v2\/comments?post=36379"}],"version-history":[{"count":0,"href":"http:\/\/argentinamunicipal.com.ar\/argentina\/wp-json\/wp\/v2\/posts\/36379\/revisions"}],"wp:featuredmedia":[{"embeddable":true,"href":"http:\/\/argentinamunicipal.com.ar\/argentina\/wp-json\/wp\/v2\/media\/36380"}],"wp:attachment":[{"href":"http:\/\/argentinamunicipal.com.ar\/argentina\/wp-json\/wp\/v2\/media?parent=36379"}],"wp:term":[{"taxonomy":"category","embeddable":true,"href":"http:\/\/argentinamunicipal.com.ar\/argentina\/wp-json\/wp\/v2\/categories?post=36379"},{"taxonomy":"post_tag","embeddable":true,"href":"http:\/\/argentinamunicipal.com.ar\/argentina\/wp-json\/wp\/v2\/tags?post=36379"}],"curies":[{"name":"wp","href":"https:\/\/api.w.org\/{rel}","templated":true}]}}