{"id":36391,"date":"2015-09-12T09:55:45","date_gmt":"2015-09-12T12:55:45","guid":{"rendered":"http:\/\/argentinamunicipal.com.ar\/argentina\/?p=36391"},"modified":"2015-09-12T09:55:45","modified_gmt":"2015-09-12T12:55:45","slug":"santa-fe-municipio-y-nacion-construyen-nucleos-sanitarios-basicos","status":"publish","type":"post","link":"http:\/\/argentinamunicipal.com.ar\/argentina\/santa-fe-municipio-y-nacion-construyen-nucleos-sanitarios-basicos\/","title":{"rendered":"Santa Fe: Municipio y Naci\u00f3n construyen n\u00facleos sanitarios b\u00e1sicos"},"content":{"rendered":"<p><a href=\"http:\/\/argentinamunicipal.com.ar\/argentina\/wp-content\/uploads\/2015\/09\/Modulos2.jpg_925051666.jpg\"><img loading=\"lazy\" decoding=\"async\" class=\"aligncenter  wp-image-36392\" src=\"http:\/\/argentinamunicipal.com.ar\/argentina\/wp-content\/uploads\/2015\/09\/Modulos2.jpg_925051666.jpg\" alt=\"Modulos2.jpg_925051666\" width=\"628\" height=\"438\" srcset=\"http:\/\/argentinamunicipal.com.ar\/argentina\/wp-content\/uploads\/2015\/09\/Modulos2.jpg_925051666.jpg 789w, http:\/\/argentinamunicipal.com.ar\/argentina\/wp-content\/uploads\/2015\/09\/Modulos2.jpg_925051666-300x209.jpg 300w\" sizes=\"auto, (max-width: 628px) 100vw, 628px\" \/><\/a><br \/>\nEl intendente Jos\u00e9 Corral y el ministro de Defensa de la Naci\u00f3n, Agust\u00edn Rossi, recorrieron las obras para la construcci\u00f3n de 38 n\u00facleos sanitarios b\u00e1sicos en la intersecci\u00f3n de Arist\u00f3bulo del Valle y Matheu. Las obras consisten en un muro medianero, ba\u00f1o y lavadero completo, con conexi\u00f3n de agua y luz.<\/p>\n<p>El intendente Jos\u00e9 Corral y el ministro de Defensa de la Naci\u00f3n, Agust\u00edn Rossi, junto a funcionarios locales y nacionales, recorrieron las obras para la construcci\u00f3n de 38 n\u00facleos sanitarios b\u00e1sicos en terrenos nacionales en barrio Coronel Dorrego, en el sector delimitado por las calles Matheu, 25 de Mayo, Arist\u00f3bulo del Valle y Azcu\u00e9naga.<\/p>\n<p>Cada n\u00facleo est\u00e1 compuesto por un muro medianero, ba\u00f1o y lavadero completo, con conexi\u00f3n de agua y luz. Adem\u00e1s, cuentan con niveles de terminaci\u00f3n b\u00e1sicos, instalaci\u00f3n de gas y electricidad, bajada de agua fr\u00eda y caliente y cerco perimetral.<\/p>\n<p>En este caso, Naci\u00f3n aporta la tierra, los recursos para la compra de los materiales y se realizar\u00e1 la adjudicaci\u00f3n de los lotes a favor de los beneficiarios. Por su parte, el Municipio tiene a su cargo la elaboraci\u00f3n de planos de mensura, la subdivisi\u00f3n y el loteo, la apertura de las calles y la extensi\u00f3n de las redes de servicio de agua, luz y alumbrado p\u00fablico.<\/p>\n<p>Adem\u00e1s, el Municipio paga la mano de obra a la Cooperativa Guerreros Limitada, a cargo de la construcci\u00f3n de los m\u00f3dulos, y que est\u00e1 integrada por las familias beneficiarias del proyecto.<\/p>\n<p>Cuando est\u00e9n construidos los m\u00f3dulos, dar\u00e1n una soluci\u00f3n a familias en situaci\u00f3n de vulnerabilidad social, como as\u00ed tambi\u00e9n permitir\u00e1n la reubicaci\u00f3n de aquellas asentadas informalmente sobre la traza de la Colectora Dorrego -calle Sarmiento entre Azcu\u00e9naga y Larrea-. Estos trabajos forman parte de las pol\u00edticas de intervenci\u00f3n para el mejoramiento integral del barrio Coronel Dorrego que lleva adelante el Municipio en el marco del Programa Urbano Integral del Oeste.<\/p>\n<p><strong>Soluciones habitacionales<\/strong><\/p>\n<p>El intendente Jos\u00e9 Corral destac\u00f3 el programa en marcha, por el cual \u201cno se le dan las cosas hechas, sino que hay un esfuerzo de las propias familias y una decisi\u00f3n respecto de las necesidades de cada una\u201d. En este sentido explic\u00f3 que \u201cvamos conversando con ellos y proveyendo los materiales en un trabajo conjunto. Adem\u00e1s esto va de la mano de una regularizaci\u00f3n dominial para que una tenga no s\u00f3lo un techo para vivir, sino un patrimonio con todas las reglas que hacen falta: porque eso tambi\u00e9n es inclusi\u00f3n\u201d sostuvo.<\/p>\n<p>En esa l\u00ednea valor\u00f3 las pol\u00edticas habitacionales puestas en marcha \u201cen todo este sector, desde General Paz hasta Arist\u00f3bulo del Valle, en terrenos que eran de la vieja traza de la circunvalaci\u00f3n y con inversiones de diferentes programas nacionales como el Procrear, o inversiones provinciales como Mi Tierra Mi Casa, y el propio Municipio con recursos propios y tambi\u00e9n ayudando en las gestiones\u201d.<\/p>\n<p><strong>Trabajo y oportunidades<\/strong><\/p>\n<p>Jos\u00e9 Corral indic\u00f3 que con la construcci\u00f3n de los m\u00f3dulos \u201cestamos generando trabajo genuino y el mejor, porque con las cooperativas no hay renta de grandes empresas, sino una renta social que termina reinvirti\u00e9ndose en la propia ciudad\u201d.<\/p>\n<p>\u201cEsto es una colaboraci\u00f3n virtuosa que demuestra que cuando el Estado est\u00e1 presente en sus diferentes niveles, trabajando en conjunto, se mejora la vida de la gente; y eso es lo que est\u00e1 ocurriendo en este sector. Esperamos que en los pr\u00f3ximos meses podamos ir terminando, para que las familias puedan ir apropi\u00e1ndose del lugar\u201d, sostuvo el mandatario.<\/p>\n<p><strong>Primera etapa<\/strong><\/p>\n<p>Por su parte, el ministro de Defensa de la Naci\u00f3n, Agust\u00edn Rossi, cont\u00f3 que \u201cesto es un desarrollo que hace unos a\u00f1os viene realizando la Secretar\u00eda de H\u00e1bitat del Gobierno de la Naci\u00f3n y que venimos trabajando en conjunto con el Municipio y el intendente Jos\u00e9 Corral\u201d.<\/p>\n<p>En ese orden se\u00f1al\u00f3 que el programa \u201ces un mecanismo habitual en donde involucramos a cooperativas de trabajo, que son las que llevan adelante el proceso de construcci\u00f3n. Hay toda una primera etapa que son los n\u00facleos h\u00famedos, que es lo que ya est\u00e1 hecho; y una segunda etapa, que es una primera ampliaci\u00f3n y que se va a hacer con fondos municipales. Todo en un trabajo interactivo con los propios vecinos\u201d.<\/p>\n<p><strong>Avance<\/strong><\/p>\n<p>Cabe recordar que los trabajos comenzaron en enero de este a\u00f1o y tienen un 65 % de avance. En octubre de 2014 se firm\u00f3 el convenio entre el Municipio y la Secretar\u00eda Nacional de Acceso al H\u00e1bitat. Una vez concluidos los 38 m\u00f3dulos sanitarios b\u00e1sicos, se prev\u00e9 este a\u00f1o avanzar en la ejecuci\u00f3n de 10 de las 38 ampliaciones previstas, priorizando las situaciones mayor vulnerabilidad socio habitacional de las familias beneficiarias, y en 2016 terminar el proyecto.<\/p>\n<h6>Fuente: Sin Mordaza<\/h6>\n","protected":false},"excerpt":{"rendered":"<p>El intendente Jos\u00e9 Corral y el ministro de Defensa de la Naci\u00f3n, Agust\u00edn Rossi, recorrieron las obras para la construcci\u00f3n de 38 n\u00facleos sanitarios b\u00e1sicos en la intersecci\u00f3n de Arist\u00f3bulo del Valle y Matheu. Las obras consisten en un muro medianero, ba\u00f1o y lavadero completo, con conexi\u00f3n de agua y luz. El intendente Jos\u00e9 Corral<\/p>\n","protected":false},"author":2,"featured_media":36392,"comment_status":"closed","ping_status":"closed","sticky":false,"template":"","format":"standard","meta":{"footnotes":""},"categories":[2],"tags":[10],"class_list":["post-36391","post","type-post","status-publish","format-standard","has-post-thumbnail","hentry","category-informe-municipal","tag-santa-fe"],"_links":{"self":[{"href":"http:\/\/argentinamunicipal.com.ar\/argentina\/wp-json\/wp\/v2\/posts\/36391","targetHints":{"allow":["GET"]}}],"collection":[{"href":"http:\/\/argentinamunicipal.com.ar\/argentina\/wp-json\/wp\/v2\/posts"}],"about":[{"href":"http:\/\/argentinamunicipal.com.ar\/argentina\/wp-json\/wp\/v2\/types\/post"}],"author":[{"embeddable":true,"href":"http:\/\/argentinamunicipal.com.ar\/argentina\/wp-json\/wp\/v2\/users\/2"}],"replies":[{"embeddable":true,"href":"http:\/\/argentinamunicipal.com.ar\/argentina\/wp-json\/wp\/v2\/comments?post=36391"}],"version-history":[{"count":0,"href":"http:\/\/argentinamunicipal.com.ar\/argentina\/wp-json\/wp\/v2\/posts\/36391\/revisions"}],"wp:featuredmedia":[{"embeddable":true,"href":"http:\/\/argentinamunicipal.com.ar\/argentina\/wp-json\/wp\/v2\/media\/36392"}],"wp:attachment":[{"href":"http:\/\/argentinamunicipal.com.ar\/argentina\/wp-json\/wp\/v2\/media?parent=36391"}],"wp:term":[{"taxonomy":"category","embeddable":true,"href":"http:\/\/argentinamunicipal.com.ar\/argentina\/wp-json\/wp\/v2\/categories?post=36391"},{"taxonomy":"post_tag","embeddable":true,"href":"http:\/\/argentinamunicipal.com.ar\/argentina\/wp-json\/wp\/v2\/tags?post=36391"}],"curies":[{"name":"wp","href":"https:\/\/api.w.org\/{rel}","templated":true}]}}