{"id":36397,"date":"2015-09-12T10:05:06","date_gmt":"2015-09-12T13:05:06","guid":{"rendered":"http:\/\/argentinamunicipal.com.ar\/argentina\/?p=36397"},"modified":"2015-09-12T10:05:06","modified_gmt":"2015-09-12T13:05:06","slug":"santa-fe-festram-esta-en-estado-de-alerta-y-movilizacion","status":"publish","type":"post","link":"http:\/\/argentinamunicipal.com.ar\/argentina\/santa-fe-festram-esta-en-estado-de-alerta-y-movilizacion\/","title":{"rendered":"Santa Fe: FESTRAM est\u00e1 en estado de alerta y movilizaci\u00f3n"},"content":{"rendered":"<p><a href=\"http:\/\/argentinamunicipal.com.ar\/argentina\/wp-content\/uploads\/2015\/09\/festram_plenario.jpg\"><img loading=\"lazy\" decoding=\"async\" class=\"aligncenter  wp-image-36398\" src=\"http:\/\/argentinamunicipal.com.ar\/argentina\/wp-content\/uploads\/2015\/09\/festram_plenario.jpg\" alt=\"festram_plenario\" width=\"692\" height=\"462\" srcset=\"http:\/\/argentinamunicipal.com.ar\/argentina\/wp-content\/uploads\/2015\/09\/festram_plenario.jpg 762w, http:\/\/argentinamunicipal.com.ar\/argentina\/wp-content\/uploads\/2015\/09\/festram_plenario-300x200.jpg 300w\" sizes=\"auto, (max-width: 692px) 100vw, 692px\" \/><\/a><br \/>\nEl Plenario de Secretarios Generales apoya los conflictos por incumplimiento de acuerdos paritarios. Reclamo al Gobierno Provincial.<\/p>\n<p>Los gremios municipales nucleados en FESTRAM, resolvieron apoyar los conflictos de los trabajadores municipales en reclamo de la aplicaci\u00f3n del acuerdo paritario que elev\u00f3 al 2% el suplemento por antig\u00fcedad.<\/p>\n<p>Las Delegaciones Regionales acompa\u00f1ar\u00e1n las medidas de fuerza de aquellos Sindicatos en conflicto y se programar\u00e1n acciones sindicales en las Municipalidades y Comunas afectadas. De persistir la situaci\u00f3n el Plenario de Secretarios Generales volver\u00e1 a sesionar para establecer medidas de alcance provincial.<\/p>\n<p><strong>Reclamo al Gobierno Provincial\u00a0<\/strong><\/p>\n<p>Para FESTRAM el Ministro de Gobierno Rub\u00e9n Galassi y el Secretario de Municipios Horacio Ghirardi, deber\u00edan aportar para reunir a las partes en conflicto en una b\u00fasqueda de consenso y su resoluci\u00f3n a trav\u00e9s del di\u00e1logo, en lugar de tomar partido por las Intendencias radicales que se oponen a cumplir con la Ley de Paritarias.<\/p>\n<p>El camino adoptado por los funcionarios provinciales, lejos de contribuir para garantizar la paz social, amparan una posici\u00f3n opuesta a los principios fundamentales de la Organizaci\u00f3n Internacional del Trabajo y complican el proceso de transici\u00f3n con las autoridades que deben asumir el 10 de Diciembre pr\u00f3ximo.<\/p>\n<p>La FESTRAM solicitar\u00e1 una audiencia urgente al Ministro de Gobierno para que se otorgue un tratamiento institucional a esta situaci\u00f3n conflictiva, evitando que el Poder Ejecutivo asuma actitudes partidarias a favor de las intendencias del Frente UCR\/PRO por sobre el inter\u00e9s com\u00fan de los municipios y sus trabajadores. En esa direcci\u00f3n, la Federaci\u00f3n del sector ofrece la suspensi\u00f3n de los conflictos para abrir un espacio de di\u00e1logo que permita llegar a un entendimiento equitativo sobre la resoluci\u00f3n de los problemas en esos municipios.<\/p>\n<p>Por \u00faltimo, el Plenario de Secretarios Generales ratific\u00f3 por unanimidad la posici\u00f3n de FESTRAM en el marco de la Comisi\u00f3n Intersindical del Sector P\u00fablico en defensa del r\u00e9gimen previsional de la Provincia de Santa Fe.<\/p>\n<h6>Fuente: Sin Mordaza<\/h6>\n","protected":false},"excerpt":{"rendered":"<p>El Plenario de Secretarios Generales apoya los conflictos por incumplimiento de acuerdos paritarios. Reclamo al Gobierno Provincial. Los gremios municipales nucleados en FESTRAM, resolvieron apoyar los conflictos de los trabajadores municipales en reclamo de la aplicaci\u00f3n del acuerdo paritario que elev\u00f3 al 2% el suplemento por antig\u00fcedad. Las Delegaciones Regionales acompa\u00f1ar\u00e1n las medidas de fuerza<\/p>\n","protected":false},"author":2,"featured_media":36398,"comment_status":"closed","ping_status":"closed","sticky":false,"template":"","format":"standard","meta":{"footnotes":""},"categories":[7],"tags":[10],"class_list":["post-36397","post","type-post","status-publish","format-standard","has-post-thumbnail","hentry","category-informe-sindical","tag-santa-fe"],"_links":{"self":[{"href":"http:\/\/argentinamunicipal.com.ar\/argentina\/wp-json\/wp\/v2\/posts\/36397","targetHints":{"allow":["GET"]}}],"collection":[{"href":"http:\/\/argentinamunicipal.com.ar\/argentina\/wp-json\/wp\/v2\/posts"}],"about":[{"href":"http:\/\/argentinamunicipal.com.ar\/argentina\/wp-json\/wp\/v2\/types\/post"}],"author":[{"embeddable":true,"href":"http:\/\/argentinamunicipal.com.ar\/argentina\/wp-json\/wp\/v2\/users\/2"}],"replies":[{"embeddable":true,"href":"http:\/\/argentinamunicipal.com.ar\/argentina\/wp-json\/wp\/v2\/comments?post=36397"}],"version-history":[{"count":0,"href":"http:\/\/argentinamunicipal.com.ar\/argentina\/wp-json\/wp\/v2\/posts\/36397\/revisions"}],"wp:featuredmedia":[{"embeddable":true,"href":"http:\/\/argentinamunicipal.com.ar\/argentina\/wp-json\/wp\/v2\/media\/36398"}],"wp:attachment":[{"href":"http:\/\/argentinamunicipal.com.ar\/argentina\/wp-json\/wp\/v2\/media?parent=36397"}],"wp:term":[{"taxonomy":"category","embeddable":true,"href":"http:\/\/argentinamunicipal.com.ar\/argentina\/wp-json\/wp\/v2\/categories?post=36397"},{"taxonomy":"post_tag","embeddable":true,"href":"http:\/\/argentinamunicipal.com.ar\/argentina\/wp-json\/wp\/v2\/tags?post=36397"}],"curies":[{"name":"wp","href":"https:\/\/api.w.org\/{rel}","templated":true}]}}