{"id":36448,"date":"2015-09-14T09:26:17","date_gmt":"2015-09-14T12:26:17","guid":{"rendered":"http:\/\/argentinamunicipal.com.ar\/argentina\/?p=36448"},"modified":"2015-09-14T09:26:17","modified_gmt":"2015-09-14T12:26:17","slug":"el-intendente-de-rio-cuarto-lanzo-el-plan-de-obras%e2%80%88son-300-cuadras-de-cordon-cuneta-y-120-de-pavimento","status":"publish","type":"post","link":"http:\/\/argentinamunicipal.com.ar\/argentina\/el-intendente-de-rio-cuarto-lanzo-el-plan-de-obras%e2%80%88son-300-cuadras-de-cordon-cuneta-y-120-de-pavimento\/","title":{"rendered":"El Intendente de R\u00edo Cuarto\u00a0lanz\u00f3 el plan de obras:\u2008\u201cSon 300 cuadras de cord\u00f3n cuneta y 120 de pavimento\u201d"},"content":{"rendered":"<p><a href=\"http:\/\/argentinamunicipal.com.ar\/argentina\/wp-content\/uploads\/2015\/09\/plaza-roca.jpg\"><img loading=\"lazy\" decoding=\"async\" class=\"aligncenter size-full wp-image-36449\" src=\"http:\/\/argentinamunicipal.com.ar\/argentina\/wp-content\/uploads\/2015\/09\/plaza-roca.jpg\" alt=\"plaza-roca\" width=\"642\" height=\"366\" srcset=\"http:\/\/argentinamunicipal.com.ar\/argentina\/wp-content\/uploads\/2015\/09\/plaza-roca.jpg 642w, http:\/\/argentinamunicipal.com.ar\/argentina\/wp-content\/uploads\/2015\/09\/plaza-roca-300x171.jpg 300w\" sizes=\"auto, (max-width: 642px) 100vw, 642px\" \/><\/a><br \/>\nEl intendente detall\u00f3 los proyectos que en las pr\u00f3ximas horas enviar\u00e1 al Concejo y que implicar\u00e1n una inversi\u00f3n de $ 100 millones. Indic\u00f3 que alcanzar\u00e1 a toda la ciudad. Replic\u00f3 las cr\u00edticas del PJ, que tilda el programa de electoralista:\u2008\u201c\u00bfQu\u00e9 quieren que haga en el \u00faltimo a\u00f1o, que me quede en mi casa?\u201d<\/p>\n<p>Juan Jure dio a conocer finalmente el plan de obras con el que piensa encarar el \u00faltimo tramo de su gesti\u00f3n, que concluye en julio del a\u00f1o pr\u00f3ximo, y elevar as\u00ed las chances del oficialismo para retener el Palacio de M\u00f3jica.<\/p>\n<p>Entre ma\u00f1ana y el martes, el intendente enviar\u00e1 al Concejo Deliberante los proyectos que requieren aprobaci\u00f3n y que contemplan una inversi\u00f3n superior a los 100 millones de pesos.<\/p>\n<p>Seg\u00fan detall\u00f3, son 300 cuadras de cord\u00f3n cuneta y 120 de pavimento, que est\u00e1n distribuidas de tal forma que abarcar\u00e1n la mayor cantidad de barrios de la ciudad. El plan corre en paralelo a las obras de repavimentaci\u00f3n de las principales calles y avenidas y al ensanchamiento y mejoramiento del microcentro.<\/p>\n<p>Con esa serie de acciones, si es que finalmente se concreta todo lo anunciado, el intendente espera levantar la imagen de su gesti\u00f3n, que toc\u00f3 su nivel m\u00e1s bajo el a\u00f1o pasado por los baches y los inconvenientes en la ejecuci\u00f3n del plan de viviendas, y potenciar al oficialismo, que parece llegar a las cruciales elecciones de 2016 en desventaja con respecto al peronismo.<\/p>\n<p>En la entrevista con este diario, Jure le dedic\u00f3 una serie de definiciones a Juan Manuel Llamosas. Dijo que el candidato a intendente del peronismo deber\u00eda estar preocupado a esta altura cuando a\u00fan sin rival se mantiene, seg\u00fan declar\u00f3, estancado alrededor de los 20 puntos y sin muestras de crecimiento en los \u00faltimos meses.<\/p>\n<p>-\u00bfEl Plan de los 100 Millones abarca desde el ensanchamiento de veredas hasta la pavimentaci\u00f3n de calles?<br \/>\n-Entre lo que se viene ejecutando y lo que se enviar\u00e1 al Concejo (Deliberante)\u2008entre el lunes y el martes (pr\u00f3ximos)\u2008son m\u00e1s de 100 millones de pesos en obra p\u00fablica, con lo que es un esfuerzo importante y muy grande para la Municipalidad. No es que estamos comenzando a hacer obras. Ya se han hecho inversiones muy importantes. Lo que se presenta ahora es complementario a lo que se viene haciendo. Fundamentalmente cord\u00f3n cuneta y pavimento.<\/p>\n<p>-\u00bfCu\u00e1ntas cuadras son de cord\u00f3n cuneta y cu\u00e1ntas de pavimento?<br \/>\n-Son m\u00e1s de 300 cuadras de cord\u00f3n cuneta y 120 cuadras de pavimento.<\/p>\n<p>-\u00bfQu\u00e9 sectores va a comprender?<br \/>\n-\u2008Va a comprender distintos sectores de la ciudad. En materia de cord\u00f3n cuneta, Banda Norte ser\u00e1 uno de los lugares beneficiados. Por ejemplo, Valacco, Barrio Jard\u00edn, el Parque Sarmiento, las vecinales La Agustina y San Mart\u00edn. Tambi\u00e9n en barrio Alberdi en el sector este y en algunas cuadras que son colonizadoras. Adem\u00e1s en los barrios Industrial, Pueyrred\u00f3n, San Eduardo y Roque S\u00e1enz Pe\u00f1a. Asimismo en el Calasanz, Buena Vista y Cispren 2. En el acceso al puente colgante, en el sector norte del barrio Golf y en pasajes determinados.<\/p>\n<p>-\u00bfY\u2008el pavimento?<br \/>\n-Lo vamos a hacer en Banda Norte, Alberdi y Pizarro. Abarcar\u00e1 calles colonizadoras como Presidente Per\u00f3n, Ju\u00e1rez Celman, Uruguay y Brasil. Tambi\u00e9n lo que es el Parque Sarmiento.<\/p>\n<p>-\u00bfSe invertir\u00e1 adem\u00e1s en la renovaci\u00f3n de las luminarias de la ciudad?<br \/>\n-Exacto. Vamos a hacer tambi\u00e9n una fuerte inversi\u00f3n en materia de luminarias. Son nuevas luminarias con cambio de tecnolog\u00eda. Lo que buscamos es poner luces blancas en las avenidas y los accesos.<\/p>\n<p><strong>La distribuci\u00f3n<\/strong><\/p>\n<p>-\u00bfC\u00f3mo se distribuyen los 100 millones de pesos de inversi\u00f3n?<br \/>\n-En lo que respecta a cord\u00f3n cuneta y pavimento, la inversi\u00f3n rondar\u00e1 los 80 millones de pesos. De ese total, 50 millones son para cord\u00f3n cuneta y los restantes 30 millones para pavimento. En tanto que, en materia de luminarias, se invertir\u00e1n 20 millones. Esto da un total de aproximadamente 100 millones de pesos, sumado a lo que ya se viene desarrollando. Por ejemplo, las obras del microcentro, es decir el ensanchamiento de las calles 25 de Mayo y Rivadavia. En ese marco, se abrieron los sobres para la ejecuci\u00f3n de la General Paz y se presentar\u00e1 el concurso para hacer la nueva Plaza Olmos, con lo que se har\u00e1 el ensanchamiento de la calle Belgrano hasta la Plaza Roca. Por otro lado, ya se comenz\u00f3 la segunda etapa del Paseo de la Democracia en la manzana 48.<\/p>\n<p>-\u00bfEl bulevar Roca est\u00e1 contemplado?<br \/>\n-Tambi\u00e9n vamos a hacer el ensanchamiento y mejoramiento de todo lo que es el bulevar Roca. Nosotros hemos puesto en subasta p\u00fablica algunos terrenos espec\u00edficos del Municipio para financiar con esos recursos al R\u00edo Cuarto Vincula. En ese marco, tambi\u00e9n pretendemos que lo podamos canjear directamente por obra.<\/p>\n<p>-\u00bfQu\u00e9 pasar\u00e1 con la rotonda del barrio El Acorde\u00f3n?<br \/>\n-En noviembre se tiene previsto comenzar con la obra de esa rotonda que fue un compromiso de la Provincia que no se concret\u00f3. Eso se complementar\u00e1 con el Paseo de la Reforma Universitaria.<\/p>\n<p>-\u00bfC\u00f3mo se va a financiar el plan?<br \/>\n-Con recursos propios. Nosotros plantearemos las condiciones en las que el Municipio pagar\u00e1. No nos olvidemos que tenemos el Fondo de Obras P\u00fablicas.<\/p>\n<p>-La oposici\u00f3n dice que estas obras van a condicionar al futuro intendente. \u00bfQu\u00e9 dice a esto?<br \/>\n-Se trata de una visi\u00f3n muy cortoplacista. Con esa postura es imposible pensar en el desarrollo de una ciudad. Nosotros estamos pagando obras que se han hecho en los a\u00f1os noventa. Y\u2008es lo que corresponde. Los procesos son del Estado no de los gobiernos. El tema es tener la responsabilidad para que cada cosa que se planifica pueda ser calzada en los flujos econ\u00f3micos del Municipio.<\/p>\n<p>-Tambi\u00e9n dicen que es un plan electoralista.<br \/>\n-Yo soy intendente hasta el 2 de julio del 2016. \u00bfQu\u00e9 deber\u00eda hacer hasta esa fecha?\u2008\u00bfMe tengo que quedar en mi casa? Por ejemplo, (Jos\u00e9\u2008Manuel)\u2008De la Sota va a ser gobernador hasta el \u00faltimo d\u00eda de su gesti\u00f3n. Si De la Sota hubiera pensado as\u00ed no habr\u00eda hecho esta obra tan importante que es la autov\u00eda. Son discusiones peque\u00f1as y mezquinas. Si hubi\u00e9ramos pensado en esos t\u00e9rminos no habr\u00edamos desarrollado m\u00e1s de 70 kil\u00f3metros de cloacas y agua e invertido en pol\u00edticas sociales. No hubi\u00e9ramos aumentado 80 veces el presupuesto de educaci\u00f3n. Nosotros hemos fijado un rumbo que tiene que ver con lo que pensamos que debe ser el Estado. No hemos gobernador para ganar elecciones. Hemos ganado elecciones porque hemos gobernado. Hemos tenido una gran fortaleza:\u2008todo lo que hemos hecho ha sido con recursos propios. No tuvimos que convertirnos ni dejar de ser lo que somos para poder llevar adelante las pol\u00edticas que hemos llevado adelante.<\/p>\n<p>-\u00bfQu\u00e9 va a pasar con el plan habitacional?<br \/>\n-R\u00edo Cuarto ha podido subsidiar terrenos para la clase media y los sectores sociales. Hemos podido entregar 3.300 terrenos. Y\u2008lo hemos hecho pensando en la gran necesidad que hay en R\u00edo Cuarto en materia habitacional. \u00bfQu\u00e9 municipio ha sido capaz de dise\u00f1ar un propio plan de viviendas y financiarlo con recursos propios?\u2008No solamente que no vamos a endeudar al Municipio sino que entre deudas y acreencias seguramente son muchas m\u00e1s las acreencias. Va a haber m\u00e1s de 200 millones de pesos en materia de ingresos al Municipio por el plan de viviendas. La pr\u00f3xima administraci\u00f3n va a ser la que va a recaudar lo de los adjudicatarios. Por eso, no entiendo a la oposici\u00f3n. En una de esas estaban contando los pollos antes de que nacieran.<\/p>\n<p><strong>Respaldo a Yawny<\/strong><\/p>\n<p>-\u00bfQu\u00e9 piensa de la reforma pol\u00edtica que se est\u00e1 analizando en el Concejo?<br \/>\n-Nosotros tenemos una postura que es muy clara. Quien preside la comisi\u00f3n y es la voz del oficialismo es Viviana Yawny que viene trabajando desde hace much\u00edsimo tiempo. Apoyamos la reforma pol\u00edtica. Hay un mont\u00f3n de pasos que se han dado en la ciudad pero hay que seguir avanzando en esto de mejorar las condiciones institucionales. Lo que no podemos hacer es especular porque si no desvirtuamos el sentido que tiene la reforma pol\u00edtica.<\/p>\n<p>-\u00bfHay que hacer las Paso?<br \/>\n-Hay reglas de juego que son muy claras y hay partidos que ya han avanzado en funci\u00f3n de esas reglas. Y\u2008nosotros no somos quienes para modificar esas reglas. Las Paso pueden ser una buena alternativa pero para la pr\u00f3xima elecci\u00f3n porque ac\u00e1 hay partidos pol\u00edticos que ya han tomado decisiones y definiciones y que han convocado a elecciones internas y tienen su candidato.<\/p>\n<p>-\u00bfQu\u00e9 opina del viceintendente?<br \/>\n-Creo que lo del viceintendente puede ser un paso importante tambi\u00e9n. En el sentido de que se elija un viceintendente que asuma el rol de presidir el Concejo Deliberante y que no tenga que someterse a la decisi\u00f3n de todos los a\u00f1os para ver si es reelecto en el cuerpo deliberativo y que sea un nexo permanente con el Ejecutivo. Es un avance.<\/p>\n<p>-\u00bfQu\u00e9 va a pasar con la Junta Electoral?<br \/>\n-Hace del 2012 que nosotros hemos enviado el proyecto para poder tener la Junta Electoral y no hemos podido lograr el tratamiento.<\/p>\n<p>-\u00bfQu\u00e9 piensa del voto de los j\u00f3venes de 16 y 17 a\u00f1os?<br \/>\n-Ese voto tiene que incorporarse. Si pueden elegir presidente c\u00f3mo no van a poder elegir intendente. Es una cuesti\u00f3n natural.<\/p>\n<p>-\u00bfC\u00f3mo se va a definir el candidato dentro del oficialismo?<br \/>\n-Hoy ese tema no est\u00e1 en la agenda. S\u00ed hay distintos dirigentes que han manifestado su voluntad de ser intendentes de la ciudad. Seguramente algunos de ellos lo va a ser. Pero hoy lo que corresponde es concentrarse en la gesti\u00f3n. Ya llegar\u00e1n los tiempos. Hay elecciones nacionales. Soy un convencido de que hay que consolidar el espacio pol\u00edtico pluripartidista que hemos constituido y adem\u00e1s hay que ampliarlo. Y\u2008entre todos tomar una decisi\u00f3n de c\u00f3mo definir el candidato. Yo no tengo un candidato en particular. Acompa\u00f1ar\u00e9 al que la gente vea como el pr\u00f3ximo intendente.<\/p>\n<p><strong>\u201cSi fuera Llamosas, estar\u00eda preocupado\u201d<\/strong><\/p>\n<p>-\u00bfLe preocupa que (Juan Manuel)\u2008Llamosas aventaje al oficialismo en las encuestas?<br \/>\n-Yo no soy un polit\u00f3logo. Yo puedo contar mi experiencia. Cuando arranqu\u00e9 siendo candidato ten\u00eda una intenci\u00f3n de voto del 4 por ciento cuatro meses antes de la elecci\u00f3n. Y\u2008termin\u00e9 sacando casi el 50 por ciento. Lo que veo, de acuerdo a las propias encuestas que por ah\u00ed me traen algunos compa\u00f1eros justicialistas, es que no hay un crecimiento en el candidato de la oposici\u00f3n. Al rev\u00e9s. Veo que no s\u00f3lo no crece sino que inclusive en alg\u00fan punto se ha amesetado y ha ca\u00eddo. No llegar al 20 por ciento si fuese yo estar\u00eda muy preocupado despu\u00e9s de un a\u00f1o de ser candidato. Hoy est\u00e1 ganando Llamosas pero el tema es que del otro lado no hay nadie. Eso me dice que est\u00e1 en un problema. De todas formas, lo conozco. Es una buena persona. Jam\u00e1s voy a hablar mal ni voy a hacer de la pol\u00edtica una actividad difamatoria hacia el otro. Yo jam\u00e1s har\u00eda lo que alguna vez me hicieron a m\u00ed.<\/p>\n<p>-Como jefe de campa\u00f1a:\u2008\u00bfc\u00f3mo ve las elecciones del 25 de octubre?<br \/>\n-El mi\u00e9rcoles (pr\u00f3ximo)\u2008est\u00e1 prevista la visita de Gabriela Michetti. El cambio ya empez\u00f3 en R\u00edo Cuarto. Cuando decidimos apostar a la educaci\u00f3n, lanzar las cooperativas, crear el Consejo Econ\u00f3mico y Social y juntarnos para trabajar en un proyecto en com\u00fan. Tambi\u00e9n cuando decidimos ser lo que somos y no arrodillarnos nunca por una cuadra de pavimento. Mientras nosotros hemos recibido algunos pocos pesos del Gobierno nacional en ciudades como Villa Mar\u00eda recibieron 1.400 millones. Nosotros no estamos esperando cambiar el Gobierno nacional para que eso nos suceda a nosotros sino para que no haya m\u00e1s intendentes que tengan que estar de rodillas. Esto es para que todos puedan estar de pie como hemos estado nosotros.<\/p>\n<h6>Fuente: Puntal<\/h6>\n","protected":false},"excerpt":{"rendered":"<p>El intendente detall\u00f3 los proyectos que en las pr\u00f3ximas horas enviar\u00e1 al Concejo y que implicar\u00e1n una inversi\u00f3n de $ 100 millones. Indic\u00f3 que alcanzar\u00e1 a toda la ciudad. Replic\u00f3 las cr\u00edticas del PJ, que tilda el programa de electoralista:\u2008\u201c\u00bfQu\u00e9 quieren que haga en el \u00faltimo a\u00f1o, que me quede en mi casa?\u201d Juan Jure<\/p>\n","protected":false},"author":2,"featured_media":36449,"comment_status":"closed","ping_status":"closed","sticky":false,"template":"","format":"standard","meta":{"footnotes":""},"categories":[2],"tags":[3],"class_list":["post-36448","post","type-post","status-publish","format-standard","has-post-thumbnail","hentry","category-informe-municipal","tag-cordoba"],"_links":{"self":[{"href":"http:\/\/argentinamunicipal.com.ar\/argentina\/wp-json\/wp\/v2\/posts\/36448","targetHints":{"allow":["GET"]}}],"collection":[{"href":"http:\/\/argentinamunicipal.com.ar\/argentina\/wp-json\/wp\/v2\/posts"}],"about":[{"href":"http:\/\/argentinamunicipal.com.ar\/argentina\/wp-json\/wp\/v2\/types\/post"}],"author":[{"embeddable":true,"href":"http:\/\/argentinamunicipal.com.ar\/argentina\/wp-json\/wp\/v2\/users\/2"}],"replies":[{"embeddable":true,"href":"http:\/\/argentinamunicipal.com.ar\/argentina\/wp-json\/wp\/v2\/comments?post=36448"}],"version-history":[{"count":0,"href":"http:\/\/argentinamunicipal.com.ar\/argentina\/wp-json\/wp\/v2\/posts\/36448\/revisions"}],"wp:featuredmedia":[{"embeddable":true,"href":"http:\/\/argentinamunicipal.com.ar\/argentina\/wp-json\/wp\/v2\/media\/36449"}],"wp:attachment":[{"href":"http:\/\/argentinamunicipal.com.ar\/argentina\/wp-json\/wp\/v2\/media?parent=36448"}],"wp:term":[{"taxonomy":"category","embeddable":true,"href":"http:\/\/argentinamunicipal.com.ar\/argentina\/wp-json\/wp\/v2\/categories?post=36448"},{"taxonomy":"post_tag","embeddable":true,"href":"http:\/\/argentinamunicipal.com.ar\/argentina\/wp-json\/wp\/v2\/tags?post=36448"}],"curies":[{"name":"wp","href":"https:\/\/api.w.org\/{rel}","templated":true}]}}