{"id":36454,"date":"2015-09-14T09:38:44","date_gmt":"2015-09-14T12:38:44","guid":{"rendered":"http:\/\/argentinamunicipal.com.ar\/argentina\/?p=36454"},"modified":"2015-09-18T10:19:58","modified_gmt":"2015-09-18T13:19:58","slug":"santa-fe-buscan-dar-nuevo-impulso-al-proyecto-de-capacitacion-laboral-para-exlimpiavidrios","status":"publish","type":"post","link":"http:\/\/argentinamunicipal.com.ar\/argentina\/santa-fe-buscan-dar-nuevo-impulso-al-proyecto-de-capacitacion-laboral-para-exlimpiavidrios\/","title":{"rendered":"Santa Fe: nuevo impulso al proyecto de capacitaci\u00f3n laboral para exlimpiavidrios"},"content":{"rendered":"<p><a href=\"http:\/\/argentinamunicipal.com.ar\/argentina\/wp-content\/uploads\/2015\/09\/2015-01-13NID_211208O_3.jpeg\"><img loading=\"lazy\" decoding=\"async\" class=\"aligncenter size-full wp-image-36465\" src=\"http:\/\/argentinamunicipal.com.ar\/argentina\/wp-content\/uploads\/2015\/09\/2015-01-13NID_211208O_3.jpeg\" alt=\"2015-01-13NID_211208O_3\" width=\"620\" height=\"388\" srcset=\"http:\/\/argentinamunicipal.com.ar\/argentina\/wp-content\/uploads\/2015\/09\/2015-01-13NID_211208O_3.jpeg 620w, http:\/\/argentinamunicipal.com.ar\/argentina\/wp-content\/uploads\/2015\/09\/2015-01-13NID_211208O_3-300x188.jpeg 300w\" sizes=\"auto, (max-width: 620px) 100vw, 620px\" \/><\/a><br \/>\nEl municipio convoca a colaborar con el Plan Calles Seguras. Infancia y Juventud protegidas, a trav\u00e9s del pago de un cup\u00f3n en las cajas donde se abona el TGI.<\/p>\n<p>Desde agosto de 2013, tras el fallecimiento de un joven limpiavidrios en plena avenida Alem, la municipalidad de Santa Fe trabaja para erradicar esta actividad y fomentar la reescolarizaci\u00f3n, capacitaci\u00f3n e inserci\u00f3n laboral formal de quienes antes desarrollaban esta actividad \u00a0a trav\u00e9s de la creaci\u00f3n del Plan \u201cCalles Seguras. Infancia y Juventudes Protegidas\u201d, el cual actualmente contiene a 150 chicos.<\/p>\n<p>Mediante convenios con instituciones que ponen a disposici\u00f3n el conjunto de actividades que desarrollan, y la inclusi\u00f3n de los mismos en planes de capacitaci\u00f3n e inclusi\u00f3n laboral, el Plan logr\u00f3 que este importante n\u00famero de ciudadanos y sus familias generen nuevas oportunidades de vida dignas, seguras y sostenidas en el tiempo.<\/p>\n<p>\u201cEl balance que hacemos es totalmente positivo, no s\u00f3lo por lo que se logr\u00f3 con este n\u00famero de j\u00f3venes sino tambi\u00e9n porque vemos una realidad distinta en las calles\u201d dijo en di\u00e1logo con Diario UNO el secretario de Desarrollo Social de la Municipalidad, Carlos Medrano, quien detall\u00f3 que actualmente est\u00e1n buscando darle un nuevo impulso al proyecto a trav\u00e9s de la convocatoria a los ciudadanos a sumarse a colaborar con aportes de dinero y tambi\u00e9n con la b\u00fasqueda de m\u00e1s desaf\u00edos de inclusi\u00f3n en el proyecto.<\/p>\n<p>\u201cCuando comenz\u00f3 el Plan gestionamos la puesta en marcha de unos bonos de contribuci\u00f3n voluntaria de $10 que se reparten casa por casa junto con las boletas de la Tasa General de Impuestos (TGI). La propuesta, si bien no logr\u00f3 tener la repercusi\u00f3n que esper\u00e1bamos sigue vigente como alternativa voluntaria para aquellos que quieran ayudar a estos chicos, teniendo en cuenta que lo que se dona se destina en su totalidad a ellos, teniendo en cuenta sus perfiles e intereses\u201d, dijo Medrano.<\/p>\n<p>Cabe detallar en consecuencia, que el Plan se sustenta b\u00e1sicamente por fondos del presupuesto municipal (en 2014 se destinaron $240 mil, y en 2015, seg\u00fan la ordenanza 12.170 se le otorgar\u00e1 $123 mil), aportes de empresarios y lo que se recibe de manos de los ciudadanos. \u201cEl lema de la propuesta es \u00abno dones una moneda, don\u00e1 una oportunidad de vida\u00bb, porque justamente lo que buscamos es que aquellos que antes les daban algo al paso a estos chicos que estaban en las esquinas, hoy hagan lo mismo mediante este proyecto que busca la contenci\u00f3n de los chicos teniendo en cuenta sus necesidades\u201d.<\/p>\n<p>En ese contexto, el funcionario resalt\u00f3 que se trabaja con cada joven y su n\u00facleo familiar en busca de lograr que los mismos superen las barreras de las adicciones, el desinter\u00e9s y los prejuicios sociales.<\/p>\n<p>Asimismo y refiri\u00e9ndose a los recursos recaudados, Medrano dej\u00f3 en claro que los mismos cuentan con la auditor\u00eda correspondiente de los \u00f3rganos de control municipal y de la Fundaci\u00f3n Ejercicio Ciudadano, y coment\u00f3 que est\u00e1n trabajando para fomentar nuevos canales de aporte para lograr m\u00e1s y mejores resultados.<\/p>\n<p>\u201cEn el inicio del Plan se distribuyeron cajas tipo alcanc\u00edas en los supermercados para buscar que la gente hiciera aportes alusivos, pero despu\u00e9s se decidi\u00f3 sacar esta opci\u00f3n porque la recaudaci\u00f3n no era mucha. Ahora como adhesi\u00f3n pretendemos firmar convenios de colaboraci\u00f3n con estos comercios \u00a0para poner en marcha de una campa\u00f1a en donde se incite al pago cuando se pase por caja o similar\u201d, detall\u00f3 Medrano, al tiempo que explic\u00f3 que dicha contribuci\u00f3n permitir\u00eda no s\u00f3lo el sostenimiento de la propuesta sino tambi\u00e9n la expansi\u00f3n del mismo hacia otros universos como los cuidacoches o los artistas callejeros.<\/p>\n<p>\u201cTal como lo dice el nombre del plan, nuestro objetivo es buscar la protecci\u00f3n de las juventudes y en ese marco entendemos que es imprescindible hacer algo por estos grupos que tambi\u00e9n est\u00e1n expuestos en las calles\u201d, se\u00f1al\u00f3 Medrano y complet\u00f3: \u201cConsideramos en tanto en dise\u00f1ar opciones como la de darles a los artistas callejeros espacios en los espect\u00e1culos que arma el municipio en lugares p\u00fablicos de recreaci\u00f3n, para que brinden shows a la gorra que le den quiz\u00e1s lo mismo que logran en las esquinas, pero con un resguardo diferente\u201d.<\/p>\n<p><strong>Respaldo y compromiso<\/strong><\/p>\n<p>En el lapso de dos a\u00f1os, el Plan Calles Seguras. Infancia y Juventud Protegidas logr\u00f3 cambiar la vida de algo m\u00e1s de 150 ni\u00f1os y j\u00f3venes que antes se desempe\u00f1aban como limpiavidrios en la ciudad. La mutaci\u00f3n se gener\u00f3 gracias a la aceptaci\u00f3n de los mismos de apostar a un cambio de vida mediante su incorporaci\u00f3n a \u00a0planes como el Vuelvo a Estudiar o talleres de capacitaci\u00f3n laboral \u00a0que les permitieron ingresar como postulantes en la Oficina de Empleo.<\/p>\n<p>\u201cEstas opciones nos dieron la posibilidad de darle a estos chicos la chance de tener experiencias laborales distintas y todas con excelentes resultados, como el desempe\u00f1o que tuvieron en cooperativas de trabajo que hacen obras de infraestructura p\u00fablica o limpieza de espacios, como lo que hicimos en avenida Pe\u00f1aloza el a\u00f1o pasado y estamos repitiendo en este en Facundo Zuvir\u00eda, o en la limpieza de espacios paisaj\u00edsticos\u201d, describi\u00f3 Carlos Medrano y complet\u00f3: \u201cLa idea es buscar m\u00e1s opciones y en esa l\u00ednea es que seguimos convocando a los empresarios a sumarse a esta alternativa quitando el velo de los estereotipos que rondan a estos chicos\u201d.<\/p>\n<p><strong>C\u00f3mo ayudar<\/strong><\/p>\n<p>Vale aclarar que m\u00e1s all\u00e1 de tener la opci\u00f3n de sumarse con el abono del bono voluntario de $10 que le llega a su casa, los ciudadanos tienen otras alternativas de ayuda al mencionado plan que est\u00e1n disponibles para ser usadas.<\/p>\n<p>En primera instancia se puede elegir dar m\u00e1s dinero, con una cifra m\u00e1xima de $200. Para ello los interesados deben ingresar al sitio www.santafeciudad.gov.ar\/calles seguras y descargar de all\u00ed el formulario disponible con el monto elegido (hay de $20, $50 y $100 tambi\u00e9n).<\/p>\n<p>De igual modo es posible realizar una transferencia bancaria como m\u00e9todo de colaboraci\u00f3n. Los dep\u00f3sitos deben hacerse al CBU 330-0599\/5 1599003930009\/4 bajo la denominaci\u00f3n \u201cMunicipalidad de Santa Fe &#8211; Programa Calles Seguras: infancia y juventud protegida\u201d en el Nuevo Banco de Santa Fe sucursal 599 (N\u00ba de cta. cte. 39300\/09- CUIT: 30-99903338-1).<\/p>\n<h6>Fuente: Uno, Santa Fe<\/h6>\n","protected":false},"excerpt":{"rendered":"<p>El municipio convoca a colaborar con el Plan Calles Seguras. Infancia y Juventud protegidas, a trav\u00e9s del pago de un cup\u00f3n en las cajas donde se abona el TGI. <\/p>\n","protected":false},"author":2,"featured_media":36465,"comment_status":"closed","ping_status":"closed","sticky":false,"template":"","format":"standard","meta":{"footnotes":""},"categories":[2],"tags":[10],"class_list":["post-36454","post","type-post","status-publish","format-standard","has-post-thumbnail","hentry","category-informe-municipal","tag-santa-fe"],"_links":{"self":[{"href":"http:\/\/argentinamunicipal.com.ar\/argentina\/wp-json\/wp\/v2\/posts\/36454","targetHints":{"allow":["GET"]}}],"collection":[{"href":"http:\/\/argentinamunicipal.com.ar\/argentina\/wp-json\/wp\/v2\/posts"}],"about":[{"href":"http:\/\/argentinamunicipal.com.ar\/argentina\/wp-json\/wp\/v2\/types\/post"}],"author":[{"embeddable":true,"href":"http:\/\/argentinamunicipal.com.ar\/argentina\/wp-json\/wp\/v2\/users\/2"}],"replies":[{"embeddable":true,"href":"http:\/\/argentinamunicipal.com.ar\/argentina\/wp-json\/wp\/v2\/comments?post=36454"}],"version-history":[{"count":0,"href":"http:\/\/argentinamunicipal.com.ar\/argentina\/wp-json\/wp\/v2\/posts\/36454\/revisions"}],"wp:featuredmedia":[{"embeddable":true,"href":"http:\/\/argentinamunicipal.com.ar\/argentina\/wp-json\/wp\/v2\/media\/36465"}],"wp:attachment":[{"href":"http:\/\/argentinamunicipal.com.ar\/argentina\/wp-json\/wp\/v2\/media?parent=36454"}],"wp:term":[{"taxonomy":"category","embeddable":true,"href":"http:\/\/argentinamunicipal.com.ar\/argentina\/wp-json\/wp\/v2\/categories?post=36454"},{"taxonomy":"post_tag","embeddable":true,"href":"http:\/\/argentinamunicipal.com.ar\/argentina\/wp-json\/wp\/v2\/tags?post=36454"}],"curies":[{"name":"wp","href":"https:\/\/api.w.org\/{rel}","templated":true}]}}