{"id":36461,"date":"2015-09-14T09:44:05","date_gmt":"2015-09-14T12:44:05","guid":{"rendered":"http:\/\/argentinamunicipal.com.ar\/argentina\/?p=36461"},"modified":"2015-09-14T09:44:05","modified_gmt":"2015-09-14T12:44:05","slug":"exigen-un-lugar-para-las-bicis-en-cocheras-publicas-y-privadas-de-rosario","status":"publish","type":"post","link":"http:\/\/argentinamunicipal.com.ar\/argentina\/exigen-un-lugar-para-las-bicis-en-cocheras-publicas-y-privadas-de-rosario\/","title":{"rendered":"Exigen un lugar para las bicis en cocheras p\u00fablicas y privadas de Rosario"},"content":{"rendered":"<p><a href=\"http:\/\/argentinamunicipal.com.ar\/argentina\/wp-content\/uploads\/2015\/09\/0914-c601-Virginia_Benedetto.jpg_88717827.jpg\"><img loading=\"lazy\" decoding=\"async\" class=\"aligncenter size-full wp-image-36462\" src=\"http:\/\/argentinamunicipal.com.ar\/argentina\/wp-content\/uploads\/2015\/09\/0914-c601-Virginia_Benedetto.jpg_88717827.jpg\" alt=\"0914-c601--Virginia_Benedetto.jpg_88717827\" width=\"621\" height=\"465\" srcset=\"http:\/\/argentinamunicipal.com.ar\/argentina\/wp-content\/uploads\/2015\/09\/0914-c601-Virginia_Benedetto.jpg_88717827.jpg 621w, http:\/\/argentinamunicipal.com.ar\/argentina\/wp-content\/uploads\/2015\/09\/0914-c601-Virginia_Benedetto.jpg_88717827-300x225.jpg 300w\" sizes=\"auto, (max-width: 621px) 100vw, 621px\" \/><\/a><br \/>\nPropuesta del ejecutivo. Planeamiento envi\u00f3 un proyecto al Concejo para redefinir categor\u00edas, capacidades y regular los sistemas mecanizados y robotizados de parking.<\/p>\n<p>&nbsp;<\/p>\n<p>Con la finalidad de clarificar y ordenar el conjunto de normas vinculadas a las cocheras, la Secretar\u00eda de Planeamiento envi\u00f3 el viernes pasado al Concejo un proyecto de ordenanza modificatoria del Reglamento de Edificaci\u00f3n, mediante el cual se redefinen las categor\u00edas de garajes y cocheras, se plantea un nuevo marco regulatorio para los sistemas mecanizados y robotizados de estacionamiento y se exige la incorporaci\u00f3n de espacios para estacionamiento de bicicletas.<\/p>\n<p>A trav\u00e9s del tiempo se sancionaron m\u00faltiples ordenanzas que se refieren a la reformulaci\u00f3n de diversos aspectos vinculados a este tema y, con el paso de los a\u00f1os, eso gener\u00f3 una diversidad de medidas de distinta \u00edndole, que en ciertos casos se contraponen y hacen dificultosa su interpretaci\u00f3n.<\/p>\n<p><strong>Consensuado.<\/strong> Tras haber acordado en la comisi\u00f3n de planificaci\u00f3n que integra el Ejecutivo junto a colegios profesionales, empresas de la construcci\u00f3n y gremios del rubro se envi\u00f3 el viernes pasado al Concejo un proyecto con la finalidad de clarificar y ordenar esta situaci\u00f3n.<\/p>\n<p>En el caso de los garajes se los define como aquellos locales, edificios o parte de \u00e9stos, destinados a la guarda de veh\u00edculos, ya sea en forma transitoria o permanente, como uso complementario de otro uso principal, y sin contraprestaci\u00f3n.<\/p>\n<p>Y como cocheras a predios dedicados a la guarda transitoria de veh\u00edculos contra el pago de un importe determinado de dinero, ya sea bajo la modalidad mensualizada o por hora.<\/p>\n<p>Podr\u00e1n ser edificadas o no edificadas, entendi\u00e9ndose por las primeras a los lotes techados en toda su superficie \u00fatil y cerrados en todo su per\u00edmetro.<\/p>\n<p>El borrador que lleg\u00f3 al cuerpo deliberativo abarca los estacionamientos con sistemas mecanizados (estaban en normas anteriores pero de modo ambiguo), automatizado y robotizado.<\/p>\n<p>En el marco del Plan Integrado de Movilidad, la iniciativa prev\u00e9 espacios para estacionamiento de bicicletas no s\u00f3lo en los edificios particulares, sino tambi\u00e9n en instituciones recreativas, culturales, deportivas, comerciales, educativas, como tambi\u00e9n en edificios p\u00fablicos.<\/p>\n<p>\u00abSon cambios en el Reglamento de Edificaci\u00f3n, donde adem\u00e1s se establecen c\u00e1lculos para reglamentar las capacidades vehiculares de las playas de estacionamiento\u00bb, agreg\u00f3 el titular de la secretar\u00eda de Planeamiento Pablo Barese.<\/p>\n<h6>Fuente: La Capital, Rosario<\/h6>\n","protected":false},"excerpt":{"rendered":"<p>Propuesta del ejecutivo. Planeamiento envi\u00f3 un proyecto al Concejo para redefinir categor\u00edas, capacidades y regular los sistemas mecanizados y robotizados de parking. &nbsp; Con la finalidad de clarificar y ordenar el conjunto de normas vinculadas a las cocheras, la Secretar\u00eda de Planeamiento envi\u00f3 el viernes pasado al Concejo un proyecto de ordenanza modificatoria del Reglamento<\/p>\n","protected":false},"author":2,"featured_media":36462,"comment_status":"closed","ping_status":"closed","sticky":false,"template":"","format":"standard","meta":{"footnotes":""},"categories":[2],"tags":[10],"class_list":["post-36461","post","type-post","status-publish","format-standard","has-post-thumbnail","hentry","category-informe-municipal","tag-santa-fe"],"_links":{"self":[{"href":"http:\/\/argentinamunicipal.com.ar\/argentina\/wp-json\/wp\/v2\/posts\/36461","targetHints":{"allow":["GET"]}}],"collection":[{"href":"http:\/\/argentinamunicipal.com.ar\/argentina\/wp-json\/wp\/v2\/posts"}],"about":[{"href":"http:\/\/argentinamunicipal.com.ar\/argentina\/wp-json\/wp\/v2\/types\/post"}],"author":[{"embeddable":true,"href":"http:\/\/argentinamunicipal.com.ar\/argentina\/wp-json\/wp\/v2\/users\/2"}],"replies":[{"embeddable":true,"href":"http:\/\/argentinamunicipal.com.ar\/argentina\/wp-json\/wp\/v2\/comments?post=36461"}],"version-history":[{"count":0,"href":"http:\/\/argentinamunicipal.com.ar\/argentina\/wp-json\/wp\/v2\/posts\/36461\/revisions"}],"wp:featuredmedia":[{"embeddable":true,"href":"http:\/\/argentinamunicipal.com.ar\/argentina\/wp-json\/wp\/v2\/media\/36462"}],"wp:attachment":[{"href":"http:\/\/argentinamunicipal.com.ar\/argentina\/wp-json\/wp\/v2\/media?parent=36461"}],"wp:term":[{"taxonomy":"category","embeddable":true,"href":"http:\/\/argentinamunicipal.com.ar\/argentina\/wp-json\/wp\/v2\/categories?post=36461"},{"taxonomy":"post_tag","embeddable":true,"href":"http:\/\/argentinamunicipal.com.ar\/argentina\/wp-json\/wp\/v2\/tags?post=36461"}],"curies":[{"name":"wp","href":"https:\/\/api.w.org\/{rel}","templated":true}]}}