{"id":36492,"date":"2015-09-14T10:30:35","date_gmt":"2015-09-14T13:30:35","guid":{"rendered":"http:\/\/argentinamunicipal.com.ar\/argentina\/?p=36492"},"modified":"2015-09-14T10:30:35","modified_gmt":"2015-09-14T13:30:35","slug":"en-catamarca-plantaron-mas-de-10-000-arboles-para-mitigar-el-viento-y-el-calor","status":"publish","type":"post","link":"http:\/\/argentinamunicipal.com.ar\/argentina\/en-catamarca-plantaron-mas-de-10-000-arboles-para-mitigar-el-viento-y-el-calor\/","title":{"rendered":"En Catamarca plantaron m\u00e1s de 10.000 \u00e1rboles para mitigar el viento y el calor"},"content":{"rendered":"<p><a href=\"http:\/\/argentinamunicipal.com.ar\/argentina\/wp-content\/uploads\/2015\/09\/09-f1_9.jpg\"><img loading=\"lazy\" decoding=\"async\" class=\"aligncenter  wp-image-36493\" src=\"http:\/\/argentinamunicipal.com.ar\/argentina\/wp-content\/uploads\/2015\/09\/09-f1_9.jpg\" alt=\"09-f1_9\" width=\"657\" height=\"438\" srcset=\"http:\/\/argentinamunicipal.com.ar\/argentina\/wp-content\/uploads\/2015\/09\/09-f1_9.jpg 1152w, http:\/\/argentinamunicipal.com.ar\/argentina\/wp-content\/uploads\/2015\/09\/09-f1_9-300x200.jpg 300w, http:\/\/argentinamunicipal.com.ar\/argentina\/wp-content\/uploads\/2015\/09\/09-f1_9-1024x683.jpg 1024w\" sizes=\"auto, (max-width: 657px) 100vw, 657px\" \/><\/a><br \/>\nLo hizo la direcci\u00f3n de espacios verdes de la municipalidad. El objetivo es bajar el efecto del viento en esta \u00e9poca y el calor durante la temporada de verano.<\/p>\n<p>Las \u00e9pocas de vientos intensos que se registran en la actualidad, adem\u00e1s de la temporada estival que se avecina, obligaron a tomar medidas de prevenci\u00f3n a trav\u00e9s de una \u201ccortina forestal\u201d en el norte de la ciudad, con el prop\u00f3sito de disminuir los efectos de ambos fen\u00f3menos climatol\u00f3gicos.<\/p>\n<p>La municipalidad de San Fernando del Valle de Catamarca, a trav\u00e9s de la direcci\u00f3n de Espacios Verdes, trabaja en la forestaci\u00f3n de la ciudad, con el fin de disminuir las r\u00e1fagas de viento y las altas temperaturas que se registran en esta \u00e9poca del a\u00f1o. Durante seis meses se plantaron 10.000 \u00e1rboles en puntos estrat\u00e9gicos para combatir dichas condiciones clim\u00e1ticas.<\/p>\n<p>En la zona del Predio Ferial,\u00a0 donde m\u00e1s se sufren las consecuencias del viento y el polvo en suspensi\u00f3n, las cuadrillas de la direcci\u00f3n de Espacios Verdes realizaron 4.000 plantaciones de tres diferentes especies de plantas: \u201cLapacho amarillo\u201d; \u201cIratit\u00e1\u201d y \u201cTipa\u201d, las cuales reciben riego por goteo y cumplen la principal funci\u00f3n de evitar la voladura de suelo por los fuertes vientos del sector norte; adem\u00e1s se ejecut\u00f3 la reforestaci\u00f3n de avenida Choya. En el lugar se pusieron 2.000 especies de \u201cPezu\u00f1a de vaca\u201d en la platabanda.<\/p>\n<p>La misma labor se realiza en las avenidas Latzina y Manuel Navarro, en la zona sur de la ciudad, con lo cual se estar\u00eda llegando a 4.000 nuevas plantas que generan una cortina forestal en distintos puntos de la Capital.<\/p>\n<p>Adem\u00e1s, se especifica que \u201clos trabajos son planificados con anterioridad, para que llegada la \u00e9poca del a\u00f1o de calor en nuestra ciudad, ya contemos con los recursos naturales necesarios para combatir las condiciones clim\u00e1ticas que se presentan\u201d, seg\u00fan coment\u00f3 Carlos Garc\u00eda, director de Espacios Verdes de la municipalidad de la Capital.<\/p>\n<p>Por \u00faltimo, el funcionario comunal explic\u00f3 que \u201cla elecci\u00f3n de las especies de plantas se debe a que son finas, medianas y no ensucian mucho\u201d.<\/p>\n<p>\u201cEsas caracter\u00edsticas -agreg\u00f3- son muy importantes para planificar las labores de manera responsable y saludable\u201d.<\/p>\n<p><strong>Otros trabajos<\/strong><\/p>\n<p>Adem\u00e1s de las forestaciones que se realizan en distintos puntos de la ciudad, Carlos Garc\u00eda indic\u00f3 que la direcci\u00f3n de Espacios Verdes tambi\u00e9n llev\u00f3 a cabo una serie de labores de revalorizaci\u00f3n en la Plaza de Choya. De acuerdo con el detalle, en ese paseo p\u00fablico se coloc\u00f3 el sistema de riego por aspersi\u00f3n con el prop\u00f3sito de renovar la flora que se hab\u00eda perdido hace m\u00e1s de 8 a\u00f1os.<\/p>\n<h6>Fuente: La Uni\u00f3n Digital<\/h6>\n","protected":false},"excerpt":{"rendered":"<p>Lo hizo la direcci\u00f3n de espacios verdes de la municipalidad. El objetivo es bajar el efecto del viento en esta \u00e9poca y el calor durante la temporada de verano. Las \u00e9pocas de vientos intensos que se registran en la actualidad, adem\u00e1s de la temporada estival que se avecina, obligaron a tomar medidas de prevenci\u00f3n a<\/p>\n","protected":false},"author":2,"featured_media":36493,"comment_status":"closed","ping_status":"closed","sticky":false,"template":"","format":"standard","meta":{"footnotes":""},"categories":[2],"tags":[16],"class_list":["post-36492","post","type-post","status-publish","format-standard","has-post-thumbnail","hentry","category-informe-municipal","tag-catamarca"],"_links":{"self":[{"href":"http:\/\/argentinamunicipal.com.ar\/argentina\/wp-json\/wp\/v2\/posts\/36492","targetHints":{"allow":["GET"]}}],"collection":[{"href":"http:\/\/argentinamunicipal.com.ar\/argentina\/wp-json\/wp\/v2\/posts"}],"about":[{"href":"http:\/\/argentinamunicipal.com.ar\/argentina\/wp-json\/wp\/v2\/types\/post"}],"author":[{"embeddable":true,"href":"http:\/\/argentinamunicipal.com.ar\/argentina\/wp-json\/wp\/v2\/users\/2"}],"replies":[{"embeddable":true,"href":"http:\/\/argentinamunicipal.com.ar\/argentina\/wp-json\/wp\/v2\/comments?post=36492"}],"version-history":[{"count":0,"href":"http:\/\/argentinamunicipal.com.ar\/argentina\/wp-json\/wp\/v2\/posts\/36492\/revisions"}],"wp:featuredmedia":[{"embeddable":true,"href":"http:\/\/argentinamunicipal.com.ar\/argentina\/wp-json\/wp\/v2\/media\/36493"}],"wp:attachment":[{"href":"http:\/\/argentinamunicipal.com.ar\/argentina\/wp-json\/wp\/v2\/media?parent=36492"}],"wp:term":[{"taxonomy":"category","embeddable":true,"href":"http:\/\/argentinamunicipal.com.ar\/argentina\/wp-json\/wp\/v2\/categories?post=36492"},{"taxonomy":"post_tag","embeddable":true,"href":"http:\/\/argentinamunicipal.com.ar\/argentina\/wp-json\/wp\/v2\/tags?post=36492"}],"curies":[{"name":"wp","href":"https:\/\/api.w.org\/{rel}","templated":true}]}}