{"id":36506,"date":"2015-09-14T08:41:19","date_gmt":"2015-09-14T11:41:19","guid":{"rendered":"http:\/\/argentinamunicipal.com.ar\/argentina\/?p=36506"},"modified":"2015-09-14T10:46:42","modified_gmt":"2015-09-14T13:46:42","slug":"entre-rios-el-cancer-tiene-en-vilo-a-villa-elisa-e-investigan-las-causas","status":"publish","type":"post","link":"http:\/\/argentinamunicipal.com.ar\/argentina\/entre-rios-el-cancer-tiene-en-vilo-a-villa-elisa-e-investigan-las-causas\/","title":{"rendered":"Entre R\u00edos: el c\u00e1ncer tiene en vilo a Villa Elisa e investigan las causas"},"content":{"rendered":"<p><a href=\"http:\/\/argentinamunicipal.com.ar\/argentina\/wp-content\/uploads\/2015\/09\/maxresdefault1.jpg\"><img loading=\"lazy\" decoding=\"async\" class=\"aligncenter  wp-image-36507\" src=\"http:\/\/argentinamunicipal.com.ar\/argentina\/wp-content\/uploads\/2015\/09\/maxresdefault1.jpg\" alt=\"maxresdefault\" width=\"658\" height=\"370\" srcset=\"http:\/\/argentinamunicipal.com.ar\/argentina\/wp-content\/uploads\/2015\/09\/maxresdefault1.jpg 1280w, http:\/\/argentinamunicipal.com.ar\/argentina\/wp-content\/uploads\/2015\/09\/maxresdefault1-300x169.jpg 300w, http:\/\/argentinamunicipal.com.ar\/argentina\/wp-content\/uploads\/2015\/09\/maxresdefault1-1024x576.jpg 1024w\" sizes=\"auto, (max-width: 658px) 100vw, 658px\" \/><\/a><br \/>\nContaminaci\u00f3n ambiental. La Universidad Nacional de Entre R\u00edos realiza un nuevo trabajo sobre la enfermedad, principal motivo de muerte en la localidad.<\/p>\n<p>Una investigaci\u00f3n, realizada en 2007, ya hab\u00eda arrojado como una de sus conclusiones que la principal causa de muerte en la localidad entrerriana de Villa Elisa era el c\u00e1ncer. Ahora este mes inician un nuevo estudio para conocer en profundidad sus razones y aportar datos precisos que permitan realizar pol\u00edticas p\u00fablicas y sanitarias. Adem\u00e1s se hicieron jornadas de concientizaci\u00f3n sobre la enfermedad destinadas a estudiantes de los \u00faltimos a\u00f1os de las escuelas de la ciudad.<\/p>\n<p>El informe de 2007 aclar\u00f3 que la contaminaci\u00f3n por actividades productivas est\u00e1 vinculada principalmente con el uso de agroqu\u00edmicos en \u00e1reas rurales circundantes y que hab\u00eda pocos casos industriales que emit\u00eda part\u00edculas y olores.<\/p>\n<p>Ese trabajo fue un estudio retrospectivo que abarc\u00f3 el per\u00edodo 2001-2007 y fue realizado por el Programa Salud para todos de la Facultad de Ciencias de la Salud de la Universidad Nacional de Entre R\u00edos (Uner). El doctor Leandro Marc\u00f3 es el director de la propuesta, estuvo al frente de la iniciativa a\u00f1os atr\u00e1s y encarar\u00e1 el nuevo desaf\u00edo junto con el municipio de Villa Elisa y organizaciones civiles. La actual investigaci\u00f3n busca conocer los datos, los n\u00fameros y porcentajes de c\u00f3mo se genera la enfermedad y de sus principales causas.<\/p>\n<p>\u00abLo que hicimos en 2007 tambi\u00e9n fue a pedido del municipio. Se trat\u00f3 de un estudio del perfil epidemiol\u00f3gico general, para encontrar c\u00f3mo se distribu\u00edan las enfermedades. El resultado fue que la principal causa de mortalidad, era el c\u00e1ncer\u00bb, dijo Marc\u00f3 a UNO. Cabe aclarar que las cardiovasculares y cerebrovasculares les segu\u00edan.<\/p>\n<p>\u00abEn 2014 el municipio y diferentes organizaciones nos volvieron a pedir que nos encarguemos del tema. Acordamos y ahora empezamos a organizar la tarea\u00bb, agreg\u00f3.<\/p>\n<p><strong>Contaminaci\u00f3n ambiental.<\/strong> En abril se conoci\u00f3 una estad\u00edstica elaborada por vecinos autoconvocados Todos por Todos de San Salvador. La misma arroj\u00f3 que desde 2010 a 2013, casi la mitad de los fallecidos en esa ciudad (43,3 por ciento) fue por c\u00e1ncer.<\/p>\n<p>Sobre este tema y la preocupaci\u00f3n de la poblaci\u00f3n en general, Marc\u00f3 sostuvo: \u00abLa realidad de esta enfermedad es concreta y tiende a ser una de las principales de la Argentina\u00bb.<\/p>\n<p>Dijo tambi\u00e9n que es cierto que hay una relaci\u00f3n entre agroqu\u00edmicos y c\u00e1ncer en donde en algunas zonas est\u00e1 demostrada, pero en otras s\u00f3lo est\u00e1 sospechado con investigaciones que son muy cualitativas. Frente a esto, aclar\u00f3: \u00abVemos la necesidad de tener datos precisos. Desde el Programa de la Uner pensamos que para tomar decisiones sanitarias hay que tener un compromiso con la informaci\u00f3n y hay que mejorarla para que la acci\u00f3n del Estado y de la sociedad est\u00e9 orientada. No se trata s\u00f3lo de calcular recursos y esfuerzos, sino tambi\u00e9n hay que ver c\u00f3mo ser\u00e1n evaluados los resultados y con qu\u00e9 ser\u00e1n comparados en el tiempo\u00bb.<\/p>\n<p><strong>En 2016.<\/strong>En palabras simples, dijo que ahora iniciar\u00e1n es una investigaci\u00f3n para poder elaborar los n\u00fameros y los porcentajes del c\u00e1ncer en Villa Elisa. A los resultados esperan tenerlos para abril de 2016. \u00abAdem\u00e1s quedar\u00e1 instalado en la ciudad, un proyecto de registro de c\u00e1ncer para tener mayor certidumbre\u00bb, remat\u00f3.<\/p>\n<p>Salud para Todos es un programa que tiene 30 a\u00f1os y genera actividades de formaci\u00f3n, extensi\u00f3n e investigaci\u00f3n desde la facultad de la Uner de Concepci\u00f3n del Uruguay. Miriam Schoeder, es enfermera, tiene estudios de posgrados, es una de las referentes de Villa Elisa en esa investigaci\u00f3n iniciada en 2007 y participar\u00e1 de esta nueva etapa. \u00abLo que vamos a hacer es un proceso de renovaci\u00f3n de datos donde pretendemos conocer si el c\u00e1ncer sigue aquella manera o si en los \u00faltimos a\u00f1os hubo alg\u00fan tipo de cambio\u00bb, destac\u00f3 a UNO.<\/p>\n<p><strong>Los \u00faltimos 5 a\u00f1os<\/strong>. La nueva investigaci\u00f3n abarcar\u00e1, en principio, los \u00faltimos cinco a\u00f1os. \u00abLo que haremos ser\u00e1 m\u00e1s espec\u00edfico con respecto a las causas. Prevemos una tarea de unos seis meses. En 2007 abordamos problemas de vivienda, trabajo, qu\u00e9 tipo de enfermedades, si hab\u00eda agua potable. Ahora buscaremos las causas. Se dice que son las fumigaciones, bueno, debemos estudiarlo. Tenemos agricultura y ganader\u00eda, es de lo que vivimos aqu\u00ed y queremos ver d\u00f3nde est\u00e1 el problema\u00bb, dijo.<\/p>\n<p>Seg\u00fan explic\u00f3, har\u00e1n una encuesta en toda la ciudad con una unidad sanitaria m\u00f3vil que recorrer\u00e1 a diario diferentes zonas y abrir\u00e1n un observatorio de c\u00e1ncer para que cualquiera pueda acercarse. Las entrevistas ser\u00e1 totalmente an\u00f3nimas. \u00abLo que nos interesa conocer es qu\u00e9 tipo de c\u00e1ncer y en qu\u00e9 zona vive la persona para poder saber lo que ocurre en ese lugar a nivel medioambiental\u00bb.<\/p>\n<p>La unidad m\u00f3vil tiene atenci\u00f3n primaria y se llegar\u00e1 a los barrio m\u00e1s alejados del hospital local.<\/p>\n<p><strong>Berm\u00fadez: vecinos piden datos de prevenci\u00f3n<\/strong><\/p>\n<p>Vecinos autoconvocados de Capit\u00e1n Berm\u00fadez junto a Taller Ecologista y Semillas de Futuro celebraron que el municipio est\u00e9 llevando adelante acciones en el marco de la campa\u00f1a de prevenci\u00f3n de c\u00e1ncer colorrectal y pidieron ser informados sobre el plan de trabajo, que la ciudadan\u00eda desconoce.<\/p>\n<p>El 17 de julio, luego de meses de espera y tras la amplia movilizaci\u00f3n social, los vecinos autoconvocados junto a las organizaciones Taller Ecologista y Semillas de Futuro, fueron atendidos por el intendente Mario Montizanti, quien se mostr\u00f3 predispuesto en impulsar desde el municipio una campa\u00f1a de prevenci\u00f3n del c\u00e1ncer colorrectal, entre otras acciones en pos del resguardo de la salud de la poblaci\u00f3n, dados los elevados \u00edndices de morbi-mortalidad en el cord\u00f3n industrial de la regi\u00f3n.<\/p>\n<p>A fines de julio, sabiendo que se estaban llevando adelante reuniones con funcionarios del gobierno y de \u00e1reas de salud del municipio y de la provincia, se le entreg\u00f3 una nueva nota al intendente solicitando informaci\u00f3n sobre los avances concretos en torno a la campa\u00f1a.<\/p>\n<p>\u00abEs importante informar a toda la comunidad y a las organizaciones que venimos involucradas en esta lucha, sobre el plan de trabajo dise\u00f1ado en el marco de la campa\u00f1a. Este es un tema fundamental para el resguardo de la salud de la poblaci\u00f3n, logramos ponerlo en la agenda pol\u00edtica tras una larga lucha. Somos parte de esta campa\u00f1a y nos parece desconsiderado que se nos est\u00e9 dejando afuera\u00bb, manifesto ya hace un tiempo el grupo.<\/p>\n<p>Seg\u00fan el informe de morbi-mortalidad sobre el cord\u00f3n industrial de la regi\u00f3n Rosario del a\u00f1o 2012, realizado por el Ministerio de Salud de la provincia, \u00abBerm\u00fadez cuenta con una preocupante tasa de casos de mortalidad por tumor colorrectal porque supera ampliamente la media nacional\u00bb, se\u00f1alaron al intendente. \u00abEn otro informe de 2014, el mismo Ministerio revel\u00f3 que el tumor maligno de colon tiene una tendencia creciente en la provincia\u00bb, recordaron referentes de Taller Ecologista.<\/p>\n<p>En la reuni\u00f3n mantenida con Montizanti, en el marco del derecho al acceso a la informaci\u00f3n p\u00fablica, se solicit\u00f3 que se brinde informaci\u00f3n sobre tres puntos fundamentales: los \u00edndices de enfermedades oncol\u00f3gicas y afecciones respiratorias en esa ciudad; las medidas tomadas para identificar y modificar factores ambientales que puedan estar asociados a esta situaci\u00f3n, y acerca de las medidas preventivas tendientes a identificar pacientes de alto riesgo de las enfermedades oncol\u00f3gicas de mayor prevalencia.<\/p>\n<h6>Fuente: La Capital, Rosario<\/h6>\n","protected":false},"excerpt":{"rendered":"<p>Contaminaci\u00f3n ambiental. La Universidad Nacional de Entre R\u00edos realiza un nuevo trabajo sobre la enfermedad, principal motivo de muerte en la localidad. Una investigaci\u00f3n, realizada en 2007, ya hab\u00eda arrojado como una de sus conclusiones que la principal causa de muerte en la localidad entrerriana de Villa Elisa era el c\u00e1ncer. Ahora este mes inician<\/p>\n","protected":false},"author":2,"featured_media":36507,"comment_status":"closed","ping_status":"closed","sticky":false,"template":"","format":"standard","meta":{"footnotes":""},"categories":[2],"tags":[17],"class_list":["post-36506","post","type-post","status-publish","format-standard","has-post-thumbnail","hentry","category-informe-municipal","tag-entre-rios"],"_links":{"self":[{"href":"http:\/\/argentinamunicipal.com.ar\/argentina\/wp-json\/wp\/v2\/posts\/36506","targetHints":{"allow":["GET"]}}],"collection":[{"href":"http:\/\/argentinamunicipal.com.ar\/argentina\/wp-json\/wp\/v2\/posts"}],"about":[{"href":"http:\/\/argentinamunicipal.com.ar\/argentina\/wp-json\/wp\/v2\/types\/post"}],"author":[{"embeddable":true,"href":"http:\/\/argentinamunicipal.com.ar\/argentina\/wp-json\/wp\/v2\/users\/2"}],"replies":[{"embeddable":true,"href":"http:\/\/argentinamunicipal.com.ar\/argentina\/wp-json\/wp\/v2\/comments?post=36506"}],"version-history":[{"count":0,"href":"http:\/\/argentinamunicipal.com.ar\/argentina\/wp-json\/wp\/v2\/posts\/36506\/revisions"}],"wp:featuredmedia":[{"embeddable":true,"href":"http:\/\/argentinamunicipal.com.ar\/argentina\/wp-json\/wp\/v2\/media\/36507"}],"wp:attachment":[{"href":"http:\/\/argentinamunicipal.com.ar\/argentina\/wp-json\/wp\/v2\/media?parent=36506"}],"wp:term":[{"taxonomy":"category","embeddable":true,"href":"http:\/\/argentinamunicipal.com.ar\/argentina\/wp-json\/wp\/v2\/categories?post=36506"},{"taxonomy":"post_tag","embeddable":true,"href":"http:\/\/argentinamunicipal.com.ar\/argentina\/wp-json\/wp\/v2\/tags?post=36506"}],"curies":[{"name":"wp","href":"https:\/\/api.w.org\/{rel}","templated":true}]}}