{"id":36509,"date":"2015-09-15T09:17:00","date_gmt":"2015-09-15T12:17:00","guid":{"rendered":"http:\/\/argentinamunicipal.com.ar\/argentina\/?p=36509"},"modified":"2015-09-18T10:20:13","modified_gmt":"2015-09-18T13:20:13","slug":"lomas-brown-y-avellaneda-impulsan-a-sus-emprendedores-y-productos-locales","status":"publish","type":"post","link":"http:\/\/argentinamunicipal.com.ar\/argentina\/lomas-brown-y-avellaneda-impulsan-a-sus-emprendedores-y-productos-locales\/","title":{"rendered":"Lomas, Brown y Avellaneda: impulsan a sus emprendedores y productos locales"},"content":{"rendered":"<p>&nbsp;<\/p>\n<p><a href=\"http:\/\/argentinamunicipal.com.ar\/argentina\/wp-content\/uploads\/2015\/09\/153702_1.jpg\"><img loading=\"lazy\" decoding=\"async\" class=\"aligncenter size-full wp-image-36535\" src=\"http:\/\/argentinamunicipal.com.ar\/argentina\/wp-content\/uploads\/2015\/09\/153702_1.jpg\" alt=\"153702_1\" width=\"640\" height=\"300\" srcset=\"http:\/\/argentinamunicipal.com.ar\/argentina\/wp-content\/uploads\/2015\/09\/153702_1.jpg 640w, http:\/\/argentinamunicipal.com.ar\/argentina\/wp-content\/uploads\/2015\/09\/153702_1-300x141.jpg 300w\" sizes=\"auto, (max-width: 640px) 100vw, 640px\" \/><\/a><\/p>\n<p>A trav\u00e9s de exposiciones de PyMes e instituciones, a nivel industrial, comercial y cultural, los municipios de Lomas, Brown y Avellaneda proponen fortalecer la econom\u00eda local.<\/p>\n<p>Con el objetivo de propulsar la actividad de los emprendedores y productores locales, en la regi\u00f3n se realizan anualmente diferentes exposiciones multisectoriales y ferias que, en cada edici\u00f3n, re\u00fanen a gran cantidad de vecinos. Expo Lomas, Expo Parque y Expo Avellaneda convocan a miles de visitantes que, no s\u00f3lo cuentan con una oferta comercial, gastron\u00f3mica y de entretenimiento, sino tambi\u00e9n con la posibilidad de conocer productos realizados por sus propios vecinos. Una tendencia que crece en la zona y que busca ampliar el horizonte de los comerciantes y emprendedores locales.<\/p>\n<p>\u201cEstas ferias son muy importantes para nosotros porque nos otorgan la posibilidad de captar clientes nuevos y que nos conozcan, en nuestro caso como fabricantes de indumentaria. Somos proveedores de empresas y colegios y para m\u00ed es muy importante la posibilidad de participar con un stand y estar ac\u00e1 presente\u201d, resalt\u00f3 a este medio Juan Carlos Pesce, que el fin de semana particip\u00f3 con su empresa \u201cBari Textil\u201d en Expo Lomas.<\/p>\n<p>\u201cEs nuestra primera vez en esta Expo tan importante y conocida en la zona, por eso las expectativas eran muy grandes. Lomas es un partido muy importante, hay muchas empresas y estamos dispuestos a crecer\u201d, cont\u00f3.<\/p>\n<p>Expo Lomas comenz\u00f3 el mi\u00e9rcoles pasado y culmin\u00f3 el domingo. Cont\u00f3 con m\u00e1s de 300 stands divididos en microempresas, comercio, servicios, industria y gastronom\u00eda.<\/p>\n<p>\u201cSon todos locales de muy buen nivel. Esta fue la novena edici\u00f3n de la Expo y ha trascendido en cantidad de gente\u201d, advirti\u00f3 a Info Regi\u00f3n el director de Comercio Exterior de Lomas de Zamora, Gustavo Lajnis, quien sostuvo que la muestra super\u00f3 las 300.000 visitas que recibi\u00f3 en su edici\u00f3n del a\u00f1o pasado.<\/p>\n<p>\u201cHay un canal de comercializaci\u00f3n muy grande por el flujo de gente que asiste. A la Expo la hemos visto crecer en muchos aspectos. Lo m\u00e1s importante es que se instal\u00f3 como un evento que vale la pena visitar. Hay una combinaci\u00f3n de factores: es industrial, comercial, cultural y gastron\u00f3mica, ese combo atrae a la gente\u201d, se\u00f1al\u00f3 Lajnis.<\/p>\n<p>Una curiosidad de esta Expo Lomas es que muchos expositores que se sumaron este a\u00f1o la hab\u00edan visitado en ediciones anteriores. Este es el caso de Guillermo Bal\u00f3, gerente de \u201cEstancia Gourmet La Camila\u201d. \u201cNosotros somos de Escobar. Ya hab\u00edamos recorrido la feria y la Municipalidad de Lomas nos invit\u00f3 a participar\u201d, se\u00f1al\u00f3.<\/p>\n<p>En Avellaneda tambi\u00e9n. Hace dos semanas, la muestra Industrial \u201cExpo Avellaneda 2015\u201d, en el Shopping Alto Avellaneda, tambi\u00e9n convoc\u00f3 a miles de personas.<\/p>\n<p>\u201cLo que se busca con esta feria es promocionar a las peque\u00f1as, medianas y grandes empresas, como as\u00ed tambi\u00e9n a micro emprendedores de toda la ciudad. Ellos tambi\u00e9n tuvieron la posibilidad de realizar rondas de negocios regionales y multisectoriales, as\u00ed como intercambios entre los empresarios para abrir nuevos negocios\u201d, apuntaron desde la Secretar\u00eda de Producci\u00f3n, Pol\u00edtica Ambiental y Empleo y sostuvieron que m\u00e1s de 100 mil personas visitaron la muestra.<\/p>\n<p><strong>Lo que se viene.<\/strong> A fin de mes, en tanto, ser\u00e1 el turno de Expo Parque, que se desarrollar\u00e1 del 29 de septiembre al 1 de octubre en el Parque industrial de Burzaco. \u201cEl evento busca unir a empresas de productos y servicios de afuera del Parque y de adentro. El objetivo es vincularlas, dar a conocer nuevas tendencias, nuevas tecnolog\u00edas y generar lazos con empresas con las cuales podr\u00edan hacer alianzas estrat\u00e9gicas\u201d, explic\u00f3 Lorena Terranova desde Acci\u00f3n Sur, el grupo que la organiza.<\/p>\n<p>La Expo tendr\u00e1 1600 metros cuadrados, teniendo en cuenta el espacio exterior, adem\u00e1s de la carpa. Y contar\u00e1 con m\u00e1s de 60 expositores. Seg\u00fan Micaela Vecchio, coordinadora General de Accion Sur, \u201cla concurrencia, teniendo en cuenta a\u00f1os anteriores, ser\u00e1 de entre 800 y 1000 personas\u201d.<\/p>\n<p>En dialogo con este medio, Cristian Pitzzo, de \u201cStihl Burzaco\u201d reconoci\u00f3 la importancia de participar en el evento: \u201cSomos una PyMe de arreglo de m\u00e1quinas para el mantenimiento de espacios verdes. Es la primera vez que vamos a participar y tenemos muchas expectativas. Empezamos hace poco y entendemos lo que valen hoy en d\u00eda los contactos, las relaciones con otras empresas. Esta Expo nos da la posibilidad de darnos a conocer, que es algo fundamental en el negocio\u201d.<\/p>\n<p><strong>Otras propuestas locales<\/strong>. Adem\u00e1s de las grandes exposiciones anuales que organizan los municipios de la regi\u00f3n, durante el a\u00f1o tambi\u00e9n se realizan ferias locales que fomentan el desarrollo de emprendedores y el comercio de productos locales. Algunos ejemplos son la feria \u201cQuinta Esencia\u201d, de Lomas, que se realiza una vez al mes en la casa de arte El Nido, donde se re\u00fanen productos org\u00e1nicos y naturales de todo tipo, adem\u00e1s de brindarse charlas y actividades para grandes y chicos.<\/p>\n<p>Otra propuesta en zona sur es la \u201cFeria Verde\u201d de Adrogu\u00e9, donde se pueden adquirir productos naturales, org\u00e1nicos con el medio ambiente y tambi\u00e9n disfrutar de actividades gratuitas.<\/p>\n<h6>Fuente: InfoRegi\u00f3n<\/h6>\n","protected":false},"excerpt":{"rendered":"<p>A trav\u00e9s de exposiciones de PyMes e instituciones, a nivel industrial, comercial y cultural, los municipios de Lomas, Brown y Avellaneda proponen fortalecer la econom\u00eda local.<\/p>\n","protected":false},"author":2,"featured_media":36535,"comment_status":"closed","ping_status":"closed","sticky":false,"template":"","format":"standard","meta":{"footnotes":""},"categories":[2],"tags":[12],"class_list":["post-36509","post","type-post","status-publish","format-standard","has-post-thumbnail","hentry","category-informe-municipal","tag-buenos-aires"],"_links":{"self":[{"href":"http:\/\/argentinamunicipal.com.ar\/argentina\/wp-json\/wp\/v2\/posts\/36509","targetHints":{"allow":["GET"]}}],"collection":[{"href":"http:\/\/argentinamunicipal.com.ar\/argentina\/wp-json\/wp\/v2\/posts"}],"about":[{"href":"http:\/\/argentinamunicipal.com.ar\/argentina\/wp-json\/wp\/v2\/types\/post"}],"author":[{"embeddable":true,"href":"http:\/\/argentinamunicipal.com.ar\/argentina\/wp-json\/wp\/v2\/users\/2"}],"replies":[{"embeddable":true,"href":"http:\/\/argentinamunicipal.com.ar\/argentina\/wp-json\/wp\/v2\/comments?post=36509"}],"version-history":[{"count":0,"href":"http:\/\/argentinamunicipal.com.ar\/argentina\/wp-json\/wp\/v2\/posts\/36509\/revisions"}],"wp:featuredmedia":[{"embeddable":true,"href":"http:\/\/argentinamunicipal.com.ar\/argentina\/wp-json\/wp\/v2\/media\/36535"}],"wp:attachment":[{"href":"http:\/\/argentinamunicipal.com.ar\/argentina\/wp-json\/wp\/v2\/media?parent=36509"}],"wp:term":[{"taxonomy":"category","embeddable":true,"href":"http:\/\/argentinamunicipal.com.ar\/argentina\/wp-json\/wp\/v2\/categories?post=36509"},{"taxonomy":"post_tag","embeddable":true,"href":"http:\/\/argentinamunicipal.com.ar\/argentina\/wp-json\/wp\/v2\/tags?post=36509"}],"curies":[{"name":"wp","href":"https:\/\/api.w.org\/{rel}","templated":true}]}}