{"id":36544,"date":"2015-09-15T10:26:53","date_gmt":"2015-09-15T13:26:53","guid":{"rendered":"http:\/\/argentinamunicipal.com.ar\/argentina\/?p=36544"},"modified":"2015-09-15T10:26:53","modified_gmt":"2015-09-15T13:26:53","slug":"el-gobierno-extiende-el-programa-crecer-a-siete-localidades-entrerrianas","status":"publish","type":"post","link":"http:\/\/argentinamunicipal.com.ar\/argentina\/el-gobierno-extiende-el-programa-crecer-a-siete-localidades-entrerrianas\/","title":{"rendered":"El Gobierno extiende el Programa \u201cCrecer\u201d a siete localidades entrerrianas"},"content":{"rendered":"<p><a href=\"http:\/\/argentinamunicipal.com.ar\/argentina\/wp-content\/uploads\/2015\/09\/o_1435439103.jpg\"><img loading=\"lazy\" decoding=\"async\" class=\"aligncenter  wp-image-36545\" src=\"http:\/\/argentinamunicipal.com.ar\/argentina\/wp-content\/uploads\/2015\/09\/o_1435439103.jpg\" alt=\"o_1435439103\" width=\"668\" height=\"376\" srcset=\"http:\/\/argentinamunicipal.com.ar\/argentina\/wp-content\/uploads\/2015\/09\/o_1435439103.jpg 800w, http:\/\/argentinamunicipal.com.ar\/argentina\/wp-content\/uploads\/2015\/09\/o_1435439103-300x169.jpg 300w\" sizes=\"auto, (max-width: 668px) 100vw, 668px\" \/><\/a><\/p>\n<p>El Ministerio de Desarrollo Social implementar\u00e1 el programa \u201cCrecer\u201d en Diamante, Victoria, Nogoy\u00e1, Rosario del Tala, Federal, Hernandarias y Piedras Blancas \u2022 La herramienta del Gobierno provincial apunta a incentivar la capacitaci\u00f3n y el autoempleo en j\u00f3venes entre 18 y 35 a\u00f1os<\/p>\n<p>El Gobierno provincial, a trav\u00e9s del Ministerio de Desarrollo Social, ha decidido dar continuidad al Programa Crecer en siete localidades entrerrianas.<\/p>\n<p>Este programa fue impulsado originalmente en 2014 en Paran\u00e1 y Concordia. La primera edici\u00f3n congreg\u00f3 unos mil j\u00f3venes. Este a\u00f1o, se realiz\u00f3 la segunda edici\u00f3n, que duplic\u00f3 el cupo de participantes y brind\u00f3 capacitaci\u00f3n y herramientas a unos dos m,il entrerrianos.<\/p>\n<p>Dado el \u00e9xito de las convocatorias, el Gobierno provincial tom\u00f3 la decisi\u00f3n de extender el programa a siete localidades m\u00e1s. Desde septiembre a diciembre, el \u201cCrecer\u201d se realizar\u00e1 en Diamante, Victoria, Nogoy\u00e1, Rosario de Tala, Federal, Hernandarias y Piedras Blancas.<\/p>\n<p>\u201cVamos a replicar en otras ciudades la excelente experiencia de las dos primeras ediciones en Paran\u00e1 y Concordia, en las que unos tres mil j\u00f3venes se capacitaron en un emprendimiento y recibieron m\u00e1quinas para comenzar a hacer realidad sus proyectos\u201d, inform\u00f3 el ministro Carlos Ramos.<\/p>\n<p>El funcionario indic\u00f3 que la decisi\u00f3n de ampliar el programa a nuevas localidades fue del Gobernador y puntualiz\u00f3: \u201cAs\u00ed como Sergio Urribarri redobl\u00f3 la apuesta y duplic\u00f3 la cantidad de j\u00f3venes este a\u00f1o, hoy nos llam\u00f3 a extender el programa a otros lugares\u201d.<\/p>\n<p><strong>Capacitaci\u00f3n<\/strong><\/p>\n<p>Durante estos tres meses, de septiembre a diciembre, los equipos del programa brindar\u00e1n una capacitaci\u00f3n semanal en cada localidad sobre la generaci\u00f3n de proyectos y administraci\u00f3n de emprendimientos de rubros variados. Adem\u00e1s, se abonar\u00e1 una asignaci\u00f3n estimulo mensual a cada joven durante el cursado.<\/p>\n<p>Al finalizar las capacitaciones, los j\u00f3venes recibir\u00e1n sus herramientas y maquinas y tendr\u00e1n un seguimiento personal por parte del Ministerio de Desarrollo Social.<\/p>\n<h6>Fuente: APF Digital<\/h6>\n","protected":false},"excerpt":{"rendered":"<p>El Ministerio de Desarrollo Social implementar\u00e1 el programa \u201cCrecer\u201d en Diamante, Victoria, Nogoy\u00e1, Rosario del Tala, Federal, Hernandarias y Piedras Blancas \u2022 La herramienta del Gobierno provincial apunta a incentivar la capacitaci\u00f3n y el autoempleo en j\u00f3venes entre 18 y 35 a\u00f1os El Gobierno provincial, a trav\u00e9s del Ministerio de Desarrollo Social, ha decidido dar<\/p>\n","protected":false},"author":2,"featured_media":36545,"comment_status":"closed","ping_status":"closed","sticky":false,"template":"","format":"standard","meta":{"footnotes":""},"categories":[2],"tags":[17],"class_list":["post-36544","post","type-post","status-publish","format-standard","has-post-thumbnail","hentry","category-informe-municipal","tag-entre-rios"],"_links":{"self":[{"href":"http:\/\/argentinamunicipal.com.ar\/argentina\/wp-json\/wp\/v2\/posts\/36544","targetHints":{"allow":["GET"]}}],"collection":[{"href":"http:\/\/argentinamunicipal.com.ar\/argentina\/wp-json\/wp\/v2\/posts"}],"about":[{"href":"http:\/\/argentinamunicipal.com.ar\/argentina\/wp-json\/wp\/v2\/types\/post"}],"author":[{"embeddable":true,"href":"http:\/\/argentinamunicipal.com.ar\/argentina\/wp-json\/wp\/v2\/users\/2"}],"replies":[{"embeddable":true,"href":"http:\/\/argentinamunicipal.com.ar\/argentina\/wp-json\/wp\/v2\/comments?post=36544"}],"version-history":[{"count":0,"href":"http:\/\/argentinamunicipal.com.ar\/argentina\/wp-json\/wp\/v2\/posts\/36544\/revisions"}],"wp:featuredmedia":[{"embeddable":true,"href":"http:\/\/argentinamunicipal.com.ar\/argentina\/wp-json\/wp\/v2\/media\/36545"}],"wp:attachment":[{"href":"http:\/\/argentinamunicipal.com.ar\/argentina\/wp-json\/wp\/v2\/media?parent=36544"}],"wp:term":[{"taxonomy":"category","embeddable":true,"href":"http:\/\/argentinamunicipal.com.ar\/argentina\/wp-json\/wp\/v2\/categories?post=36544"},{"taxonomy":"post_tag","embeddable":true,"href":"http:\/\/argentinamunicipal.com.ar\/argentina\/wp-json\/wp\/v2\/tags?post=36544"}],"curies":[{"name":"wp","href":"https:\/\/api.w.org\/{rel}","templated":true}]}}