{"id":36572,"date":"2015-09-16T08:37:36","date_gmt":"2015-09-16T11:37:36","guid":{"rendered":"http:\/\/argentinamunicipal.com.ar\/argentina\/?p=36572"},"modified":"2015-09-16T08:37:36","modified_gmt":"2015-09-16T11:37:36","slug":"mas-viviendas-redes-de-agua-y-gas-en-rio-cuarto","status":"publish","type":"post","link":"http:\/\/argentinamunicipal.com.ar\/argentina\/mas-viviendas-redes-de-agua-y-gas-en-rio-cuarto\/","title":{"rendered":"M\u00e1s viviendas, redes de agua y gas en R\u00edo Cuarto"},"content":{"rendered":"<p><a href=\"http:\/\/argentinamunicipal.com.ar\/argentina\/wp-content\/uploads\/2015\/09\/Aereas_Ciudad5.jpg\"><img loading=\"lazy\" decoding=\"async\" class=\"aligncenter size-full wp-image-36573\" src=\"http:\/\/argentinamunicipal.com.ar\/argentina\/wp-content\/uploads\/2015\/09\/Aereas_Ciudad5.jpg\" alt=\"Aereas_Ciudad5\" width=\"550\" height=\"367\" srcset=\"http:\/\/argentinamunicipal.com.ar\/argentina\/wp-content\/uploads\/2015\/09\/Aereas_Ciudad5.jpg 550w, http:\/\/argentinamunicipal.com.ar\/argentina\/wp-content\/uploads\/2015\/09\/Aereas_Ciudad5-300x200.jpg 300w\" sizes=\"auto, (max-width: 550px) 100vw, 550px\" \/><\/a><br \/>\nCon el Gabinete del Sur, el gobernador anunci\u00f3 la ampliaci\u00f3n del Plan Hogar Clase Media, redes de infraestructura y la construcci\u00f3n de una plaza. Tambi\u00e9n se analiz\u00f3 el avance de la autov\u00eda a C\u00f3rdoba<\/p>\n<p>En una reuni\u00f3n con el Gabinete del Sur en el Centro C\u00edvico de R\u00edo Cuarto, el gobernador Jos\u00e9 Manuel de la Sota puso ayer a consideraci\u00f3n una serie de obras para la ciudad.<\/p>\n<p>Por ejemplo, la ampliaci\u00f3n del Plan Hogar Clase Media correspondiente a Agec, que sumar\u00e1 17 viviendas a las 199 entregadas.<\/p>\n<p>Adem\u00e1s, a trav\u00e9s de un convenio entre el Ministerio de Infraestructura y el C\u00edrculo Vecinal R\u00edo Cuarto, se realizar\u00e1n obras menores de agua y gas en la ciudad.<\/p>\n<p>Tambi\u00e9n se acord\u00f3 la construcci\u00f3n de la Plaza de los Sentidos, frente al Centro C\u00edvico de la capital alterna, a trav\u00e9s de un convenio con la Fundaci\u00f3n Leonardo Da Vinci.<br \/>\nAsimismo, se analiz\u00f3 el avance de la autov\u00eda R\u00edo Cuarto-C\u00f3rdoba.<\/p>\n<p>Adem\u00e1s, se confirm\u00f3 la incorporaci\u00f3n, en el mes de octubre pr\u00f3ximo, de 6 camas de terapia intensiva en el Nuevo Hospital.<\/p>\n<p>La reuni\u00f3n por las obras para la ciudad se hizo luego de que el intendente Juan Jure hiciera p\u00fablico el Plan de los 100 Millones para el tramo final de su mandato.<\/p>\n<p>En la reuni\u00f3n estuvieron presentes la titular de la Fundaci\u00f3n Banco de C\u00f3rdoba, Adriana Nazario, el presidente de la Agencia C\u00f3rdoba Joven, Franco Miranda, y el secretario administrativo del Centro C\u00edvico, Juan Manuel Llamosas.<\/p>\n<p>El mandatario cordob\u00e9s repas\u00f3 adem\u00e1s los programas Boleto Obrero Social y Boleto Educativo Gratuito, la marcha de la obra del Ipem N\u00ba 255 de La Carlota y la obra de ensanche del puente de la localidad de Alejandro Roca, en el departamento Ju\u00e1rez Celman.<\/p>\n<p>Tambi\u00e9n se analiz\u00f3 el avance de la construcci\u00f3n del balneario dique de la localidad Achiras y el Centro C\u00edvico de Laboulaye.<\/p>\n<p>El Centro C\u00edvico de Laboulaye se est\u00e1 construyendo en conjunto con el Municipio local y la Asociaci\u00f3n Espa\u00f1ola de Socorros Mutuos de Laboulaye.<\/p>\n<p>El edificio albergar\u00e1 la sede del Concejo Deliberante y contar\u00e1 con despacho y sala de reuniones para el gabinete provincial, oficinas de la asociaci\u00f3n espa\u00f1ola y reparticiones del Gobierno de C\u00f3rdoba como Apross, Catastro y Rentas. Tambi\u00e9n funcionar\u00e1 all\u00ed el Ciac (Centro Integral de Atenci\u00f3n al Ciudadano).<\/p>\n<p>En tanto, en la localidad de Coronel Baigorria, se est\u00e1 trabajando en el nuevo edificio del Ipem 91 Rita Arg\u00fcello. La obra tiene un 56 por ciento de avance.<\/p>\n<p>El establecimiento tendr\u00e1 700 metros cuadrados, cuatro aulas, laboratorio, sala de inform\u00e1tica, biblioteca, ba\u00f1o para personas con discapacidad y play\u00f3n deportivo.<\/p>\n<p>La autov\u00eda<\/p>\n<p>En cuanto a la autov\u00eda a C\u00f3rdoba, la obra vial lleva m\u00e1s del 50 por ciento de habilitaci\u00f3n y el resto de los tramos tienen un 70 por ciento de avance, con frentes de obra en todos los sectores.<\/p>\n<p>En diferentes tramos, trabajan actualmente cuatro contratistas (Paolini, Iecsa, Roggio-Boetto y Buttigliengo y Chediak-Boetto y Buttigliengo).<\/p>\n<p>El Gobierno de C\u00f3rdoba destina a esta obra 400 millones de pesos mensuales.<br \/>\nTodo se paga con recursos propios, se inform\u00f3.<\/p>\n<p>La obra comprende la construcci\u00f3n de dos calzadas por sentido de circulaci\u00f3n de 7,30 metros de ancho, con dos carriles cada una, banquinas externas de 3 metros e internas de 2, un cantero central de 22 metros de ancho y retornos en longitudes no mayores a los 5 kil\u00f3metros.<\/p>\n<p>Las calzadas nuevas est\u00e1n constituidas por carpeta de concreto asf\u00e1ltico de 0,05 metro, asentada sobre una base negra de 0,07 metro y dos capas de estabilizado granular.<\/p>\n<p>Se construyen nueve variantes en las localidades de Coronel Baigorria, Alcira Gigena, Elena, Berrotar\u00e1n, Los C\u00f3ndores, Las Bajadas, San Agust\u00edn, Despe\u00f1aderos y Almafuerte.<\/p>\n<p>La variante Piedras Moras tendr\u00e1 cuatro puentes: dos sobre el arroyo Soconcho por un lado y dos sobre el extremo oeste del lago Piedras Moras.<\/p>\n<h6>Fuente: Puntal<\/h6>\n","protected":false},"excerpt":{"rendered":"<p>Con el Gabinete del Sur, el gobernador anunci\u00f3 la ampliaci\u00f3n del Plan Hogar Clase Media, redes de infraestructura y la construcci\u00f3n de una plaza. Tambi\u00e9n se analiz\u00f3 el avance de la autov\u00eda a C\u00f3rdoba En una reuni\u00f3n con el Gabinete del Sur en el Centro C\u00edvico de R\u00edo Cuarto, el gobernador Jos\u00e9 Manuel de la<\/p>\n","protected":false},"author":2,"featured_media":36573,"comment_status":"closed","ping_status":"closed","sticky":false,"template":"","format":"standard","meta":{"footnotes":""},"categories":[2],"tags":[3],"class_list":["post-36572","post","type-post","status-publish","format-standard","has-post-thumbnail","hentry","category-informe-municipal","tag-cordoba"],"_links":{"self":[{"href":"http:\/\/argentinamunicipal.com.ar\/argentina\/wp-json\/wp\/v2\/posts\/36572","targetHints":{"allow":["GET"]}}],"collection":[{"href":"http:\/\/argentinamunicipal.com.ar\/argentina\/wp-json\/wp\/v2\/posts"}],"about":[{"href":"http:\/\/argentinamunicipal.com.ar\/argentina\/wp-json\/wp\/v2\/types\/post"}],"author":[{"embeddable":true,"href":"http:\/\/argentinamunicipal.com.ar\/argentina\/wp-json\/wp\/v2\/users\/2"}],"replies":[{"embeddable":true,"href":"http:\/\/argentinamunicipal.com.ar\/argentina\/wp-json\/wp\/v2\/comments?post=36572"}],"version-history":[{"count":0,"href":"http:\/\/argentinamunicipal.com.ar\/argentina\/wp-json\/wp\/v2\/posts\/36572\/revisions"}],"wp:featuredmedia":[{"embeddable":true,"href":"http:\/\/argentinamunicipal.com.ar\/argentina\/wp-json\/wp\/v2\/media\/36573"}],"wp:attachment":[{"href":"http:\/\/argentinamunicipal.com.ar\/argentina\/wp-json\/wp\/v2\/media?parent=36572"}],"wp:term":[{"taxonomy":"category","embeddable":true,"href":"http:\/\/argentinamunicipal.com.ar\/argentina\/wp-json\/wp\/v2\/categories?post=36572"},{"taxonomy":"post_tag","embeddable":true,"href":"http:\/\/argentinamunicipal.com.ar\/argentina\/wp-json\/wp\/v2\/tags?post=36572"}],"curies":[{"name":"wp","href":"https:\/\/api.w.org\/{rel}","templated":true}]}}