{"id":36587,"date":"2015-09-16T08:57:15","date_gmt":"2015-09-16T11:57:15","guid":{"rendered":"http:\/\/argentinamunicipal.com.ar\/argentina\/?p=36587"},"modified":"2015-09-18T10:20:22","modified_gmt":"2015-09-18T13:20:22","slug":"rafaela-santa-fe-rosario-en-congreso-de-ciudades-inteligentes","status":"publish","type":"post","link":"http:\/\/argentinamunicipal.com.ar\/argentina\/rafaela-santa-fe-rosario-en-congreso-de-ciudades-inteligentes\/","title":{"rendered":"Rafaela, Santa fe, Rosario en Congreso de Ciudades Inteligentes"},"content":{"rendered":"<p><a href=\"http:\/\/argentinamunicipal.com.ar\/argentina\/wp-content\/uploads\/2015\/09\/eco-nomicas-ciudades-inteligentes-UBA1.jpg\"><img loading=\"lazy\" decoding=\"async\" class=\"aligncenter  wp-image-36588\" src=\"http:\/\/argentinamunicipal.com.ar\/argentina\/wp-content\/uploads\/2015\/09\/eco-nomicas-ciudades-inteligentes-UBA1.jpg\" alt=\"eco-nomicas-ciudades-inteligentes-UBA1\" width=\"689\" height=\"337\" srcset=\"http:\/\/argentinamunicipal.com.ar\/argentina\/wp-content\/uploads\/2015\/09\/eco-nomicas-ciudades-inteligentes-UBA1.jpg 1038w, http:\/\/argentinamunicipal.com.ar\/argentina\/wp-content\/uploads\/2015\/09\/eco-nomicas-ciudades-inteligentes-UBA1-300x147.jpg 300w, http:\/\/argentinamunicipal.com.ar\/argentina\/wp-content\/uploads\/2015\/09\/eco-nomicas-ciudades-inteligentes-UBA1-1024x501.jpg 1024w\" sizes=\"auto, (max-width: 689px) 100vw, 689px\" \/><\/a><br \/>\nEl objetivo es debatir sobre experiencias innovadoras de gesti\u00f3n. La Municipalidad local presentar\u00e1 el caso del Programa Rafaela+Sustentable.<\/p>\n<p>Bajo la idea \u201cCiudades Inteligentes, + Innovadoras, + Humanas\u201d, la UBA organiza el Ier. Congreso internacional de ciudades Inteligentes entre este mi\u00e9rcoles y jueves. Intendentes de todo el arco pol\u00edtico junto a especialistas y l\u00edderes se reunir\u00e1n en la Facultad de Ciencias Econ\u00f3micas para pensar y debatir sobre la organizaci\u00f3n y el futuro de las ciudades.<\/p>\n<p>El expresidente de Uruguay Julio Mar\u00eda Sanguinetti, el intendente de la Regi\u00f3n Metropolitana de Santiago, Claudio Orrego Larrain, el ex alcalde de Barcelona entre los a\u00f1os 2006 y 2011 Jordi Hereu, el neurocient\u00edfico Facundo Manes pensar\u00e1n sobre proyectos vinculados a la mejora en la calidad de vida de los ciudadanos.<\/p>\n<p>La iniciativa tendr\u00e1 una integraci\u00f3n pol\u00edtica plural: ya han confirmado su presencia m\u00e1s de 50 intendentes y habr\u00e1 representaci\u00f3n de m\u00e1s 150 ciudades. Una Mesa de Intendentes integrada por Jos\u00e9 Corral (UCR-Santa Fe), M\u00f3nica Fein (Rosario-Progresistas), Jorge Macri (Vicente Lopez-PRO), Mario Meoni (Jun\u00edn-FR) y Patricio Mussi (FPV-Berazategui) animar\u00e1 uno de los debates inaugurales del Congreso.<\/p>\n<p>Si bien el intendente de la Municipalidad de Rafaela, Luis Castellano, figura entre los disertantes en el programa oficial, en realidad la ciudad ser\u00e1 representada por el responsable del Programa Rafaela+Sustentable, Alejandro Jurado.<\/p>\n<p>El Congreso servir\u00e1 para presentar experiencias de gesti\u00f3n innovadoras y exitosas junto a gestores de Argentina y el mundo en colaboraci\u00f3n con el Smart City Expo, la cumbre mundial que se realiza desde hace 5 a\u00f1os en Barcelona.<\/p>\n<p>La programaci\u00f3n presentar\u00e1 conferencias y mesas de trabajo sobre Movilidad, Innovaci\u00f3n Social, Sustentabilidad y Gobernanza. En este sentido, Rafaela participar\u00e1 en el panel que se llevar\u00e1 a cabo el jueves desde las 15:15 sobre Sustentabilidad: \u00abDesaf\u00edos para el planeamiento de ciudades sustentables\u00bb, en el que Jurado compartir\u00e1 el debate junto a los intendentes de San Lorenzo, Leonardo Raimundo, de Mendoza, Rodolfo Su\u00e1rez y al titular de la Comisi\u00f3n de Asuntos Municipales de la C\u00e1mara de Diputados, Christian Gribaudo, en tanto que el moderador ser\u00e1 Mart\u00edn Soulier, de ICES BID.<\/p>\n<p>La iniciativa est\u00e1 dirigida a municipios, administraciones p\u00fablicas, profesionales, acad\u00e9micos y todas las empresas relacionadas con la implementaci\u00f3n y el desarrollo de herramientas para las Ciudades Inteligentes.<\/p>\n<p>\u00abLas ciudades inteligentes son una realidad en el mundo y tambi\u00e9n en Argentina: desarrollan proyectos orientados a mejorar la calidad de vida de los ciudadanos, responden a nuevos retos con conceptos te\u00f3ricos y herramientas de gesti\u00f3n innovadoras. Medio ambiente, desarrollo urbano, participaci\u00f3n ciudadana, democratizaci\u00f3n del espacio p\u00fablico, redes de comunicaci\u00f3n, Big Data, sensores inteligentes, transporte p\u00fablico sustentable, energ\u00eda y tratamiento de residuos, son algunos de los \u00e1mbitos donde se asienta este nuevo paradigma. Este congreso es una oportunidad para reflexionar sobre las ciudades del futuro y el futuro de las ciudades\u00bb, destacan los organizadores.<\/p>\n<h6>Fuente: La Opini\u00f3n<\/h6>\n","protected":false},"excerpt":{"rendered":"<p>El objetivo es debatir sobre experiencias innovadoras de gesti\u00f3n. La Municipalidad local presentar\u00e1 el caso del Programa Rafaela+Sustentable.<\/p>\n","protected":false},"author":2,"featured_media":36588,"comment_status":"closed","ping_status":"closed","sticky":false,"template":"","format":"standard","meta":{"footnotes":""},"categories":[2],"tags":[10],"class_list":["post-36587","post","type-post","status-publish","format-standard","has-post-thumbnail","hentry","category-informe-municipal","tag-santa-fe"],"_links":{"self":[{"href":"http:\/\/argentinamunicipal.com.ar\/argentina\/wp-json\/wp\/v2\/posts\/36587","targetHints":{"allow":["GET"]}}],"collection":[{"href":"http:\/\/argentinamunicipal.com.ar\/argentina\/wp-json\/wp\/v2\/posts"}],"about":[{"href":"http:\/\/argentinamunicipal.com.ar\/argentina\/wp-json\/wp\/v2\/types\/post"}],"author":[{"embeddable":true,"href":"http:\/\/argentinamunicipal.com.ar\/argentina\/wp-json\/wp\/v2\/users\/2"}],"replies":[{"embeddable":true,"href":"http:\/\/argentinamunicipal.com.ar\/argentina\/wp-json\/wp\/v2\/comments?post=36587"}],"version-history":[{"count":0,"href":"http:\/\/argentinamunicipal.com.ar\/argentina\/wp-json\/wp\/v2\/posts\/36587\/revisions"}],"wp:featuredmedia":[{"embeddable":true,"href":"http:\/\/argentinamunicipal.com.ar\/argentina\/wp-json\/wp\/v2\/media\/36588"}],"wp:attachment":[{"href":"http:\/\/argentinamunicipal.com.ar\/argentina\/wp-json\/wp\/v2\/media?parent=36587"}],"wp:term":[{"taxonomy":"category","embeddable":true,"href":"http:\/\/argentinamunicipal.com.ar\/argentina\/wp-json\/wp\/v2\/categories?post=36587"},{"taxonomy":"post_tag","embeddable":true,"href":"http:\/\/argentinamunicipal.com.ar\/argentina\/wp-json\/wp\/v2\/tags?post=36587"}],"curies":[{"name":"wp","href":"https:\/\/api.w.org\/{rel}","templated":true}]}}