{"id":36590,"date":"2015-09-16T09:01:15","date_gmt":"2015-09-16T12:01:15","guid":{"rendered":"http:\/\/argentinamunicipal.com.ar\/argentina\/?p=36590"},"modified":"2015-09-16T09:01:15","modified_gmt":"2015-09-16T12:01:15","slug":"crece-el-empleo-registrado-en-santa-fe-en-el-segundo-trimestre-de-2015","status":"publish","type":"post","link":"http:\/\/argentinamunicipal.com.ar\/argentina\/crece-el-empleo-registrado-en-santa-fe-en-el-segundo-trimestre-de-2015\/","title":{"rendered":"Crece el empleo registrado en Santa Fe en el segundo trimestre de 2015"},"content":{"rendered":"<p><a href=\"http:\/\/argentinamunicipal.com.ar\/argentina\/wp-content\/uploads\/2015\/09\/empleo.jpg_973718260.jpg\"><img loading=\"lazy\" decoding=\"async\" class=\"aligncenter  wp-image-36591\" src=\"http:\/\/argentinamunicipal.com.ar\/argentina\/wp-content\/uploads\/2015\/09\/empleo.jpg_973718260.jpg\" alt=\"empleo.jpg_973718260\" width=\"680\" height=\"474\" srcset=\"http:\/\/argentinamunicipal.com.ar\/argentina\/wp-content\/uploads\/2015\/09\/empleo.jpg_973718260.jpg 789w, http:\/\/argentinamunicipal.com.ar\/argentina\/wp-content\/uploads\/2015\/09\/empleo.jpg_973718260-300x209.jpg 300w\" sizes=\"auto, (max-width: 680px) 100vw, 680px\" \/><\/a><br \/>\nEn este per\u00edodo se alcanz\u00f3 el pico m\u00e1s alto de puestos desde 2007, alcanzando un promedio de 491.350 trabajadores registrados.<\/p>\n<p>Seg\u00fan los datos publicados en el \u00faltimo bolet\u00edn estad\u00edstico del Observatorio Laboral de la Provincia sobre \u201cEvoluci\u00f3n del empleo registrado en la provincia de Santa Fe\u201d, que elabora el Ministerio de Trabajo y Seguridad Social, en el segundo trimestre de 2015 se alcanz\u00f3 el pico m\u00e1s alto de cantidad de puestos para la serie temporal 2007-2015, con una cifra promedio de 491.350 trabajadores.<\/p>\n<p>Para el mismo per\u00edodo, el empleo registrado creci\u00f3 2,6 por ciento, equivalente a 12.392 puestos de trabajo m\u00e1s que los existentes en el mismo trimestre del a\u00f1o anterior.<\/p>\n<p>&nbsp;<\/p>\n<p>La informaci\u00f3n sobre empleo privado registrado se encuentra actualizada a junio de 2015, y proviene del Sistema Integrado Previsional Argentino (SIPA) de la Administraci\u00f3n Federal Ingresos P\u00fablicos (AFIP), procesada por el Ministerio de Trabajo y Seguridad Social de la provincia para uso estad\u00edstico.<\/p>\n<p>La cobertura de la fuente de informaci\u00f3n es provincial e incluye todas las actividades econ\u00f3micas, declaradas por las empresas privadas que presentan sus declaraciones juradas ante la AFIP. Las empresas privadas de las cuales se posee informaci\u00f3n en el SIPA son aquellas cuya sede central tiene domicilio fiscal registrado en la Provincia de Santa Fe.<\/p>\n<p>&nbsp;<\/p>\n<p><strong>En los aglomerados<\/strong><\/p>\n<p>En el primer trimestre de 2015, ambos aglomerados urbanos crecieron a tasas superiores al promedio provincial. En el segundo trimestre de 2015, las tasas de variaci\u00f3n del Gran Rosario y Gran Santa Fe alcanzan el 3,5 por ciento, equivalente a 8.236 y 2.386 puestos de trabajo m\u00e1s a los existentes en el mismo trimestre del a\u00f1o anterior, respectivamente.<\/p>\n<p>El crecimiento del empleo registrado en los dos principales aglomerados urbanos de la provincia de Santa Fe en este per\u00edodo, supera el crecimiento observado en el total provincial, del 2,6 por ciento.<\/p>\n<p>En Gran Santa Fe, la actividad de mayor crecimiento fue la construcci\u00f3n con una tasa del 20,7 por ciento. En Gran Rosario, la actividad de mayor crecimiento fue suministro de agua, cloacas y saneamiento p\u00fablico con una tasa del 20,6 por ciento.<\/p>\n<p>&nbsp;<\/p>\n<p><strong>Sectores de actividad<\/strong><\/p>\n<p>La industria manufacturera y el comercio son las actividades que m\u00e1s aportan al empleo registrado total de la provincia (casi 25 por ciento y 19 por ciento, respectivamente). En el segundo trimestre de 2015, la industria crece 1,4 por ciento, equivalente a 1.616 puestos de trabajo m\u00e1s que los registrados durante el mismo trimestre del a\u00f1o anterior. El sector comercial crece 1,5 por ciento, equivalente a 1.443 puestos de trabajo m\u00e1s que los registrados durante el mismo trimestre del a\u00f1o anterior.<\/p>\n<p>El sector de la construcci\u00f3n -que aporta casi el 7 por ciento del total de puestos de trabajo en la provincia-, muestra una tendencia ascendente a partir del cuarto trimestre de 2014, alcanzando en el segundo trimestre de 2015 un crecimiento de 7,5 por ciento, equivalente a 2.406 puestos de trabajo m\u00e1s que los registrados durante el mismo trimestre del a\u00f1o anterior.<\/p>\n<h6>Fuente: Uno, Santa Fe<\/h6>\n","protected":false},"excerpt":{"rendered":"<p>En este per\u00edodo se alcanz\u00f3 el pico m\u00e1s alto de puestos desde 2007, alcanzando un promedio de 491.350 trabajadores registrados. Seg\u00fan los datos publicados en el \u00faltimo bolet\u00edn estad\u00edstico del Observatorio Laboral de la Provincia sobre \u201cEvoluci\u00f3n del empleo registrado en la provincia de Santa Fe\u201d, que elabora el Ministerio de Trabajo y Seguridad Social,<\/p>\n","protected":false},"author":2,"featured_media":36591,"comment_status":"closed","ping_status":"closed","sticky":false,"template":"","format":"standard","meta":{"footnotes":""},"categories":[5],"tags":[10],"class_list":["post-36590","post","type-post","status-publish","format-standard","has-post-thumbnail","hentry","category-informe-economico","tag-santa-fe"],"_links":{"self":[{"href":"http:\/\/argentinamunicipal.com.ar\/argentina\/wp-json\/wp\/v2\/posts\/36590","targetHints":{"allow":["GET"]}}],"collection":[{"href":"http:\/\/argentinamunicipal.com.ar\/argentina\/wp-json\/wp\/v2\/posts"}],"about":[{"href":"http:\/\/argentinamunicipal.com.ar\/argentina\/wp-json\/wp\/v2\/types\/post"}],"author":[{"embeddable":true,"href":"http:\/\/argentinamunicipal.com.ar\/argentina\/wp-json\/wp\/v2\/users\/2"}],"replies":[{"embeddable":true,"href":"http:\/\/argentinamunicipal.com.ar\/argentina\/wp-json\/wp\/v2\/comments?post=36590"}],"version-history":[{"count":0,"href":"http:\/\/argentinamunicipal.com.ar\/argentina\/wp-json\/wp\/v2\/posts\/36590\/revisions"}],"wp:featuredmedia":[{"embeddable":true,"href":"http:\/\/argentinamunicipal.com.ar\/argentina\/wp-json\/wp\/v2\/media\/36591"}],"wp:attachment":[{"href":"http:\/\/argentinamunicipal.com.ar\/argentina\/wp-json\/wp\/v2\/media?parent=36590"}],"wp:term":[{"taxonomy":"category","embeddable":true,"href":"http:\/\/argentinamunicipal.com.ar\/argentina\/wp-json\/wp\/v2\/categories?post=36590"},{"taxonomy":"post_tag","embeddable":true,"href":"http:\/\/argentinamunicipal.com.ar\/argentina\/wp-json\/wp\/v2\/tags?post=36590"}],"curies":[{"name":"wp","href":"https:\/\/api.w.org\/{rel}","templated":true}]}}