{"id":36656,"date":"2015-09-17T08:11:49","date_gmt":"2015-09-17T11:11:49","guid":{"rendered":"http:\/\/argentinamunicipal.com.ar\/argentina\/?p=36656"},"modified":"2015-09-17T08:11:49","modified_gmt":"2015-09-17T11:11:49","slug":"se-realiza-hoy-el-acto-para-festejar-los-50-anos-del-sistema-educativo-municipal-de-mar-del-plata","status":"publish","type":"post","link":"http:\/\/argentinamunicipal.com.ar\/argentina\/se-realiza-hoy-el-acto-para-festejar-los-50-anos-del-sistema-educativo-municipal-de-mar-del-plata\/","title":{"rendered":"Se realiza hoy el acto para festejar los 50 a\u00f1os del sistema educativo municipal de Mar del Plata"},"content":{"rendered":"<p><a href=\"http:\/\/argentinamunicipal.com.ar\/argentina\/wp-content\/uploads\/2015\/09\/Fotos-MGP-Educacion-Comienzo-ciclo-lectivo-2015-en-Escuelas-Municipales-600x397.jpg\"><img loading=\"lazy\" decoding=\"async\" class=\"aligncenter size-full wp-image-36657\" src=\"http:\/\/argentinamunicipal.com.ar\/argentina\/wp-content\/uploads\/2015\/09\/Fotos-MGP-Educacion-Comienzo-ciclo-lectivo-2015-en-Escuelas-Municipales-600x397.jpg\" alt=\"Fotos-MGP-Educacion-Comienzo-ciclo-lectivo-2015-en-Escuelas-Municipales-600x397\" width=\"600\" height=\"397\" srcset=\"http:\/\/argentinamunicipal.com.ar\/argentina\/wp-content\/uploads\/2015\/09\/Fotos-MGP-Educacion-Comienzo-ciclo-lectivo-2015-en-Escuelas-Municipales-600x397.jpg 600w, http:\/\/argentinamunicipal.com.ar\/argentina\/wp-content\/uploads\/2015\/09\/Fotos-MGP-Educacion-Comienzo-ciclo-lectivo-2015-en-Escuelas-Municipales-600x397-300x199.jpg 300w\" sizes=\"auto, (max-width: 600px) 100vw, 600px\" \/><\/a><br \/>\nHabr\u00e1 muestras, exposiciones y estar\u00e1n presentes todos los integrantes del sistema. Por la actividad, no se dictar\u00e1n clases en las escuelas municipales.<\/p>\n<p>&nbsp;<\/p>\n<p>Hoy a partir de las 9 se iniciar\u00e1 el festejo formal por los 50 a\u00f1os del sistema educativo municipal. La actividad, que se extender\u00e1 hasta las 17, tendr\u00e1 lugar en el Estadio Polideportivo y reunir\u00e1 a todos los actores de la educaci\u00f3n municipal, quienes mostrar\u00e1n sus producciones y disfrutar\u00e1n de una jornada donde habr\u00e1 espect\u00e1culos y mucha diversi\u00f3n. Con el prop\u00f3sito de que puedan estar presentes todos los integrantes de la comunidad educativa municipal, no se dictar\u00e1n clases en las escuelas que dependen del municipio.<\/p>\n<p>Con la presencia del intendente, Gustavo Pulti, y la secretaria de Educaci\u00f3n, M\u00f3nica Rodr\u00edguez Sammartino; las actividades comenzar\u00e1n a las 9.<\/p>\n<p>Estamos homenajeando a todos los maestros, administrativos, auxiliares, alumnos, y todos los que de alguna manera han tenido que ver con los primeros 50 a\u00f1os de la educaci\u00f3n municipal y que sabemos que este homenaje es para los que iniciaron este camino y que creyeron que el hecho de que la Municipalidad administrara y gestionara la educaci\u00f3n, ten\u00eda que ver con el poder resolver los problemas que se presentan, con m\u00e1s celeridad, dijo Rodr\u00edguez Sammartino al hacer referencia al motivo del festejo. ?Esto no quiere decir que no tengamos deudas, porque la gente que va por m\u00e1s siempre las tiene. Pero en definitiva las deudas que tenemos tienen que ver con que los deseos de los docentes son tambi\u00e9n nuestros. Apostamos a que la escuela funcione dignamente desde el punto de vista edilicio, de la calidad de lo pedag\u00f3gico, etc. Este homenaje es tambi\u00e9n para los que estamos comprometidos en este momento, con todo esto que se construy\u00f3 pueda continuar porque en educaci\u00f3n nada que no sea sostenible en el tiempo y nada que no sea hecho para ni\u00f1os y j\u00f3venes que responden a un contexto, no tiene sentido, a\u00f1adi\u00f3.<\/p>\n<p>Asimismo Rodr\u00edguez Sammartino consider\u00f3 que este homenaje es una apuesta a todos aquellos que eligen la carrera docente y la vocaci\u00f3n para estar porque todos sabemos que siempre estamos pensando en el ni\u00f1o y joven que nos toca. La educaci\u00f3n responde a una trama pol\u00edtica y social que tiene que ser tenida en cuenta, por lo tanto creemos cada vez m\u00e1s que los espacios que generamos en sociedades de fomento, clubes, parroquias, comedores, etc; tienen un valor que no es casual. Tenemos una Ley de Educaci\u00f3n que marca nuevos caminos hacia una escuela que quiere a los chicos dentro de ella, y en eso trabajamos.<\/p>\n<p>Tras el acto inaugural que tambi\u00e9n contar\u00e1 con la presentaci\u00f3n del Coro de Ni\u00f1os, la Escuela de Danza Norma Fontenla y la Escuela Municipal de Arte Dram\u00e1tico, a las 10 est\u00e1 previsto el inicio de la muestra de Educaci\u00f3n Social y Formaci\u00f3n Profesional. Luego habr\u00e1 circuitos l\u00fadicos y art\u00edsticos de los Niveles Inicial y Primario. Y exposiciones de Secundaria, Superior, Alfabetizaci\u00f3n Digital y Contar la Escuela. Cerca del mediod\u00eda se presentar\u00e1n dos bandas de Paka Paka que vienen desde Buenos Aires especialmente al evento. Por la tarde habr\u00e1 tango, danzas, expresi\u00f3n corporal, hockey y dramatizaciones, son otras de las propuestas que se podr\u00e1n disfrutar en este festejo que est\u00e1 previsto concluya a las 17. La entrada es libre y gratuita.<\/p>\n<h6>Fuente: La Capital, Mar del Plata<\/h6>\n","protected":false},"excerpt":{"rendered":"<p>Habr\u00e1 muestras, exposiciones y estar\u00e1n presentes todos los integrantes del sistema. Por la actividad, no se dictar\u00e1n clases en las escuelas municipales. &nbsp; Hoy a partir de las 9 se iniciar\u00e1 el festejo formal por los 50 a\u00f1os del sistema educativo municipal. La actividad, que se extender\u00e1 hasta las 17, tendr\u00e1 lugar en el Estadio<\/p>\n","protected":false},"author":2,"featured_media":36657,"comment_status":"closed","ping_status":"closed","sticky":false,"template":"","format":"standard","meta":{"footnotes":""},"categories":[2],"tags":[12],"class_list":["post-36656","post","type-post","status-publish","format-standard","has-post-thumbnail","hentry","category-informe-municipal","tag-buenos-aires"],"_links":{"self":[{"href":"http:\/\/argentinamunicipal.com.ar\/argentina\/wp-json\/wp\/v2\/posts\/36656","targetHints":{"allow":["GET"]}}],"collection":[{"href":"http:\/\/argentinamunicipal.com.ar\/argentina\/wp-json\/wp\/v2\/posts"}],"about":[{"href":"http:\/\/argentinamunicipal.com.ar\/argentina\/wp-json\/wp\/v2\/types\/post"}],"author":[{"embeddable":true,"href":"http:\/\/argentinamunicipal.com.ar\/argentina\/wp-json\/wp\/v2\/users\/2"}],"replies":[{"embeddable":true,"href":"http:\/\/argentinamunicipal.com.ar\/argentina\/wp-json\/wp\/v2\/comments?post=36656"}],"version-history":[{"count":0,"href":"http:\/\/argentinamunicipal.com.ar\/argentina\/wp-json\/wp\/v2\/posts\/36656\/revisions"}],"wp:featuredmedia":[{"embeddable":true,"href":"http:\/\/argentinamunicipal.com.ar\/argentina\/wp-json\/wp\/v2\/media\/36657"}],"wp:attachment":[{"href":"http:\/\/argentinamunicipal.com.ar\/argentina\/wp-json\/wp\/v2\/media?parent=36656"}],"wp:term":[{"taxonomy":"category","embeddable":true,"href":"http:\/\/argentinamunicipal.com.ar\/argentina\/wp-json\/wp\/v2\/categories?post=36656"},{"taxonomy":"post_tag","embeddable":true,"href":"http:\/\/argentinamunicipal.com.ar\/argentina\/wp-json\/wp\/v2\/tags?post=36656"}],"curies":[{"name":"wp","href":"https:\/\/api.w.org\/{rel}","templated":true}]}}