{"id":36690,"date":"2015-09-17T08:00:04","date_gmt":"2015-09-17T11:00:04","guid":{"rendered":"http:\/\/argentinamunicipal.com.ar\/argentina\/?p=36690"},"modified":"2015-09-17T08:55:13","modified_gmt":"2015-09-17T11:55:13","slug":"la-gobernadora-de-catamarca-entrego-viviendas-e-inauguro-obras-en-belen","status":"publish","type":"post","link":"http:\/\/argentinamunicipal.com.ar\/argentina\/la-gobernadora-de-catamarca-entrego-viviendas-e-inauguro-obras-en-belen\/","title":{"rendered":"La gobernadora de Catamarca\u00a0entreg\u00f3 viviendas e inaugur\u00f3 obras en Bel\u00e9n"},"content":{"rendered":"<p><a href=\"http:\/\/argentinamunicipal.com.ar\/argentina\/wp-content\/uploads\/2015\/09\/Entrega-Viv-Pozo-de-Piedra09.jpg\"><img loading=\"lazy\" decoding=\"async\" class=\"aligncenter  wp-image-36691\" src=\"http:\/\/argentinamunicipal.com.ar\/argentina\/wp-content\/uploads\/2015\/09\/Entrega-Viv-Pozo-de-Piedra09.jpg\" alt=\"Entrega-Viv-Pozo-de-Piedra09\" width=\"676\" height=\"450\" srcset=\"http:\/\/argentinamunicipal.com.ar\/argentina\/wp-content\/uploads\/2015\/09\/Entrega-Viv-Pozo-de-Piedra09.jpg 1000w, http:\/\/argentinamunicipal.com.ar\/argentina\/wp-content\/uploads\/2015\/09\/Entrega-Viv-Pozo-de-Piedra09-300x200.jpg 300w\" sizes=\"auto, (max-width: 676px) 100vw, 676px\" \/><\/a><br \/>\nLa gobernadora Luc\u00eda Corpacci entreg\u00f3 ayer viviendas rurales en diferentes localidades del interior de Bel\u00e9n. Primero entreg\u00f3 5 viviendas rurales y 23 soluciones habitacionales en la ciudad de Bel\u00e9n; luego se dirigi\u00f3 a la localidad de Las Estancias, en el norte belicho, para inaugurar 3 kil\u00f3metros de la ruta N\u00ba 125. M\u00e1s tarde, en Pozo de Piedra, entreg\u00f3 5 viviendas rurales m\u00e1s y de all\u00ed se dirigi\u00f3 a la localidad de la Quebrada de Hualf\u00edn, donde habilit\u00f3 10 mejoramientos habitacionales, para concluir en Los Nacimientos, donde puso en funcionamiento un centro de atenci\u00f3n para la salud y una delegaci\u00f3n policial.<\/p>\n<p>En el discurso que brind\u00f3 en la ciudad de Bel\u00e9n, la mandataria asegur\u00f3 que los 2 primeros a\u00f1os de Gobierno fueron para acomodarse. \u00abCuando uno asume el Gobierno, la verdad que los dos primeros a\u00f1os son muy duros cuando se viene de un gobierno de distinto signo pol\u00edtico. Ustedes saben que quedan cosas en el medio que, en realidad, en vez de apostar a que nos vaya bien a todos, apuestan a que le vaya mal al Gobierno, sin darse cuenta de que siempre cuando le va mal a un gobierno en definitiva nos va mal a todos, porque nosotros somos los ciudadanos que vivimos ac\u00e1\u00bb, indic\u00f3 Corpacci.<\/p>\n<p>Tambi\u00e9n dijo que durante todo el a\u00f1o se reparte ayuda para la gente y no solo en \u00e9poca de campa\u00f1a, tal como denunciaron desde la oposici\u00f3n.<\/p>\n<p>\u00abHay muchos a los que les duele ese modo de trabajar, porque hay algunos que no tienen memoria de c\u00f3mo algunos alimentos iban a parar a otros lugares (por la mercader\u00eda de Desarrollo Social que fue a parar a chiqueros de cerdos) en vez de ir para la gente\u2026 pero bueno, hay que recordarles que nosotros damos lo que tenemos que dar, en el momento que tenemos que dar, cuando la gente lo necesita y lo pide\u00bb, enfatiz\u00f3 Corpacci.<\/p>\n<h6>Fuente: El Ancasti<\/h6>\n","protected":false},"excerpt":{"rendered":"<p>La gobernadora Luc\u00eda Corpacci entreg\u00f3 ayer viviendas rurales en diferentes localidades del interior de Bel\u00e9n. Primero entreg\u00f3 5 viviendas rurales y 23 soluciones habitacionales en la ciudad de Bel\u00e9n; luego se dirigi\u00f3 a la localidad de Las Estancias, en el norte belicho, para inaugurar 3 kil\u00f3metros de la ruta N\u00ba 125. M\u00e1s tarde, en Pozo<\/p>\n","protected":false},"author":2,"featured_media":36691,"comment_status":"closed","ping_status":"closed","sticky":false,"template":"","format":"standard","meta":{"footnotes":""},"categories":[2],"tags":[16],"class_list":["post-36690","post","type-post","status-publish","format-standard","has-post-thumbnail","hentry","category-informe-municipal","tag-catamarca"],"_links":{"self":[{"href":"http:\/\/argentinamunicipal.com.ar\/argentina\/wp-json\/wp\/v2\/posts\/36690","targetHints":{"allow":["GET"]}}],"collection":[{"href":"http:\/\/argentinamunicipal.com.ar\/argentina\/wp-json\/wp\/v2\/posts"}],"about":[{"href":"http:\/\/argentinamunicipal.com.ar\/argentina\/wp-json\/wp\/v2\/types\/post"}],"author":[{"embeddable":true,"href":"http:\/\/argentinamunicipal.com.ar\/argentina\/wp-json\/wp\/v2\/users\/2"}],"replies":[{"embeddable":true,"href":"http:\/\/argentinamunicipal.com.ar\/argentina\/wp-json\/wp\/v2\/comments?post=36690"}],"version-history":[{"count":0,"href":"http:\/\/argentinamunicipal.com.ar\/argentina\/wp-json\/wp\/v2\/posts\/36690\/revisions"}],"wp:featuredmedia":[{"embeddable":true,"href":"http:\/\/argentinamunicipal.com.ar\/argentina\/wp-json\/wp\/v2\/media\/36691"}],"wp:attachment":[{"href":"http:\/\/argentinamunicipal.com.ar\/argentina\/wp-json\/wp\/v2\/media?parent=36690"}],"wp:term":[{"taxonomy":"category","embeddable":true,"href":"http:\/\/argentinamunicipal.com.ar\/argentina\/wp-json\/wp\/v2\/categories?post=36690"},{"taxonomy":"post_tag","embeddable":true,"href":"http:\/\/argentinamunicipal.com.ar\/argentina\/wp-json\/wp\/v2\/tags?post=36690"}],"curies":[{"name":"wp","href":"https:\/\/api.w.org\/{rel}","templated":true}]}}