{"id":36693,"date":"2015-09-17T09:00:14","date_gmt":"2015-09-17T12:00:14","guid":{"rendered":"http:\/\/argentinamunicipal.com.ar\/argentina\/?p=36693"},"modified":"2015-09-17T09:00:14","modified_gmt":"2015-09-17T12:00:14","slug":"el-ministro-de-turismo-de-la-nacion-fue-distinguido-por-la-organizacion-mundial-del-turismo","status":"publish","type":"post","link":"http:\/\/argentinamunicipal.com.ar\/argentina\/el-ministro-de-turismo-de-la-nacion-fue-distinguido-por-la-organizacion-mundial-del-turismo\/","title":{"rendered":"El Ministro de Turismo de la Naci\u00f3n  fue distinguido por la Organizaci\u00f3n Mundial del Turismo"},"content":{"rendered":"<p><a href=\"http:\/\/argentinamunicipal.com.ar\/argentina\/wp-content\/uploads\/2015\/09\/meyer-omt2-e1442491199350.jpg\"><img loading=\"lazy\" decoding=\"async\" class=\"aligncenter wp-image-36694 size-full\" src=\"http:\/\/argentinamunicipal.com.ar\/argentina\/wp-content\/uploads\/2015\/09\/meyer-omt2-e1442491199350.jpg\" alt=\"\" width=\"671\" height=\"449\" srcset=\"http:\/\/argentinamunicipal.com.ar\/argentina\/wp-content\/uploads\/2015\/09\/meyer-omt2-e1442491199350.jpg 671w, http:\/\/argentinamunicipal.com.ar\/argentina\/wp-content\/uploads\/2015\/09\/meyer-omt2-e1442491199350-300x201.jpg 300w\" sizes=\"auto, (max-width: 671px) 100vw, 671px\" \/><\/a><br \/>\nEl ministro de Turismo de la Naci\u00f3n fue galardonado por su larga trayectoria de trabajo dentro de la organizaci\u00f3n y de compromiso con el sector, en el marco de la 21\u00b0 Asamblea General de la Organizaci\u00f3n Mundial del Turismo (OMT) que se celebra en Medell\u00edn.<\/p>\n<p>Meyer recibi\u00f3 el galard\u00f3n de manos del secretario general de la OMT, Taleb Rifai, quien fundament\u00f3 este reconocimiento especial \u00abpor su sobresaliente compromiso y una vida dedicada al desarrollo del sector tur\u00edstico de su pa\u00eds y al fortalecimiento de la relaci\u00f3n entre Argentina y la OMT\u00bb.<\/p>\n<p>Rifai destac\u00f3 adem\u00e1s, la pasi\u00f3n de Meyer en pos de la consolidaci\u00f3n del turismo como motor de crecimiento y desarrollo.<br \/>\nMeyer agradeci\u00f3 \u00bb esta distinci\u00f3n que constituye no s\u00f3lo el reconocimiento a una gesti\u00f3n ministerial sino al Gobierno de mi pa\u00eds que ha implementado pol\u00edticas de Estado, que llevaron al turismo a cumplir un rol preponderante como generador de empleo, inclusi\u00f3n social y equidad\u00bb.<\/p>\n<p>Meyer se encuentra participando de la Asamblea General de la OMT que se celebra en Medell\u00edn hasta el 17 de septiembre.<br \/>\nEn su marco, se realiz\u00f3 la 59\u00aa Reuni\u00f3n de las Am\u00e9ricas donde el secretario General, Taleb Rifai dio la bienvenida a los 24 ministros representantes de la regi\u00f3n, quienes apoyaron el lema elegido para la pr\u00f3xima Asamblea General: \u00abel turismo sostenible como instrumento de desarrollo\u00bb.<\/p>\n<p>El ministro argentino de Turismo declar\u00f3 al respecto que \u201cen nuestro pa\u00eds venimos desde hace 12 a\u00f1os concibiendo el turismo como uno de los motores de la econom\u00eda nacional, con una mirada federal para el desarrollo sostenible y la inclusi\u00f3n social\u201d.<\/p>\n<p>\u201cCelebro el lema de la Asamblea ya que el turismo contribuye a mejorar la vida de las personas\u00bb, agreg\u00f3.<\/p>\n<p>Asimismo, Meyer y su par de Espa\u00f1a firmaron un memor\u00e1ndum de entendimiento sobre cooperaci\u00f3n en materia de turismo, con el objetivo de crear condiciones favorables para incrementar la cooperaci\u00f3n t\u00e9cnica en las \u00e1reas de calidad, desarrollo, promoci\u00f3n e inversiones tur\u00edsticas.<\/p>\n<p>Adem\u00e1s, el ministro represent\u00f3 a la regi\u00f3n en el Consejo Ejecutivo que cont\u00f3 con una nutrida agenda de trabajo.<\/p>\n<p>Meyer, quien preside desde el 2003 el comit\u00e9 t\u00e9cnico de Programa y Presupuesto, el m\u00e1s importante del Consejo, expuso las conclusiones de la reuni\u00f3n de trabajo celebrada el d\u00eda anterior.<\/p>\n<p>Por su parte, Carlos Vogeler, director ejecutivo de la Organizaci\u00f3n, reflexion\u00f3 sobre el potencial de la regi\u00f3n en materia tur\u00edstica y el enorme desaf\u00edo de lograr equidad e inclusi\u00f3n.<\/p>\n<h6>Fuente: T\u00e9lam<\/h6>\n","protected":false},"excerpt":{"rendered":"<p>El ministro de Turismo de la Naci\u00f3n fue galardonado por su larga trayectoria de trabajo dentro de la organizaci\u00f3n y de compromiso con el sector, en el marco de la 21\u00b0 Asamblea General de la Organizaci\u00f3n Mundial del Turismo (OMT) que se celebra en Medell\u00edn. Meyer recibi\u00f3 el galard\u00f3n de manos del secretario general de<\/p>\n","protected":false},"author":2,"featured_media":36694,"comment_status":"closed","ping_status":"closed","sticky":false,"template":"","format":"standard","meta":{"footnotes":""},"categories":[8],"tags":[21],"class_list":["post-36693","post","type-post","status-publish","format-standard","has-post-thumbnail","hentry","category-informe-nacional","tag-argentina"],"_links":{"self":[{"href":"http:\/\/argentinamunicipal.com.ar\/argentina\/wp-json\/wp\/v2\/posts\/36693","targetHints":{"allow":["GET"]}}],"collection":[{"href":"http:\/\/argentinamunicipal.com.ar\/argentina\/wp-json\/wp\/v2\/posts"}],"about":[{"href":"http:\/\/argentinamunicipal.com.ar\/argentina\/wp-json\/wp\/v2\/types\/post"}],"author":[{"embeddable":true,"href":"http:\/\/argentinamunicipal.com.ar\/argentina\/wp-json\/wp\/v2\/users\/2"}],"replies":[{"embeddable":true,"href":"http:\/\/argentinamunicipal.com.ar\/argentina\/wp-json\/wp\/v2\/comments?post=36693"}],"version-history":[{"count":0,"href":"http:\/\/argentinamunicipal.com.ar\/argentina\/wp-json\/wp\/v2\/posts\/36693\/revisions"}],"wp:featuredmedia":[{"embeddable":true,"href":"http:\/\/argentinamunicipal.com.ar\/argentina\/wp-json\/wp\/v2\/media\/36694"}],"wp:attachment":[{"href":"http:\/\/argentinamunicipal.com.ar\/argentina\/wp-json\/wp\/v2\/media?parent=36693"}],"wp:term":[{"taxonomy":"category","embeddable":true,"href":"http:\/\/argentinamunicipal.com.ar\/argentina\/wp-json\/wp\/v2\/categories?post=36693"},{"taxonomy":"post_tag","embeddable":true,"href":"http:\/\/argentinamunicipal.com.ar\/argentina\/wp-json\/wp\/v2\/tags?post=36693"}],"curies":[{"name":"wp","href":"https:\/\/api.w.org\/{rel}","templated":true}]}}