{"id":36702,"date":"2015-09-18T08:58:18","date_gmt":"2015-09-18T11:58:18","guid":{"rendered":"http:\/\/argentinamunicipal.com.ar\/argentina\/?p=36702"},"modified":"2015-09-26T10:50:46","modified_gmt":"2015-09-26T13:50:46","slug":"santa-fe-ciudad-resiliente","status":"publish","type":"post","link":"http:\/\/argentinamunicipal.com.ar\/argentina\/santa-fe-ciudad-resiliente\/","title":{"rendered":"Santa Fe, ciudad resiliente"},"content":{"rendered":"<p><a href=\"http:\/\/argentinamunicipal.com.ar\/argentina\/wp-content\/uploads\/2015\/09\/Santa-fe.jpg\"><img loading=\"lazy\" decoding=\"async\" class=\"aligncenter size-full wp-image-36703\" src=\"http:\/\/argentinamunicipal.com.ar\/argentina\/wp-content\/uploads\/2015\/09\/Santa-fe.jpg\" alt=\"Santa-fe\" width=\"640\" height=\"426\" srcset=\"http:\/\/argentinamunicipal.com.ar\/argentina\/wp-content\/uploads\/2015\/09\/Santa-fe.jpg 640w, http:\/\/argentinamunicipal.com.ar\/argentina\/wp-content\/uploads\/2015\/09\/Santa-fe-300x200.jpg 300w\" sizes=\"auto, (max-width: 640px) 100vw, 640px\" \/><\/a><br \/>\nLa Ciudad participa en el programa 100 Ciudades Resilientes. Ser\u00e1 a partir de este jueves, con un taller que reunir\u00e1 a funcionarios locales y provinciales con referentes del sector acad\u00e9mico, del \u00e1mbito privado y de la sociedad civil.<\/p>\n<p>El Gobierno de la Ciudad, junto con el programa 100 Ciudades Resilientes (100CR), que impulsa la Fundaci\u00f3n Rockefeller, pone en marcha un proceso para desarrollar un plan integral sobre la capacidad de recuperaci\u00f3n que permitir\u00e1 a la ciudad adaptarse y crecer sin importar qu\u00e9 tipo de tensiones cr\u00f3nicas y amenazas graves experimente.<\/p>\n<p>La iniciativa comenzar\u00e1 este jueves con un \u00abTaller de Resiliencia\u00bb, que conducir\u00e1 a lo largo de un proceso de planificaci\u00f3n al Gobierno de la Ciudad junto a actores del mundo acad\u00e9mico, del sector privado, de las organizaciones sin fines de lucro y grupos de la sociedad civil.<\/p>\n<p>La actividad, que se desarrollar\u00e1 en los Salones del Puerto, en el Dique II, servir\u00e1 para identificar las principales amenazas que enfrenta la ciudad y algunas de las herramientas y planes de construcci\u00f3n de la capacidad de recuperaci\u00f3n que dispone para hacer frente a esas amenazas.<\/p>\n<p>La presentaci\u00f3n del \u00abTaller de Resiliencia\u00bb tendr\u00e1 lugar a las 9, y estar\u00e1 encabezada por el intendente Jos\u00e9 Corral junto a Aaron Spencer, gerente para Latinoam\u00e9rica de la Fundaci\u00f3n Rockefeller<\/p>\n<p>En los meses siguientes al taller, la Ciudad seguir\u00e1 coordinando con todos los actores, expertos de resiliencia y personal de 100CR para la redacci\u00f3n del plan global de resiliencia.<\/p>\n<p><strong>Elegida<\/strong><\/p>\n<p>Como se recordar\u00e1, la ciudad de Santa Fe fue elegida como uno de los primeros 67 miembros de lo que ser\u00e1 al final una red global de 100 ciudades en todo el mundo, entre las que ya figuran Barcelona, Par\u00eds, Nueva York, Boston, Chicago, Mil\u00e1n y Medell\u00edn, por citar s\u00f3lo algunas.<\/p>\n<p>Santa Fe -\u00fanica ciudad de la Argentina en formar parte del programa-, est\u00e1 siendo apoyada en sus esfuerzos de resiliencia por 100CR, una organizaci\u00f3n que se dedica a ayudar a las ciudades, en las cuales crece el porcentaje de poblaci\u00f3n y se vuelven m\u00e1s resistentes a las amenazas -como inundaciones, huracanes, incendios- y las tensiones (la escasez de agua cr\u00f3nica, falta de vivienda, desempleo, etc.) que se enfrentan cada vez m\u00e1s en el siglo 21.<\/p>\n<p>En ese marco, al integrar la red de 100CR, la capital provincial tendr\u00e1 la oportunidad de recibir soporte t\u00e9cnico y recursos para desarrollar e implementar un plan estrat\u00e9gico de resiliencia global.<\/p>\n<p><strong>Ponencias y debate<\/strong><\/p>\n<p>El taller de este jueves se extender\u00e1 durante toda la jornada; es de construcci\u00f3n colectiva y participativa, y contar\u00e1 con respresentantes de distintos actores de la ciudad para pensar a Santa Fe en t\u00e9rminos de resiliencia. Luego se van a ir desarrollando programas y proyectos espec\u00edficos de intervenci\u00f3n; y se selecciona el apoyo que la fundaci\u00f3n hace a la ciudad.<\/p>\n<p>Luego de la ronda de prensa, comenzar\u00e1 el taller con las palabras de bienvenida del intendente Jos\u00e9 Corral y la introducci\u00f3n a 100 ciudades resilientes. A partir de las 10.30 se abre un panel motivador sobre qu\u00e9 es la resiliencia, en el que expondr\u00e1n Jorgelina Hardoy, del Instituto Internacional de Medio Ambiente y Desarrollo- Am\u00e9rica Latina (IIED-AL); Cezar Busatto, jefe de la Oficina de Resiliencia para la ciudad de Porto Alegre; Jos\u00e9 Luis Ambrosino, del Movimiento Los Sin Techo; y el periodista Jos\u00e9 Curiotto.<\/p>\n<p>Cerca del mediod\u00eda, se realizar\u00e1 un ejercicio de diagn\u00f3stico de resiliencia para entender y trabajar con el marco de resiliencia de 100CR y discutir qu\u00e9 significa para la ciudad. Despu\u00e9s del almuerzo, habr\u00e1 otro taller para discutir los impactos agudos y tensiones cr\u00f3nicas que afectan a Santa Fe, identificando as\u00ed tambi\u00e9n aquellos riesgos menos conocidos o no directamente presentes.<\/p>\n<p>Tras compartir las distintas experiencias, se har\u00e1 el \u00faltimo encuentro para entender qui\u00e9nes son los actores que pueden ayudar a la ciudad a afrontar cat\u00e1strofes y disrupciones. Y el cierre estar\u00e1 a cargo de Aaron Spencer, gerente para Latinoam\u00e9rica de la Fundaci\u00f3n Rockefeller.<\/p>\n<h6>Fuente: Sin Mordaza<\/h6>\n","protected":false},"excerpt":{"rendered":"<p>La Ciudad participa en el programa 100 Ciudades Resilientes. Ser\u00e1 a partir de este jueves, con un taller que reunir\u00e1 a funcionarios locales y provinciales con referentes del sector acad\u00e9mico, del \u00e1mbito privado y de la sociedad civil.<\/p>\n","protected":false},"author":2,"featured_media":36703,"comment_status":"closed","ping_status":"closed","sticky":false,"template":"","format":"standard","meta":{"footnotes":""},"categories":[2],"tags":[10],"class_list":["post-36702","post","type-post","status-publish","format-standard","has-post-thumbnail","hentry","category-informe-municipal","tag-santa-fe"],"_links":{"self":[{"href":"http:\/\/argentinamunicipal.com.ar\/argentina\/wp-json\/wp\/v2\/posts\/36702","targetHints":{"allow":["GET"]}}],"collection":[{"href":"http:\/\/argentinamunicipal.com.ar\/argentina\/wp-json\/wp\/v2\/posts"}],"about":[{"href":"http:\/\/argentinamunicipal.com.ar\/argentina\/wp-json\/wp\/v2\/types\/post"}],"author":[{"embeddable":true,"href":"http:\/\/argentinamunicipal.com.ar\/argentina\/wp-json\/wp\/v2\/users\/2"}],"replies":[{"embeddable":true,"href":"http:\/\/argentinamunicipal.com.ar\/argentina\/wp-json\/wp\/v2\/comments?post=36702"}],"version-history":[{"count":0,"href":"http:\/\/argentinamunicipal.com.ar\/argentina\/wp-json\/wp\/v2\/posts\/36702\/revisions"}],"wp:featuredmedia":[{"embeddable":true,"href":"http:\/\/argentinamunicipal.com.ar\/argentina\/wp-json\/wp\/v2\/media\/36703"}],"wp:attachment":[{"href":"http:\/\/argentinamunicipal.com.ar\/argentina\/wp-json\/wp\/v2\/media?parent=36702"}],"wp:term":[{"taxonomy":"category","embeddable":true,"href":"http:\/\/argentinamunicipal.com.ar\/argentina\/wp-json\/wp\/v2\/categories?post=36702"},{"taxonomy":"post_tag","embeddable":true,"href":"http:\/\/argentinamunicipal.com.ar\/argentina\/wp-json\/wp\/v2\/tags?post=36702"}],"curies":[{"name":"wp","href":"https:\/\/api.w.org\/{rel}","templated":true}]}}