{"id":36708,"date":"2015-09-18T09:04:00","date_gmt":"2015-09-18T12:04:00","guid":{"rendered":"http:\/\/argentinamunicipal.com.ar\/argentina\/?p=36708"},"modified":"2015-09-18T09:04:00","modified_gmt":"2015-09-18T12:04:00","slug":"jerarquizados-de-rafaela-el-concejo-se-reunio-con-el-ejecutivo","status":"publish","type":"post","link":"http:\/\/argentinamunicipal.com.ar\/argentina\/jerarquizados-de-rafaela-el-concejo-se-reunio-con-el-ejecutivo\/","title":{"rendered":"Jerarquizados de Rafaela: el Concejo se reuni\u00f3 con el Ejecutivo"},"content":{"rendered":"<p><a href=\"http:\/\/argentinamunicipal.com.ar\/argentina\/wp-content\/uploads\/2015\/09\/multimedia.grande.a295a43c9611813a.6772616e64652e6a7067.jpg\"><img loading=\"lazy\" decoding=\"async\" class=\"aligncenter  wp-image-36709\" src=\"http:\/\/argentinamunicipal.com.ar\/argentina\/wp-content\/uploads\/2015\/09\/multimedia.grande.a295a43c9611813a.6772616e64652e6a7067.jpg\" alt=\"multimedia.grande.a295a43c9611813a.6772616e64652e6a7067\" width=\"660\" height=\"495\" srcset=\"http:\/\/argentinamunicipal.com.ar\/argentina\/wp-content\/uploads\/2015\/09\/multimedia.grande.a295a43c9611813a.6772616e64652e6a7067.jpg 1200w, http:\/\/argentinamunicipal.com.ar\/argentina\/wp-content\/uploads\/2015\/09\/multimedia.grande.a295a43c9611813a.6772616e64652e6a7067-300x225.jpg 300w, http:\/\/argentinamunicipal.com.ar\/argentina\/wp-content\/uploads\/2015\/09\/multimedia.grande.a295a43c9611813a.6772616e64652e6a7067-1024x768.jpg 1024w\" sizes=\"auto, (max-width: 660px) 100vw, 660px\" \/><\/a><br \/>\nEl Cuerpo Legislativo parece decidido a interceder entre las partes para poder darle una soluci\u00f3n a los jerarquizados, que vienen reclamando una recomposici\u00f3n de su salario. Tras haberse reunido con el Sindicato de Empleados y Obreros Municipales, algunos ediles se encontraron ayer con la secretaria de Control de Gesti\u00f3n, Presupuesto y Auditor\u00eda, Marcela Basano, quien es la que representa al Ejecutivo en las negociaciones.<\/p>\n<p>En el encuentro, la funcionaria hizo un raconto de la historia que deriv\u00f3 en la actual situaci\u00f3n: todo comenz\u00f3 cuando en 1984 no se pod\u00edan pagar los salarios y se decidi\u00f3 cambiar los horarios, ampliando la cantidad de horas que ten\u00edan los jerarquizados, que van de la categor\u00eda 18 hasta la 23.<\/p>\n<p>De acuerdo a lo que pudo averiguar LA OPINION (el encuentro fue en Presidencia, sin acceso a la prensa), el Ejecutivo estaba evaluando diferentes alternativas, pero por lo pronto, no ten\u00eda una decisi\u00f3n tomada. Si bien hab\u00edan considerado la posibilidad de un incremento, el resto de las categor\u00edas con personal a cargo (de la 16 a 18) tambi\u00e9n pedir\u00edan un reacomodamiento de los salarios.<\/p>\n<p>Recordemos que el Concejo tiene en agenda un proyecto presentado por el PRO para reducir la cantidad de horas del personal jerarquizado, igualando a todos en 30 horas semanales (en la actualidad, este grupo trabaja 39). Pero la idea de los autores era presentar un proyecto no necesariamente para concretarlo, sino para interceder en una negociaci\u00f3n que estaba trabada. Ahora, los macristas volver\u00edan a reunirse con los jerarquizados para ponerlos al tanto de lo presentado por ambas partes y saber cu\u00e1l ser\u00eda su posici\u00f3n al respecto.<\/p>\n<p>Por ahora, s\u00f3lo queda la intenci\u00f3n del Concejo de encontrar una salida antes de fin de a\u00f1o.<\/p>\n<h6>Fuente: La Opini\u00f3n<\/h6>\n","protected":false},"excerpt":{"rendered":"<p>El Cuerpo Legislativo parece decidido a interceder entre las partes para poder darle una soluci\u00f3n a los jerarquizados, que vienen reclamando una recomposici\u00f3n de su salario. Tras haberse reunido con el Sindicato de Empleados y Obreros Municipales, algunos ediles se encontraron ayer con la secretaria de Control de Gesti\u00f3n, Presupuesto y Auditor\u00eda, Marcela Basano, quien<\/p>\n","protected":false},"author":2,"featured_media":36709,"comment_status":"closed","ping_status":"closed","sticky":false,"template":"","format":"standard","meta":{"footnotes":""},"categories":[7],"tags":[10],"class_list":["post-36708","post","type-post","status-publish","format-standard","has-post-thumbnail","hentry","category-informe-sindical","tag-santa-fe"],"_links":{"self":[{"href":"http:\/\/argentinamunicipal.com.ar\/argentina\/wp-json\/wp\/v2\/posts\/36708","targetHints":{"allow":["GET"]}}],"collection":[{"href":"http:\/\/argentinamunicipal.com.ar\/argentina\/wp-json\/wp\/v2\/posts"}],"about":[{"href":"http:\/\/argentinamunicipal.com.ar\/argentina\/wp-json\/wp\/v2\/types\/post"}],"author":[{"embeddable":true,"href":"http:\/\/argentinamunicipal.com.ar\/argentina\/wp-json\/wp\/v2\/users\/2"}],"replies":[{"embeddable":true,"href":"http:\/\/argentinamunicipal.com.ar\/argentina\/wp-json\/wp\/v2\/comments?post=36708"}],"version-history":[{"count":0,"href":"http:\/\/argentinamunicipal.com.ar\/argentina\/wp-json\/wp\/v2\/posts\/36708\/revisions"}],"wp:featuredmedia":[{"embeddable":true,"href":"http:\/\/argentinamunicipal.com.ar\/argentina\/wp-json\/wp\/v2\/media\/36709"}],"wp:attachment":[{"href":"http:\/\/argentinamunicipal.com.ar\/argentina\/wp-json\/wp\/v2\/media?parent=36708"}],"wp:term":[{"taxonomy":"category","embeddable":true,"href":"http:\/\/argentinamunicipal.com.ar\/argentina\/wp-json\/wp\/v2\/categories?post=36708"},{"taxonomy":"post_tag","embeddable":true,"href":"http:\/\/argentinamunicipal.com.ar\/argentina\/wp-json\/wp\/v2\/tags?post=36708"}],"curies":[{"name":"wp","href":"https:\/\/api.w.org\/{rel}","templated":true}]}}