{"id":36714,"date":"2015-09-18T09:13:21","date_gmt":"2015-09-18T12:13:21","guid":{"rendered":"http:\/\/argentinamunicipal.com.ar\/argentina\/?p=36714"},"modified":"2015-09-18T09:13:21","modified_gmt":"2015-09-18T12:13:21","slug":"nuevo-marco-normativo-para-la-regulacion-de-antenas-en-santa-fe","status":"publish","type":"post","link":"http:\/\/argentinamunicipal.com.ar\/argentina\/nuevo-marco-normativo-para-la-regulacion-de-antenas-en-santa-fe\/","title":{"rendered":"Nuevo marco normativo para la regulaci\u00f3n de antenas en Santa Fe"},"content":{"rendered":"<p><a href=\"http:\/\/argentinamunicipal.com.ar\/argentina\/wp-content\/uploads\/2015\/09\/Antena.jpg_973718260.jpg\"><img loading=\"lazy\" decoding=\"async\" class=\"aligncenter  wp-image-36715\" src=\"http:\/\/argentinamunicipal.com.ar\/argentina\/wp-content\/uploads\/2015\/09\/Antena.jpg_973718260.jpg\" alt=\"Antena.jpg_973718260\" width=\"658\" height=\"459\" srcset=\"http:\/\/argentinamunicipal.com.ar\/argentina\/wp-content\/uploads\/2015\/09\/Antena.jpg_973718260.jpg 789w, http:\/\/argentinamunicipal.com.ar\/argentina\/wp-content\/uploads\/2015\/09\/Antena.jpg_973718260-300x209.jpg 300w\" sizes=\"auto, (max-width: 658px) 100vw, 658px\" \/><\/a><br \/>\nAvance. Los concejales sancionaron una norma que permitir\u00e1 establecer una serie de pautas a las empresas que pretendan colocar estos dispositivos. Adem\u00e1s, se crear\u00e1 un registro \u00fanico<\/p>\n<p>Luego de m\u00e1s de un a\u00f1o de trabajo y tras un fuerte debate en el recinto, ayer el Concejo Municipal aprob\u00f3 una ordenanza que regular\u00e1 las antenas y sus estructuras de soporte en la ciudad de Santa Fe. Para llegar a esta sanci\u00f3n se llevaron a cabo distintas reuniones, no solo con los concejales de los distintos bloques, sino tambi\u00e9n con expertos que tienen directa participaci\u00f3n y responsabilidad en este tipo de dispositivos. Vale aclarar que se trata de las torres de radiotelefon\u00eda y los servicios de comunicaciones m\u00f3viles, es por eso que tanto la Universidad Tecnol\u00f3gica Nacional Santa Fe como la CNC aportaron sus conocimientos para llegar a esta norma regulatoria.<\/p>\n<p>Con esta nueva iniciativa se deroga la anterior normativa que data de la d\u00e9cada del 90; y con este nuevo impulso se trata de compatibilizar los avances tecnol\u00f3gicos, por un lado; y por el otro las mayores demandas de servicios. La responsable de defender esta norma fue la concejala Adriana Molina y en este sentido dijo a Diario UNO: \u201cHoy hay 100 veces m\u00e1s usuarios de celulares que hace una d\u00e9cada, solo para dimensionar la demanda del servicio de telefon\u00eda celular. Es por eso que se pretende compatibilizar el avance tecnol\u00f3gico con la demanda del servicio, pero tambi\u00e9n pretendemos proteger la salud p\u00fablica y el medio ambiente. Estos son los que fueron tenidos en cuenta en esta regulaci\u00f3n de antenas. Por lo tanto, por un lado se establecen los distintos tipos de antenas y por otro se determinan cu\u00e1les son las condiciones de seguridad para la poblaci\u00f3n y el entorno\u201d.<\/p>\n<p>Tambi\u00e9n con esta ordenanza se determinan las condiciones relacionadas con el paisaje y lo urban\u00edstico; y va a haber un registro \u00fanico de antenas y sus diferencias y sobre todo se establecen las zonas donde se van a poder instalar los distintos tipos de dispositivos, entre otros puntos claves de esta normativa. \u201cEs una ordenanza muy detallada y completa. Adem\u00e1s destaco y esto tiene que ver con los vecinos, cada antena va a tener una identificaci\u00f3n y un seguro de responsabilidad civil con todos los datos de la operaci\u00f3n hasta con un tel\u00e9fono donde comunicarse por cualquier motivo\u201d, concluy\u00f3 la edila.<\/p>\n<h6>Fuente: Uno, Santa Fe<\/h6>\n","protected":false},"excerpt":{"rendered":"<p>Avance. Los concejales sancionaron una norma que permitir\u00e1 establecer una serie de pautas a las empresas que pretendan colocar estos dispositivos. Adem\u00e1s, se crear\u00e1 un registro \u00fanico Luego de m\u00e1s de un a\u00f1o de trabajo y tras un fuerte debate en el recinto, ayer el Concejo Municipal aprob\u00f3 una ordenanza que regular\u00e1 las antenas y<\/p>\n","protected":false},"author":2,"featured_media":36715,"comment_status":"closed","ping_status":"closed","sticky":false,"template":"","format":"standard","meta":{"footnotes":""},"categories":[2],"tags":[10],"class_list":["post-36714","post","type-post","status-publish","format-standard","has-post-thumbnail","hentry","category-informe-municipal","tag-santa-fe"],"_links":{"self":[{"href":"http:\/\/argentinamunicipal.com.ar\/argentina\/wp-json\/wp\/v2\/posts\/36714","targetHints":{"allow":["GET"]}}],"collection":[{"href":"http:\/\/argentinamunicipal.com.ar\/argentina\/wp-json\/wp\/v2\/posts"}],"about":[{"href":"http:\/\/argentinamunicipal.com.ar\/argentina\/wp-json\/wp\/v2\/types\/post"}],"author":[{"embeddable":true,"href":"http:\/\/argentinamunicipal.com.ar\/argentina\/wp-json\/wp\/v2\/users\/2"}],"replies":[{"embeddable":true,"href":"http:\/\/argentinamunicipal.com.ar\/argentina\/wp-json\/wp\/v2\/comments?post=36714"}],"version-history":[{"count":0,"href":"http:\/\/argentinamunicipal.com.ar\/argentina\/wp-json\/wp\/v2\/posts\/36714\/revisions"}],"wp:featuredmedia":[{"embeddable":true,"href":"http:\/\/argentinamunicipal.com.ar\/argentina\/wp-json\/wp\/v2\/media\/36715"}],"wp:attachment":[{"href":"http:\/\/argentinamunicipal.com.ar\/argentina\/wp-json\/wp\/v2\/media?parent=36714"}],"wp:term":[{"taxonomy":"category","embeddable":true,"href":"http:\/\/argentinamunicipal.com.ar\/argentina\/wp-json\/wp\/v2\/categories?post=36714"},{"taxonomy":"post_tag","embeddable":true,"href":"http:\/\/argentinamunicipal.com.ar\/argentina\/wp-json\/wp\/v2\/tags?post=36714"}],"curies":[{"name":"wp","href":"https:\/\/api.w.org\/{rel}","templated":true}]}}