{"id":36723,"date":"2015-09-18T09:23:54","date_gmt":"2015-09-18T12:23:54","guid":{"rendered":"http:\/\/argentinamunicipal.com.ar\/argentina\/?p=36723"},"modified":"2015-09-18T09:23:54","modified_gmt":"2015-09-18T12:23:54","slug":"san-juan-los-agricultores-de-el-encon-ya-cuentan-con-su-radio-comunitaria","status":"publish","type":"post","link":"http:\/\/argentinamunicipal.com.ar\/argentina\/san-juan-los-agricultores-de-el-encon-ya-cuentan-con-su-radio-comunitaria\/","title":{"rendered":"San Juan: Los agricultores de El Enc\u00f3n ya cuentan con su radio comunitaria"},"content":{"rendered":"<p><a href=\"http:\/\/argentinamunicipal.com.ar\/argentina\/wp-content\/uploads\/2015\/09\/71004.jpg\"><img loading=\"lazy\" decoding=\"async\" class=\"aligncenter  wp-image-36724\" src=\"http:\/\/argentinamunicipal.com.ar\/argentina\/wp-content\/uploads\/2015\/09\/71004.jpg\" alt=\"71004\" width=\"671\" height=\"447\" srcset=\"http:\/\/argentinamunicipal.com.ar\/argentina\/wp-content\/uploads\/2015\/09\/71004.jpg 1107w, http:\/\/argentinamunicipal.com.ar\/argentina\/wp-content\/uploads\/2015\/09\/71004-300x200.jpg 300w, http:\/\/argentinamunicipal.com.ar\/argentina\/wp-content\/uploads\/2015\/09\/71004-1024x683.jpg 1024w\" sizes=\"auto, (max-width: 671px) 100vw, 671px\" \/><\/a><br \/>\nLa radio naci\u00f3 de la mano de &#8216;J\u00f3venes Unidos sin Barreras\u201d, una agrupaci\u00f3n que se propuso llegar a los rincones m\u00e1s olvidados de la zona a trav\u00e9s de la radio comunitaria.<\/p>\n<p>La localidad del Enc\u00f3n se encuentra a 120 Km de la ciudad capital de San Juan. Su situaci\u00f3n comunicacional es complicada ya que hay pocas se\u00f1ales de radios que lleguen, igual que de televisi\u00f3n y de celular. Dichas se\u00f1ales llegan a la zona m\u00e1s poblada pero no a los puestos campo adentro.<\/p>\n<p>Por esto es que un grupo de j\u00f3venes de esta localidad, \u00abJ\u00f3venes Unidos sin Barreras\u201d (JUSIBA) se organizaron y se pusieron como meta tener su propia radio. Seg\u00fan informaron desde la Secretar\u00eda de Agricultura Familiar, los j\u00f3venes comenzaron haciendo actividades solidarias en su localidad y fueron avanzando con actividades que le ofrezcan a los j\u00f3venes alternativas para hacer en su pueblo y no emigrar a la ciudad.<\/p>\n<p>\u00abCon una pe\u00f1a inauguramos el espacio f\u00edsico de la radio y festejamos sus tres a\u00f1os de actividad. Pero tambi\u00e9n llevamos cuatro a\u00f1os de existencia del grupo JUSIBA. Cuando comenzamos s\u00f3lo ten\u00edamos un transmisor casero que cubr\u00eda esta zona del barrio de Enc\u00f3n nada mas. Ahora con el equipamiento nuevo podremos llegar al campo que es lo que quer\u00edamos. Tendr\u00e1 un alcance de 50 km a la redonda\u00bb, cont\u00f3 Daniela Nievas desde el grupo de j\u00f3venes.<\/p>\n<p>En cuanto a la realidad de la zona y las utilidades sociales de la radio comunitaria, Daniela inform\u00f3 que \u00abel que pasa por la ruta piensa que el Enc\u00f3n es s\u00f3lo el pueblito, y no es as\u00ed. Campo adentro hay muchas familias que producen, principalmente chivos, cabras, junquillo, est\u00e1n dispersas todas alrededor. Es ah\u00ed donde queremos llegar\u00bb.<\/p>\n<p>\u00abMuchas veces las familias puesteras el \u00fanico medio de comunicaci\u00f3n que tienen es una radio a pilas, entonces nos da una gran alegr\u00eda llegar a esa gente que necesita estar comunicada\u201d, subray\u00f3.<\/p>\n<p>Por su parte, Gisela Jaur\u00e9, del Programa de Fortalecimiento de Radios Comunitarias Rurales perteneciente a la Secretar\u00eda de Agricultura Familiar de la Naci\u00f3n explic\u00f3 que \u00abhace m\u00e1s de un a\u00f1o se est\u00e1 trabajando sobre el fortalecimiento espec\u00edficamente de radios comunitarias de organizaciones de la agricultura familiar, campesinas e ind\u00edgenas a trav\u00e9s del programa Comunicar nos fortalece\u00bb. Durante este 2015 se fortalecieron 18 radios en todo el pa\u00eds de las cuales dos est\u00e1n en San Juan, una en el Enc\u00f3n y otra en J\u00e1chal.<\/p>\n<p>\u00abEstas primeras radios se armaron de cero y el apoyo es b\u00e1sicamente equipamiento, micr\u00f3fono, consola, transmisor, computadora, antena, torre, dipolos, o sea todo lo necesario para funcionar porque es necesario que existan radios en las comunidades donde se puedan escuchar todas las voces, tanto en radios comerciales como medios nacionales hay intereses vinculados a empresas o pol\u00edticos y esto no permite la pluralidad de voces\u201d, explic\u00f3.<\/p>\n<p>Finalmente Jorge Abrego, vicepresidente de la Asociaci\u00f3n de Puesteros Ganaderos de 25 de Mayo asegur\u00f3 que \u00abesta radio es muy importante para la comunidad\u00bb. \u00abEs donde los campesinos van a poder expresarse con sus inquietudes y problemas, hoy se logr\u00f3 el anhelo de muchos a\u00f1os que era tener un medio de difusi\u00f3n en la zona y hoy el compromiso es cuidarlo entre todos, una radio comunitaria es del pueblo\u201d, expres\u00f3.<\/p>\n<p>Desde la Secretar\u00eda de Agricultura Familiar informaron que se espera seguir avanzando en el fortalecimiento de este tipo de comunicaci\u00f3n, en lo material y tambi\u00e9n con capacitaciones que permitan aprovechar al m\u00e1ximo este importante recurso comunitario.<\/p>\n<h6>Fuente: La Provincia San Juan<\/h6>\n","protected":false},"excerpt":{"rendered":"<p>La radio naci\u00f3 de la mano de &#8216;J\u00f3venes Unidos sin Barreras\u201d, una agrupaci\u00f3n que se propuso llegar a los rincones m\u00e1s olvidados de la zona a trav\u00e9s de la radio comunitaria. La localidad del Enc\u00f3n se encuentra a 120 Km de la ciudad capital de San Juan. Su situaci\u00f3n comunicacional es complicada ya que hay<\/p>\n","protected":false},"author":2,"featured_media":36724,"comment_status":"closed","ping_status":"closed","sticky":false,"template":"","format":"standard","meta":{"footnotes":""},"categories":[2],"tags":[32],"class_list":["post-36723","post","type-post","status-publish","format-standard","has-post-thumbnail","hentry","category-informe-municipal","tag-san-juan"],"_links":{"self":[{"href":"http:\/\/argentinamunicipal.com.ar\/argentina\/wp-json\/wp\/v2\/posts\/36723","targetHints":{"allow":["GET"]}}],"collection":[{"href":"http:\/\/argentinamunicipal.com.ar\/argentina\/wp-json\/wp\/v2\/posts"}],"about":[{"href":"http:\/\/argentinamunicipal.com.ar\/argentina\/wp-json\/wp\/v2\/types\/post"}],"author":[{"embeddable":true,"href":"http:\/\/argentinamunicipal.com.ar\/argentina\/wp-json\/wp\/v2\/users\/2"}],"replies":[{"embeddable":true,"href":"http:\/\/argentinamunicipal.com.ar\/argentina\/wp-json\/wp\/v2\/comments?post=36723"}],"version-history":[{"count":0,"href":"http:\/\/argentinamunicipal.com.ar\/argentina\/wp-json\/wp\/v2\/posts\/36723\/revisions"}],"wp:featuredmedia":[{"embeddable":true,"href":"http:\/\/argentinamunicipal.com.ar\/argentina\/wp-json\/wp\/v2\/media\/36724"}],"wp:attachment":[{"href":"http:\/\/argentinamunicipal.com.ar\/argentina\/wp-json\/wp\/v2\/media?parent=36723"}],"wp:term":[{"taxonomy":"category","embeddable":true,"href":"http:\/\/argentinamunicipal.com.ar\/argentina\/wp-json\/wp\/v2\/categories?post=36723"},{"taxonomy":"post_tag","embeddable":true,"href":"http:\/\/argentinamunicipal.com.ar\/argentina\/wp-json\/wp\/v2\/tags?post=36723"}],"curies":[{"name":"wp","href":"https:\/\/api.w.org\/{rel}","templated":true}]}}