{"id":36744,"date":"2015-09-18T09:46:35","date_gmt":"2015-09-18T12:46:35","guid":{"rendered":"http:\/\/argentinamunicipal.com.ar\/argentina\/?p=36744"},"modified":"2015-09-18T09:46:35","modified_gmt":"2015-09-18T12:46:35","slug":"contenerizacion-el-75-de-parana-ya-cuenta-con-contenedores","status":"publish","type":"post","link":"http:\/\/argentinamunicipal.com.ar\/argentina\/contenerizacion-el-75-de-parana-ya-cuenta-con-contenedores\/","title":{"rendered":"Contenerizaci\u00f3n: El 75% de Paran\u00e1 ya cuenta con contenedores"},"content":{"rendered":"<p><a href=\"http:\/\/argentinamunicipal.com.ar\/argentina\/wp-content\/uploads\/2015\/09\/o_1391274036.jpg\"><img loading=\"lazy\" decoding=\"async\" class=\"aligncenter size-full wp-image-36745\" src=\"http:\/\/argentinamunicipal.com.ar\/argentina\/wp-content\/uploads\/2015\/09\/o_1391274036.jpg\" alt=\"o_1391274036\" width=\"640\" height=\"480\" srcset=\"http:\/\/argentinamunicipal.com.ar\/argentina\/wp-content\/uploads\/2015\/09\/o_1391274036.jpg 640w, http:\/\/argentinamunicipal.com.ar\/argentina\/wp-content\/uploads\/2015\/09\/o_1391274036-300x225.jpg 300w\" sizes=\"auto, (max-width: 640px) 100vw, 640px\" \/><\/a><br \/>\nDentro de la pol\u00edtica municipal de GIRSU (Gesti\u00f3n Integral de Residuos S\u00f3lidos urbanos), se present\u00f3 este jueves un balance sobre la contenerizaci\u00f3n de Paran\u00e1. Blanca Osuna destac\u00f3 la toma de conciencia de los paranaenses, supo Elonce TV.<\/p>\n<p>Dentro de la pol\u00edtica municipal de GIRSU (Gesti\u00f3n Integral de Residuos S\u00f3lidos urbanos), se present\u00f3 este jueves un balance sobre la contenerizaci\u00f3n de Paran\u00e1. Participaron representantes de instituciones, comercios y vecinales, como as\u00ed tambi\u00e9n autoridades municipales.<\/p>\n<p>Blanca Osuna, intendenta, explic\u00f3 a Elonce TV que \u00ablas vecinales son las beneficiarias del desarrollo del programa de Gesti\u00f3n de Residuos S\u00f3lidos Urbanos. Queremos que los vecinos avancen en esta responsabilidad social del cuidado de los residuos que generamos, clasificando en su casa h\u00famedos y secos, cuidando los espacios p\u00fablicos, recogiendo el resto de los perros en las veredas, son una serie de cosas que ayudan a que la ciudad est\u00e9 limpia. Confiamos en esa responsabilidad y conciencia, un cambio cultural que necesitamos los paranaenses para avanzar en el cuidado de lo que es nuestro\u00bb.<\/p>\n<p>Sobre los contenedores, asegur\u00f3 que \u00abes positivo, hemos chequeado, encuestado. La municipalidad llega hoy al 75% de la ciudad con esta pol\u00edtica. Falta pero es positivo el avance, valoramos la respuesta, caminar 50 metros hasta el contenedor es un gesto con la ciudad, todav\u00eda hay vecinos que lo dejan a un costado, pero quienes han recibido esta inversi\u00f3n deben cuidar el contenedor\u00bb.<\/p>\n<h6>Fuente: El Once<\/h6>\n","protected":false},"excerpt":{"rendered":"<p>Dentro de la pol\u00edtica municipal de GIRSU (Gesti\u00f3n Integral de Residuos S\u00f3lidos urbanos), se present\u00f3 este jueves un balance sobre la contenerizaci\u00f3n de Paran\u00e1. Blanca Osuna destac\u00f3 la toma de conciencia de los paranaenses, supo Elonce TV. Dentro de la pol\u00edtica municipal de GIRSU (Gesti\u00f3n Integral de Residuos S\u00f3lidos urbanos), se present\u00f3 este jueves un<\/p>\n","protected":false},"author":2,"featured_media":36745,"comment_status":"closed","ping_status":"closed","sticky":false,"template":"","format":"standard","meta":{"footnotes":""},"categories":[2],"tags":[17],"class_list":["post-36744","post","type-post","status-publish","format-standard","has-post-thumbnail","hentry","category-informe-municipal","tag-entre-rios"],"_links":{"self":[{"href":"http:\/\/argentinamunicipal.com.ar\/argentina\/wp-json\/wp\/v2\/posts\/36744","targetHints":{"allow":["GET"]}}],"collection":[{"href":"http:\/\/argentinamunicipal.com.ar\/argentina\/wp-json\/wp\/v2\/posts"}],"about":[{"href":"http:\/\/argentinamunicipal.com.ar\/argentina\/wp-json\/wp\/v2\/types\/post"}],"author":[{"embeddable":true,"href":"http:\/\/argentinamunicipal.com.ar\/argentina\/wp-json\/wp\/v2\/users\/2"}],"replies":[{"embeddable":true,"href":"http:\/\/argentinamunicipal.com.ar\/argentina\/wp-json\/wp\/v2\/comments?post=36744"}],"version-history":[{"count":0,"href":"http:\/\/argentinamunicipal.com.ar\/argentina\/wp-json\/wp\/v2\/posts\/36744\/revisions"}],"wp:featuredmedia":[{"embeddable":true,"href":"http:\/\/argentinamunicipal.com.ar\/argentina\/wp-json\/wp\/v2\/media\/36745"}],"wp:attachment":[{"href":"http:\/\/argentinamunicipal.com.ar\/argentina\/wp-json\/wp\/v2\/media?parent=36744"}],"wp:term":[{"taxonomy":"category","embeddable":true,"href":"http:\/\/argentinamunicipal.com.ar\/argentina\/wp-json\/wp\/v2\/categories?post=36744"},{"taxonomy":"post_tag","embeddable":true,"href":"http:\/\/argentinamunicipal.com.ar\/argentina\/wp-json\/wp\/v2\/tags?post=36744"}],"curies":[{"name":"wp","href":"https:\/\/api.w.org\/{rel}","templated":true}]}}