{"id":36791,"date":"2015-09-19T09:50:27","date_gmt":"2015-09-19T12:50:27","guid":{"rendered":"http:\/\/argentinamunicipal.com.ar\/argentina\/?p=36791"},"modified":"2015-09-19T09:50:27","modified_gmt":"2015-09-19T12:50:27","slug":"inauguraron-una-planta-de-residuos-solidos-urbanos-en-sarmiento","status":"publish","type":"post","link":"http:\/\/argentinamunicipal.com.ar\/argentina\/inauguraron-una-planta-de-residuos-solidos-urbanos-en-sarmiento\/","title":{"rendered":"Inauguraron una planta de residuos s\u00f3lidos urbanos en Sarmiento"},"content":{"rendered":"<p><a href=\"http:\/\/argentinamunicipal.com.ar\/argentina\/wp-content\/uploads\/2015\/09\/f620x0-71170_71188_0.jpg\"><img loading=\"lazy\" decoding=\"async\" class=\"aligncenter size-full wp-image-36792\" src=\"http:\/\/argentinamunicipal.com.ar\/argentina\/wp-content\/uploads\/2015\/09\/f620x0-71170_71188_0.jpg\" alt=\"f620x0-71170_71188_0\" width=\"620\" height=\"413\" srcset=\"http:\/\/argentinamunicipal.com.ar\/argentina\/wp-content\/uploads\/2015\/09\/f620x0-71170_71188_0.jpg 620w, http:\/\/argentinamunicipal.com.ar\/argentina\/wp-content\/uploads\/2015\/09\/f620x0-71170_71188_0-300x200.jpg 300w\" sizes=\"auto, (max-width: 620px) 100vw, 620px\" \/><\/a><br \/>\nEste centro, cuya administraci\u00f3n depender\u00e1 del municipio, posee una capacidad de tratamiento de 20 toneladas de residuos diarias y generar\u00e1 15 puestos de trabajo para vecinos del departamento.<\/p>\n<p>Este mediod\u00eda el gobernador Jos\u00e9 Luis Gioja inaugur\u00f3 la \u00faltima Planta de Tratamiento de Residuos S\u00f3lidos Urbanos en el marco del Programa Estrat\u00e9gico de Gesti\u00f3n Integral de Residuos S\u00f3lidos Urbanos (PEGIRSU). Se trata de del Centro de Tratamiento, Recuperaci\u00f3n y Disposici\u00f3n Final de los Residuos de la Regi\u00f3n 5, en la localidad de Ca\u00f1ada Honda, en el departamento Sarmiento.<\/p>\n<p>Este centro, cuya administraci\u00f3n depender\u00e1 del municipio, posee una capacidad de tratamiento de 20 toneladas de residuos diarias y generar\u00e1 15 puestos de trabajo para vecinos del departamento.<\/p>\n<p>La obra tuvo un costo de $8 millones y cierra el ciclo de nueve plantas que cubren todo el territorio sanjuanino.<br \/>\nEn el nuevo predio se desarrollar\u00e1, adem\u00e1s, el proyecto de Valorizaci\u00f3n Energ\u00e9tica de Residuos S\u00f3lidos Urbanos (VERSU) encarado por un consorcio p\u00fablico privado integrado por la Secretar\u00eda de Estado de Ambiente y Desarrollo Sustentable, INTI, EPSE y tres empresas privadas de Mendoza. Este instrumento funciona como unidad generadora de energ\u00eda el\u00e9ctrica a partir del tratamiento t\u00e9rmico ambientalmente controlado, con una usina de gas- vapor de 435 kw de potencia para obtener electricidad de la basura y beneficiar a comunidades con poblaciones menores a 100.000 habitantes.<\/p>\n<p>Adem\u00e1s, el gobernador dej\u00f3 inaugurada una perforaci\u00f3n con planta de tratamiento de agua potable, con red para abastecer a 49 familias de Guanacache, con una inversi\u00f3n de $2.150.000.<\/p>\n<p>Para referirse a la ocasi\u00f3n hizo uso de la palabra el intendente Hensell, quien expres\u00f3 que \u00abeste gobernador cambi\u00f3 definitivamente nuestra pol\u00edtica de recolecci\u00f3n de residuos en el departamento. Hay que seguir trabajando en esto y crear conciencia de la importancia de procesar bien la basura. No es casual que San Juan est\u00e9 a la vanguardia en el uso de las energ\u00edas alternativas\u201d, concluy\u00f3 el intendente.<\/p>\n<p>A continuaci\u00f3n, Tello agreg\u00f3 que \u00absomos la \u00fanica provincia del pa\u00eds donde hay un centro de disposici\u00f3n de residuos que atiende a los 19 departamentos y sus vecinos. Hace 7 a\u00f1os est\u00e1bamos planteando la guerra a la basura y hoy lo logramos\u201d.<\/p>\n<p>Finalmente, el ingeniero Gioja expres\u00f3 que se est\u00e1 \u00abganando la guerra a la basura, por eso, al que pillemos tir\u00e1ndola en cualquier parte hay que denunciarlo para poder castigarlo\u00bb. \u00abTransformar la basura en energ\u00eda el\u00e9ctrica es un milagro\u201d, enfatiz\u00f3 el gobernador en cuanto al Proyecto de Valorizaci\u00f3n energ\u00e9tica y su instalaci\u00f3n en el resto de las plantas.<\/p>\n<p>\u00abLa gesti\u00f3n p\u00fablica no tienen techo, lo que debemos hacer los funcionarios es no mirar para atr\u00e1s sino de frente para ver d\u00f3nde est\u00e1n los problemas y juntos resolverlos. No sirve meterse las manos a los bolsillos y protestar porque hay otros intereses, lo que vale es el inter\u00e9s de nuestra gente y resolver las inquietudes, que es lo que intentamos hacer durante estos a\u00f1os y nos ha salido bien, ac\u00e1 est\u00e1n los resultados. Creemos que en la provincia hay una buena base para seguir construyendo. Estamos muy felices por haber cumplido una etapa. Esto se ha constru\u00eddo con recursos de la actividad minera, no nos sentimos responsables de nada, a quien no haya cumplido se lo investigar\u00e1 y si merece un castigo se lo castigar\u00e1. Creemos que el trabajo digno y el desarrollo de la provincia debe ser sustentable para que sirva al pueblo y sigamos creciendo. Esa es la tarea que queda por delante\u201d, culmin\u00f3 el primer mandatario provincial.<\/p>\n<h6>Fuente: La Provincia, San Juan<\/h6>\n","protected":false},"excerpt":{"rendered":"<p>Este centro, cuya administraci\u00f3n depender\u00e1 del municipio, posee una capacidad de tratamiento de 20 toneladas de residuos diarias y generar\u00e1 15 puestos de trabajo para vecinos del departamento. Este mediod\u00eda el gobernador Jos\u00e9 Luis Gioja inaugur\u00f3 la \u00faltima Planta de Tratamiento de Residuos S\u00f3lidos Urbanos en el marco del Programa Estrat\u00e9gico de Gesti\u00f3n Integral de<\/p>\n","protected":false},"author":2,"featured_media":36792,"comment_status":"closed","ping_status":"closed","sticky":false,"template":"","format":"standard","meta":{"footnotes":""},"categories":[2],"tags":[32],"class_list":["post-36791","post","type-post","status-publish","format-standard","has-post-thumbnail","hentry","category-informe-municipal","tag-san-juan"],"_links":{"self":[{"href":"http:\/\/argentinamunicipal.com.ar\/argentina\/wp-json\/wp\/v2\/posts\/36791","targetHints":{"allow":["GET"]}}],"collection":[{"href":"http:\/\/argentinamunicipal.com.ar\/argentina\/wp-json\/wp\/v2\/posts"}],"about":[{"href":"http:\/\/argentinamunicipal.com.ar\/argentina\/wp-json\/wp\/v2\/types\/post"}],"author":[{"embeddable":true,"href":"http:\/\/argentinamunicipal.com.ar\/argentina\/wp-json\/wp\/v2\/users\/2"}],"replies":[{"embeddable":true,"href":"http:\/\/argentinamunicipal.com.ar\/argentina\/wp-json\/wp\/v2\/comments?post=36791"}],"version-history":[{"count":0,"href":"http:\/\/argentinamunicipal.com.ar\/argentina\/wp-json\/wp\/v2\/posts\/36791\/revisions"}],"wp:featuredmedia":[{"embeddable":true,"href":"http:\/\/argentinamunicipal.com.ar\/argentina\/wp-json\/wp\/v2\/media\/36792"}],"wp:attachment":[{"href":"http:\/\/argentinamunicipal.com.ar\/argentina\/wp-json\/wp\/v2\/media?parent=36791"}],"wp:term":[{"taxonomy":"category","embeddable":true,"href":"http:\/\/argentinamunicipal.com.ar\/argentina\/wp-json\/wp\/v2\/categories?post=36791"},{"taxonomy":"post_tag","embeddable":true,"href":"http:\/\/argentinamunicipal.com.ar\/argentina\/wp-json\/wp\/v2\/tags?post=36791"}],"curies":[{"name":"wp","href":"https:\/\/api.w.org\/{rel}","templated":true}]}}