{"id":36822,"date":"2015-09-19T10:23:12","date_gmt":"2015-09-19T13:23:12","guid":{"rendered":"http:\/\/argentinamunicipal.com.ar\/argentina\/?p=36822"},"modified":"2015-09-19T10:23:12","modified_gmt":"2015-09-19T13:23:12","slug":"el-gobierno-sumara-us-2-400-millones-a-la-recuperacion-de-los-trenes-de-carga","status":"publish","type":"post","link":"http:\/\/argentinamunicipal.com.ar\/argentina\/el-gobierno-sumara-us-2-400-millones-a-la-recuperacion-de-los-trenes-de-carga\/","title":{"rendered":"El Gobierno sumar\u00e1 u$s 2.400 millones a la recuperaci\u00f3n de los trenes de carga"},"content":{"rendered":"<p><a href=\"http:\/\/argentinamunicipal.com.ar\/argentina\/wp-content\/uploads\/2015\/09\/belgrano.jpg\"><img loading=\"lazy\" decoding=\"async\" class=\"aligncenter size-full wp-image-36823\" src=\"http:\/\/argentinamunicipal.com.ar\/argentina\/wp-content\/uploads\/2015\/09\/belgrano.jpg\" alt=\"belgrano\" width=\"620\" height=\"414\" srcset=\"http:\/\/argentinamunicipal.com.ar\/argentina\/wp-content\/uploads\/2015\/09\/belgrano.jpg 620w, http:\/\/argentinamunicipal.com.ar\/argentina\/wp-content\/uploads\/2015\/09\/belgrano-300x200.jpg 300w\" sizes=\"auto, (max-width: 620px) 100vw, 620px\" \/><\/a><br \/>\nEl ministro Florencio Randazzo indic\u00f3 que \u00abla recuperaci\u00f3n del ferrocarril de cargas es una obsesi\u00f3n de la Presidenta para ayudar a las econom\u00edas regionales, y a peque\u00f1as y medianas empresas del interior del pa\u00eds a ganar competitividad\u00bb.<\/p>\n<p>El ministro del Interior y Transporte, Florencio Randazzo, anunci\u00f3 hoy un acuerdo con la empresa China Machinery Engineering Corporation para ampliar en 2.400 millones de d\u00f3lares la adquisici\u00f3n de trenes de carga.<\/p>\n<p>El funcionario firm\u00f3 en el pa\u00eds asi\u00e1tico una carta de intenci\u00f3n para duplicar el financiamiento destinado a la recuperaci\u00f3n del tren de cargas en la Argentina, se inform\u00f3 oficialmente a trav\u00e9s de un comunicado.<\/p>\n<p>Randazzo indic\u00f3 que la recuperaci\u00f3n del ferrocarril de cargas es \u00abuna obsesi\u00f3n\u00bb de la presidenta Cristina Kirchner para ayudar a las econom\u00edas regionales, y a peque\u00f1as y medianas empresas del interior del pa\u00eds a ganar competitividad.<\/p>\n<p>\u00abAl utilizar el tren como medio de transporte para sus mercader\u00edas, se abaratan los costos de la log\u00edstica hasta un 70 por ciento\u00bb, asegur\u00f3 el ministro.<\/p>\n<p>Sobre el cr\u00e9dito, Randazzo explic\u00f3 que \u00abse trata de un segundo tramo por 2.400 millones de d\u00f3lares que se invertir\u00e1n \u00edntegramente en renovaci\u00f3n de v\u00edas e infraestructura ferroviaria de cargas a trav\u00e9s de empresas argentinas\u00bb.<\/p>\n<p>\u00abLo firmado hoy es de suma importancia porque se asegura el financiamiento para los pr\u00f3ximos a\u00f1os; as\u00ed garantizamos que la recuperaci\u00f3n del ferrocarril se convierta una pol\u00edtica de estado que trascienda a los gobiernos\u00bb, indic\u00f3 el ministro.<\/p>\n<p>Randazzo record\u00f3 que Argentina ya est\u00e1 ejecutando el primer tramo adquirido con CMEC para renovar y mejorar 3.000 kil\u00f3metros de v\u00edas, reparar vagones, y adquirir locomotoras y vagones cero kil\u00f3metro que ya se est\u00e1n fabricando en China. (NA).-<\/p>\n<h6>Fuente: El Once<\/h6>\n","protected":false},"excerpt":{"rendered":"<p>El ministro Florencio Randazzo indic\u00f3 que \u00abla recuperaci\u00f3n del ferrocarril de cargas es una obsesi\u00f3n de la Presidenta para ayudar a las econom\u00edas regionales, y a peque\u00f1as y medianas empresas del interior del pa\u00eds a ganar competitividad\u00bb. El ministro del Interior y Transporte, Florencio Randazzo, anunci\u00f3 hoy un acuerdo con la empresa China Machinery Engineering<\/p>\n","protected":false},"author":2,"featured_media":36823,"comment_status":"closed","ping_status":"closed","sticky":false,"template":"","format":"standard","meta":{"footnotes":""},"categories":[8],"tags":[21],"class_list":["post-36822","post","type-post","status-publish","format-standard","has-post-thumbnail","hentry","category-informe-nacional","tag-argentina"],"_links":{"self":[{"href":"http:\/\/argentinamunicipal.com.ar\/argentina\/wp-json\/wp\/v2\/posts\/36822","targetHints":{"allow":["GET"]}}],"collection":[{"href":"http:\/\/argentinamunicipal.com.ar\/argentina\/wp-json\/wp\/v2\/posts"}],"about":[{"href":"http:\/\/argentinamunicipal.com.ar\/argentina\/wp-json\/wp\/v2\/types\/post"}],"author":[{"embeddable":true,"href":"http:\/\/argentinamunicipal.com.ar\/argentina\/wp-json\/wp\/v2\/users\/2"}],"replies":[{"embeddable":true,"href":"http:\/\/argentinamunicipal.com.ar\/argentina\/wp-json\/wp\/v2\/comments?post=36822"}],"version-history":[{"count":0,"href":"http:\/\/argentinamunicipal.com.ar\/argentina\/wp-json\/wp\/v2\/posts\/36822\/revisions"}],"wp:featuredmedia":[{"embeddable":true,"href":"http:\/\/argentinamunicipal.com.ar\/argentina\/wp-json\/wp\/v2\/media\/36823"}],"wp:attachment":[{"href":"http:\/\/argentinamunicipal.com.ar\/argentina\/wp-json\/wp\/v2\/media?parent=36822"}],"wp:term":[{"taxonomy":"category","embeddable":true,"href":"http:\/\/argentinamunicipal.com.ar\/argentina\/wp-json\/wp\/v2\/categories?post=36822"},{"taxonomy":"post_tag","embeddable":true,"href":"http:\/\/argentinamunicipal.com.ar\/argentina\/wp-json\/wp\/v2\/tags?post=36822"}],"curies":[{"name":"wp","href":"https:\/\/api.w.org\/{rel}","templated":true}]}}