{"id":36828,"date":"2015-09-19T10:28:58","date_gmt":"2015-09-19T13:28:58","guid":{"rendered":"http:\/\/argentinamunicipal.com.ar\/argentina\/?p=36828"},"modified":"2015-09-19T10:28:58","modified_gmt":"2015-09-19T13:28:58","slug":"la-intendenta-de-rosario-participara-junto-al-papa-de-la-cumbre-general-de-las-naciones-unidas","status":"publish","type":"post","link":"http:\/\/argentinamunicipal.com.ar\/argentina\/la-intendenta-de-rosario-participara-junto-al-papa-de-la-cumbre-general-de-las-naciones-unidas\/","title":{"rendered":"La Intendenta de Rosario\u00a0participar\u00e1 junto al Papa de la Cumbre General de las Naciones Unidas"},"content":{"rendered":"<p><a href=\"http:\/\/argentinamunicipal.com.ar\/argentina\/wp-content\/uploads\/2015\/09\/fein-grone.jpg\"><img loading=\"lazy\" decoding=\"async\" class=\"aligncenter  wp-image-36830\" src=\"http:\/\/argentinamunicipal.com.ar\/argentina\/wp-content\/uploads\/2015\/09\/fein-grone.jpg\" alt=\"fein grone\" width=\"634\" height=\"422\" srcset=\"http:\/\/argentinamunicipal.com.ar\/argentina\/wp-content\/uploads\/2015\/09\/fein-grone.jpg 1600w, http:\/\/argentinamunicipal.com.ar\/argentina\/wp-content\/uploads\/2015\/09\/fein-grone-300x200.jpg 300w, http:\/\/argentinamunicipal.com.ar\/argentina\/wp-content\/uploads\/2015\/09\/fein-grone-1024x682.jpg 1024w\" sizes=\"auto, (max-width: 634px) 100vw, 634px\" \/><\/a><\/p>\n<p>Como antesala, habr\u00e1 un importante encuentro el jueves pr\u00f3ximo del cual participar\u00e1 Fein en v\u00edsperas de la ODS, donde los alcaldes compartir\u00e1n su compromiso con el desarrollo sostenible.<\/p>\n<p>La intendenta M\u00f3nica Fein participar\u00e1 desde el pr\u00f3ximo viernes en Nueva York de la Cumbre General de las Naciones Unidas, que estar\u00e1 encabezada por el Papa Francisco y asistir\u00e1n m\u00e1s de 170 alcaldes de todo el mundo.<\/p>\n<p>Se trata de la Cumbre Especial sobre Desarrollo Sostenible, donde los l\u00edderes mundiales se reunir\u00e1n con el objetivo de aprobar el programa, adoptar los 17 Objetivos de Desarrollo Sostenible (ODS) y generar conciencia sobre un futuro sostenible y equitativo para las personas y el planeta.<\/p>\n<p>Como antesala, habr\u00e1 un importante encuentro el jueves pr\u00f3ximo del cual participar\u00e1 Fein en v\u00edsperas de la ODS, donde los alcaldes compartir\u00e1n su compromiso con el desarrollo sostenible.<\/p>\n<p>Este evento se basar\u00e1 en la reciente reuni\u00f3n de alcaldes con Francisco, que desarroll\u00f3 en julio en el Vaticano.<\/p>\n<p>En esta reuni\u00f3n previa a la Cumbre General de la ONU, los alcaldes debatir\u00e1n sobre los ODS y asumir\u00e1n compromisos claros para apoyar su implementaci\u00f3n en sus ciudades. Estos 17 puntos proporcionan un marco para el desarrollo global equilibrado en pilares econ\u00f3micos, sociales y ambientales.<\/p>\n<p>Una vez aprobadas, los ODS inspirar\u00e1n la acci\u00f3n p\u00fablica y privada; ayudar\u00e1n a guiar la cooperaci\u00f3n mundial; promover el pensamiento integrado; y apoyar el progreso sostenible en todos los pa\u00edses.<\/p>\n<p><strong>Agenda.<\/strong> Luego del encuentro con el Papa, la intendenta participar\u00e1 de una convocatoria del BID en Washington. La reuni\u00f3n, a la que asistir\u00e1n alcaldes de otras 50 ciudades de Am\u00e9rica latina, tiene como objetivo revisar entre el equipo Ices (Iniciativa Ciudades Emergentes y Sostenibles) y los expertos externos los principales avances y las propuestas hacia futuro de estas localidades para mejorar la calidad de vida de sus ciudadanos, adem\u00e1s se presentar\u00e1n ejemplos de nuevos instrumentos de an\u00e1lisis.<\/p>\n<p>El 28 de septiembre se llevar\u00e1 a cabo la premiaci\u00f3n del Concurso Urbanlab organizado por ICES, en la cual grupos universitarios presentar\u00e1n proyectos de renovaci\u00f3n y desarrollo del barrio Curund\u00fa en la ciudad de Panam\u00e1.<\/p>\n<p>El martes 29 se llevar\u00e1 a cabo el evento \u201cIdear Soluciones para mejorar vidas\u201d en el cual el BID invita a expertos internacionales y j\u00f3venes creativos e innovadores que redunden en ciudades con mayor calidad de vida y de gesti\u00f3n.<\/p>\n<p>Por \u00faltimo, el mi\u00e9rcoles 30 se llevar\u00e1 a cabo el \u201cForo de Alcaldes Latinoam\u00e9rica y el Caribe\u201d del cual participar\u00e1n cerca de 50 Alcaldes de Latinoam\u00e9rica y el Caribe con el objetivo de compartir sus experiencias y participar en la definici\u00f3n del contenido de la Red de Alcaldes Ices.<\/p>\n<p>La Iniciativa de Ciudades Emergentes y Sostenibles (ICES), es un programa del BID de asistencia t\u00e9cnica no-reembolsable que provee apoyo directo a los gobiernos locales en el desarrollo y ejecuci\u00f3n de sus planes de sostenibilidad. ICES emplea un enfoque multidisciplinario para atender la problem\u00e1tica que afecta a las \u00e1reas urbanas en Am\u00e9rica latina y el Caribe. Este enfoque incluye el an\u00e1lisis de la sostenibilidad medioambiental y de cambio clim\u00e1tico, la sostenibilidad urbana, y la sostenibilidad fiscal.<\/p>\n<h6>Fuente: La Capital, Rosario<\/h6>\n","protected":false},"excerpt":{"rendered":"<p>Como antesala, habr\u00e1 un importante encuentro el jueves pr\u00f3ximo del cual participar\u00e1 Fein en v\u00edsperas de la ODS, donde los alcaldes compartir\u00e1n su compromiso con el desarrollo sostenible. La intendenta M\u00f3nica Fein participar\u00e1 desde el pr\u00f3ximo viernes en Nueva York de la Cumbre General de las Naciones Unidas, que estar\u00e1 encabezada por el Papa Francisco<\/p>\n","protected":false},"author":2,"featured_media":36830,"comment_status":"closed","ping_status":"closed","sticky":false,"template":"","format":"standard","meta":{"footnotes":""},"categories":[2],"tags":[10],"class_list":["post-36828","post","type-post","status-publish","format-standard","has-post-thumbnail","hentry","category-informe-municipal","tag-santa-fe"],"_links":{"self":[{"href":"http:\/\/argentinamunicipal.com.ar\/argentina\/wp-json\/wp\/v2\/posts\/36828","targetHints":{"allow":["GET"]}}],"collection":[{"href":"http:\/\/argentinamunicipal.com.ar\/argentina\/wp-json\/wp\/v2\/posts"}],"about":[{"href":"http:\/\/argentinamunicipal.com.ar\/argentina\/wp-json\/wp\/v2\/types\/post"}],"author":[{"embeddable":true,"href":"http:\/\/argentinamunicipal.com.ar\/argentina\/wp-json\/wp\/v2\/users\/2"}],"replies":[{"embeddable":true,"href":"http:\/\/argentinamunicipal.com.ar\/argentina\/wp-json\/wp\/v2\/comments?post=36828"}],"version-history":[{"count":0,"href":"http:\/\/argentinamunicipal.com.ar\/argentina\/wp-json\/wp\/v2\/posts\/36828\/revisions"}],"wp:featuredmedia":[{"embeddable":true,"href":"http:\/\/argentinamunicipal.com.ar\/argentina\/wp-json\/wp\/v2\/media\/36830"}],"wp:attachment":[{"href":"http:\/\/argentinamunicipal.com.ar\/argentina\/wp-json\/wp\/v2\/media?parent=36828"}],"wp:term":[{"taxonomy":"category","embeddable":true,"href":"http:\/\/argentinamunicipal.com.ar\/argentina\/wp-json\/wp\/v2\/categories?post=36828"},{"taxonomy":"post_tag","embeddable":true,"href":"http:\/\/argentinamunicipal.com.ar\/argentina\/wp-json\/wp\/v2\/tags?post=36828"}],"curies":[{"name":"wp","href":"https:\/\/api.w.org\/{rel}","templated":true}]}}