{"id":36843,"date":"2015-09-21T09:12:23","date_gmt":"2015-09-21T12:12:23","guid":{"rendered":"http:\/\/argentinamunicipal.com.ar\/argentina\/?p=36843"},"modified":"2015-09-26T10:51:10","modified_gmt":"2015-09-26T13:51:10","slug":"llego-el-primer-tren-a-bahia-blanca-y-randazzo-dijo-que-se-saldo-una-deuda-historica","status":"publish","type":"post","link":"http:\/\/argentinamunicipal.com.ar\/argentina\/llego-el-primer-tren-a-bahia-blanca-y-randazzo-dijo-que-se-saldo-una-deuda-historica\/","title":{"rendered":"Lleg\u00f3 el primer tren a Bah\u00eda Blanca y Randazzo dijo que se sald\u00f3 una deuda \u00abhist\u00f3rica\u00bb"},"content":{"rendered":"<p><a href=\"http:\/\/argentinamunicipal.com.ar\/argentina\/wp-content\/uploads\/2015\/09\/0013392633.jpg\"><img loading=\"lazy\" decoding=\"async\" class=\"aligncenter  wp-image-36844\" src=\"http:\/\/argentinamunicipal.com.ar\/argentina\/wp-content\/uploads\/2015\/09\/0013392633.jpg\" alt=\"0013392633\" width=\"672\" height=\"378\" srcset=\"http:\/\/argentinamunicipal.com.ar\/argentina\/wp-content\/uploads\/2015\/09\/0013392633.jpg 770w, http:\/\/argentinamunicipal.com.ar\/argentina\/wp-content\/uploads\/2015\/09\/0013392633-300x169.jpg 300w\" sizes=\"auto, (max-width: 672px) 100vw, 672px\" \/><\/a><br \/>\nLuego de la llegada del tren a Bah\u00eda Blanca, el ministro del Interior y Transporte, Florencio Randazzo resalt\u00f3 que \u201cestamos saldando una deuda hist\u00f3rica con el sur de la provincia de Buenos Aires\u201d<\/p>\n<p>El ministro del Interior y Transporte, Florencio Randazzo, celebr\u00f3 hoy la llegada del primer tren 0km con pasajeros a la ciudad de Bah\u00eda Blanca y destac\u00f3 que \u201ccon este nuevo servicio comenzamos a saldar una deuda hist\u00f3rica con el sur de la provincia de Buenos Aires\u201d.<\/p>\n<p>\u201cEstamos cumpliendo lo que prometimos y desde hoy conectamos con trenes de \u00faltima generaci\u00f3n Capital Federal con Bah\u00eda Blanca, una de las principales ciudades del pa\u00eds y la puerta a la Patagonia argentina\u201d, agreg\u00f3 el Ministro.<\/p>\n<p>Randazzo, se\u00f1al\u00f3 que \u201cla primera formaci\u00f3n tuvo una ocupaci\u00f3n de pr\u00e1cticamente el 100% no s\u00f3lo entre cabeceras sino entre las paradas intermedias\u201d, y destac\u00f3 que \u201cla puesta en funcionamiento de este tren se enmarca dentro de la recuperaci\u00f3n ferroviaria impulsada por la presidenta Cristina Fern\u00e1ndez de Kirchner\u201d.<\/p>\n<p>Florencio Randazzo detall\u00f3 que \u201ctodos los viernes a las 19:52 partir\u00e1 desde Constituci\u00f3n y realizar\u00e1 paradas en Monte, Las Flores, Azul, Olavarr\u00eda, Coronel Su\u00e1rez, Pig\u00fc\u00e9 y Tornquist, por lo que tambi\u00e9n podr\u00e1n acceder a este tren los habitantes del centro de la provincia\u201d.<\/p>\n<p>\u201cLa vuelta desde Bah\u00eda Blanca se realizar\u00e1 los d\u00edas domingos partiendo a las 19:05 y representar\u00e1 una gran opci\u00f3n frente al colectivo ya que cuenta con la \u00faltima tecnolog\u00eda en seguridad y confort a un precio 40% inferior al de los \u00f3mnibus\u201d, agreg\u00f3 el funcionario nacional.<\/p>\n<p>Randazzo, agradeci\u00f3 especialmente al diputado provincial y candidato a intendente del Frente para la Victoria \u201cMarcelo Feli\u00fa, quien tanto ha trabajado para que la llegada de los trenes 0km a Bah\u00eda Blanca sea una realidad\u201d.<\/p>\n<p>Finalmente, el Ministro apunt\u00f3 que \u201ccada formaci\u00f3n tiene una capacidad para 529 pasajeros; cuenta coche camarote, tres de pulman, cinco en primera y un coche comedor\u201d.<\/p>\n<h6>Fuente: InfoCielo<\/h6>\n","protected":false},"excerpt":{"rendered":"<p>Luego de la llegada del tren a Bah\u00eda Blanca, el ministro del Interior y Transporte, Florencio Randazzo resalt\u00f3 que \u201cestamos saldando una deuda hist\u00f3rica con el sur de la provincia de Buenos Aires\u201d<\/p>\n","protected":false},"author":2,"featured_media":36844,"comment_status":"closed","ping_status":"closed","sticky":false,"template":"","format":"standard","meta":{"footnotes":""},"categories":[2],"tags":[12],"class_list":["post-36843","post","type-post","status-publish","format-standard","has-post-thumbnail","hentry","category-informe-municipal","tag-buenos-aires"],"_links":{"self":[{"href":"http:\/\/argentinamunicipal.com.ar\/argentina\/wp-json\/wp\/v2\/posts\/36843","targetHints":{"allow":["GET"]}}],"collection":[{"href":"http:\/\/argentinamunicipal.com.ar\/argentina\/wp-json\/wp\/v2\/posts"}],"about":[{"href":"http:\/\/argentinamunicipal.com.ar\/argentina\/wp-json\/wp\/v2\/types\/post"}],"author":[{"embeddable":true,"href":"http:\/\/argentinamunicipal.com.ar\/argentina\/wp-json\/wp\/v2\/users\/2"}],"replies":[{"embeddable":true,"href":"http:\/\/argentinamunicipal.com.ar\/argentina\/wp-json\/wp\/v2\/comments?post=36843"}],"version-history":[{"count":0,"href":"http:\/\/argentinamunicipal.com.ar\/argentina\/wp-json\/wp\/v2\/posts\/36843\/revisions"}],"wp:featuredmedia":[{"embeddable":true,"href":"http:\/\/argentinamunicipal.com.ar\/argentina\/wp-json\/wp\/v2\/media\/36844"}],"wp:attachment":[{"href":"http:\/\/argentinamunicipal.com.ar\/argentina\/wp-json\/wp\/v2\/media?parent=36843"}],"wp:term":[{"taxonomy":"category","embeddable":true,"href":"http:\/\/argentinamunicipal.com.ar\/argentina\/wp-json\/wp\/v2\/categories?post=36843"},{"taxonomy":"post_tag","embeddable":true,"href":"http:\/\/argentinamunicipal.com.ar\/argentina\/wp-json\/wp\/v2\/tags?post=36843"}],"curies":[{"name":"wp","href":"https:\/\/api.w.org\/{rel}","templated":true}]}}