{"id":36846,"date":"2015-09-21T09:17:04","date_gmt":"2015-09-21T12:17:04","guid":{"rendered":"http:\/\/argentinamunicipal.com.ar\/argentina\/?p=36846"},"modified":"2015-09-21T09:17:04","modified_gmt":"2015-09-21T12:17:04","slug":"las-varillas-modelo-en-materia-de-viviendas","status":"publish","type":"post","link":"http:\/\/argentinamunicipal.com.ar\/argentina\/las-varillas-modelo-en-materia-de-viviendas\/","title":{"rendered":"Las Varillas: \u201cModelo\u201d en materia de viviendas"},"content":{"rendered":"<p><a href=\"http:\/\/argentinamunicipal.com.ar\/argentina\/wp-content\/uploads\/2015\/09\/LasVarillasVivienda.jpg\"><img loading=\"lazy\" decoding=\"async\" class=\"aligncenter  wp-image-36847\" src=\"http:\/\/argentinamunicipal.com.ar\/argentina\/wp-content\/uploads\/2015\/09\/LasVarillasVivienda.jpg\" alt=\"LasVarillasVivienda\" width=\"646\" height=\"374\" srcset=\"http:\/\/argentinamunicipal.com.ar\/argentina\/wp-content\/uploads\/2015\/09\/LasVarillasVivienda.jpg 700w, http:\/\/argentinamunicipal.com.ar\/argentina\/wp-content\/uploads\/2015\/09\/LasVarillasVivienda-300x174.jpg 300w\" sizes=\"auto, (max-width: 646px) 100vw, 646px\" \/><\/a><\/p>\n<p>El intendente de la ciudad de Las Varillas, Juan Pablo Rujinsky, recibi\u00f3 al intendente de la ciudad de Marcos Ju\u00e1rez, Pedro Dellarossa, junto a parte de su equipo de Gobierno, quienes fueron a interiorizarse sobre los exitosos planes de vivienda que implementa la Municipalidad, para llevarlos adelante en su ciudad, seg\u00fan precisaron a trav\u00e9s de un comunicado. El intendente Rujinsky hizo entrega de las ordenanzas y planos de los ocho planes de vivienda vigentes para facilitarles la concreci\u00f3n, en Marcos Ju\u00e1rez, de esta iniciativa que en Las Varillas \u201ces Pol\u00edtica de Estado\u201d, afirm\u00f3 el mandatario, y que ya lleva, desde el a\u00f1o 2008, m\u00e1s de 780 casas entregadas.<\/p>\n<p>Luego de la reuni\u00f3n,que se concret\u00f3 d\u00edas atr\u00e1s, Rujinsky se mostr\u00f3 orgulloso porque \u201cla visita de Dellarossa se suma a la de m\u00e1s de 30 intendentes de distintos colores pol\u00edticos que toman a Las Varillas como modelo en materia de vivienda\u201d.<\/p>\n<h6>Fuente: El Diario del Centro del Pa\u00eds<\/h6>\n","protected":false},"excerpt":{"rendered":"<p>El intendente de la ciudad de Las Varillas, Juan Pablo Rujinsky, recibi\u00f3 al intendente de la ciudad de Marcos Ju\u00e1rez, Pedro Dellarossa, junto a parte de su equipo de Gobierno, quienes fueron a interiorizarse sobre los exitosos planes de vivienda que implementa la Municipalidad, para llevarlos adelante en su ciudad, seg\u00fan precisaron a trav\u00e9s de<\/p>\n","protected":false},"author":2,"featured_media":36847,"comment_status":"closed","ping_status":"closed","sticky":false,"template":"","format":"standard","meta":{"footnotes":""},"categories":[2],"tags":[3],"class_list":["post-36846","post","type-post","status-publish","format-standard","has-post-thumbnail","hentry","category-informe-municipal","tag-cordoba"],"_links":{"self":[{"href":"http:\/\/argentinamunicipal.com.ar\/argentina\/wp-json\/wp\/v2\/posts\/36846","targetHints":{"allow":["GET"]}}],"collection":[{"href":"http:\/\/argentinamunicipal.com.ar\/argentina\/wp-json\/wp\/v2\/posts"}],"about":[{"href":"http:\/\/argentinamunicipal.com.ar\/argentina\/wp-json\/wp\/v2\/types\/post"}],"author":[{"embeddable":true,"href":"http:\/\/argentinamunicipal.com.ar\/argentina\/wp-json\/wp\/v2\/users\/2"}],"replies":[{"embeddable":true,"href":"http:\/\/argentinamunicipal.com.ar\/argentina\/wp-json\/wp\/v2\/comments?post=36846"}],"version-history":[{"count":0,"href":"http:\/\/argentinamunicipal.com.ar\/argentina\/wp-json\/wp\/v2\/posts\/36846\/revisions"}],"wp:featuredmedia":[{"embeddable":true,"href":"http:\/\/argentinamunicipal.com.ar\/argentina\/wp-json\/wp\/v2\/media\/36847"}],"wp:attachment":[{"href":"http:\/\/argentinamunicipal.com.ar\/argentina\/wp-json\/wp\/v2\/media?parent=36846"}],"wp:term":[{"taxonomy":"category","embeddable":true,"href":"http:\/\/argentinamunicipal.com.ar\/argentina\/wp-json\/wp\/v2\/categories?post=36846"},{"taxonomy":"post_tag","embeddable":true,"href":"http:\/\/argentinamunicipal.com.ar\/argentina\/wp-json\/wp\/v2\/tags?post=36846"}],"curies":[{"name":"wp","href":"https:\/\/api.w.org\/{rel}","templated":true}]}}