{"id":36849,"date":"2015-09-21T09:27:14","date_gmt":"2015-09-21T12:27:14","guid":{"rendered":"http:\/\/argentinamunicipal.com.ar\/argentina\/?p=36849"},"modified":"2015-09-21T09:27:14","modified_gmt":"2015-09-21T12:27:14","slug":"cristina-saludo-al-papa-tras-la-historica-misa-en-la-plaza-de-la-revolucion","status":"publish","type":"post","link":"http:\/\/argentinamunicipal.com.ar\/argentina\/cristina-saludo-al-papa-tras-la-historica-misa-en-la-plaza-de-la-revolucion\/","title":{"rendered":"Cristina salud\u00f3 al Papa tras la hist\u00f3rica misa en la Plaza de la Revoluci\u00f3n"},"content":{"rendered":"<p><a href=\"http:\/\/argentinamunicipal.com.ar\/argentina\/wp-content\/uploads\/2015\/09\/na41.jpg\"><img loading=\"lazy\" decoding=\"async\" class=\"aligncenter  wp-image-36850\" src=\"http:\/\/argentinamunicipal.com.ar\/argentina\/wp-content\/uploads\/2015\/09\/na41.jpg\" alt=\"na41\" width=\"674\" height=\"505\" srcset=\"http:\/\/argentinamunicipal.com.ar\/argentina\/wp-content\/uploads\/2015\/09\/na41.jpg 1200w, http:\/\/argentinamunicipal.com.ar\/argentina\/wp-content\/uploads\/2015\/09\/na41-300x225.jpg 300w, http:\/\/argentinamunicipal.com.ar\/argentina\/wp-content\/uploads\/2015\/09\/na41-1024x767.jpg 1024w\" sizes=\"auto, (max-width: 674px) 100vw, 674px\" \/><\/a><br \/>\nLa Presidenta de la Naci\u00f3n, \u00fanica mandataria extrajera presente en la ceremonia, calific\u00f3 como \u201cemotiva y shockeante\u201d la multitudinaria misa celebrada por el Sumo Pont\u00edfice en La Habana.<\/p>\n<p>Una vez concluida la multitudinaria misa, que se extendi\u00f3 por m\u00e1s de una hora y media bajo un intenso calor en la capital cubana, y antes de Su Santidad el Papa Francisco subiera al Papam\u00f3vil, la Presidenta intercambi\u00f3 ayer saludos y algunas palabras con Francisco, quien momentos antes tambi\u00e9n hab\u00eda saludado al mandatario cubano.<\/p>\n<p>Posteriormente, Cristina se dirigi\u00f3 al Hotel Nacional para luego con la comitiva trasladarse al Aeropuerto Internacional Jos\u00e9 Mart\u00ed y embarcar de regreso a Buenos Aires a las 14.40 hora cubana.<\/p>\n<p>La jefa de Estado hab\u00eda llegado al sal\u00f3n VIP reservado a los Mandatarios e invitados especiales pasadas las 8.20 hora local y aguard\u00f3 junto a su par de la Rep\u00fablica de Cuba el comienzo de la Santa Misa.<\/p>\n<p>En su homil\u00eda ante m\u00e1s de 100 mil fieles, el Papa Francisco llam\u00f3 ayer a \u201ccuidar a los fr\u00e1giles de nuestras familias y de nuestra sociedad\u201d durante la homil\u00eda de la misa celebrada en la Plaza de la Revoluci\u00f3n de la capital cubana, a quienes les record\u00f3 que \u201cla importancia de una persona\u201d no se mide por ninguna otra cosa m\u00e1s que por cuanto \u201csirve a la fragilidad de la persona\u201d.<\/p>\n<p>\u201cLa invitaci\u00f3n al servicio posee una peculiaridad a la que estar atentos: servir significa en gran parte cuidar la fragilidad, cuidar a los fr\u00e1giles de nuestras familias, de nuestra sociedad, de nuestro pueblo\u201d, asegur\u00f3 el Pont\u00edfice en relaci\u00f3n a pasaje del Evangelio en el cual los disc\u00edpulos discut\u00edan qui\u00e9n de ellos era el m\u00e1s importante.<\/p>\n<p>\u201cSon personas de carne y hueso con su vida, su historia y con su fragilidad las que Jes\u00fas nos invita a defender, a cuidar y a servir. Porque ser cristiano implica luchar y vivir para la dignidad de sus hermanos. Por eso es invitado siempre a dejar de lado sus b\u00fasquedas y deseos de omnipotencia ante la mirada concreta de los m\u00e1s fr\u00e1giles\u201d.<\/p>\n<p>Adem\u00e1s, el obispo de Roma pidi\u00f3 alejar el \u201cservicio al pr\u00f3jimo\u201d de la ideolog\u00eda y vincularlo a \u201clas personas\u201d.\u201dHay una forma de ejercer el servicio que tiene como inter\u00e9s el beneficiar a los \u2018m\u00edos\u2019, en nombre de lo \u2018nuestro\u2019\u201d, dijo Francisco durante una homil\u00eda ante m\u00e1s de 100.000 personas en la Plaza de la Revoluci\u00f3n de La Habana.<\/p>\n<p>\u201cEse servicio siempre deja a los \u2018tuyos\u2019 por fuera, generando una din\u00e1mica de exclusi\u00f3n\u201d, lament\u00f3 el Papa. \u201cPor eso nunca el servicio es ideol\u00f3gico, ya que no se sirve a ideas, sino que se sirve a las personas\u201d, sostuvo el Pont\u00edfice argentino.<\/p>\n<p>La presidenta de la Naci\u00f3n calific\u00f3 como \u201cemotiva y shockeante\u201d la hist\u00f3rica misa celebrada por el Papa Francisco en la plaza de la Revoluci\u00f3n, de La Habana, y asegur\u00f3 que en ese marco \u201cera como si el Che Guevara mirara a todos\u201d.<\/p>\n<p>Las declaraciones de Cristina tuvieron lugar en el aeropuerto internacional de La Habana, cuando se dirigi\u00f3 a la prensa antes de emprender el regreso al pa\u00eds tras su visita a Cuba.<\/p>\n<h6>Fuente: La Ma\u00f1ana de C\u00f3rdoba<\/h6>\n<hr \/>\n<h3><\/h3>\n<h3>\u00abEl discurso del Papa me hizo pensar en el concepto &#8216;la patria es el otro'\u00bb<\/h3>\n<p>[embedyt]http:\/\/www.youtube.com\/watch?v=HDeR4M5145w[\/embedyt]<\/p>\n<p>La Presidenta se refiri\u00f3 al serm\u00f3n que dio Francisco en la misa que celebr\u00f3 en la Plaza de la Revoluci\u00f3n, en declaraciones previas a su partida hacia Buenos Aires, donde realiz\u00f3 un balance de su viaje a Cuba.<\/p>\n<p>\u00abMe gustaron mucho sus palabras: fue un serm\u00f3n muy interesante\u00bb porque \u00abhabla del vulnerable y del pobre, y de que nadie puede sentirse cristiano si no los contempla\u00bb, ya que hizo \u00abalusi\u00f3n a esa parte del Evangelio en donde los ap\u00f3stoles se pelean para ver qui\u00e9n es el m\u00e1s importante y a partir de all\u00ed da su serm\u00f3n\u00bb, mencion\u00f3 Cristina, durante un encuentro que mantuvo con la prensa.<\/p>\n<p>\u00abLa idea de que el m\u00e1s importante es el \u00faltimo y el que sirva m\u00e1s a los vulnerables, pobres y necesitados me parece que es toda una idea, y yo le dije que casi me hizo pensar en &#8216;la patria es el Otro&#8217; cuando estaba dando el serm\u00f3n\u00bb, afirm\u00f3 Cristina.<\/p>\n<p>\u00abLa verdad es que insistimos mucho con esta idea y hoy dijo eso que es de buen cristiano, que el m\u00e1s importante sea el que mejor sirva a los que menos tienen\u00bb, por lo que le \u00abpareci\u00f3 un serm\u00f3n m\u00e1s que interesante a aplicar en el mundo y tambi\u00e9n en Argentina\u00bb, consider\u00f3 la mandataria.<\/p>\n<p>Cristina se explay\u00f3 sobre su gira oficial por Cuba durante un encuentro con la prensa en el Aeropuerto Internacional Jos\u00e9 Mart\u00ed antes de volver al pa\u00eds a bordo del avi\u00f3n presidencial Tango 01 junto con la comitiva que la acompa\u00f1\u00f3 a su cuarta visita oficial por la isla.<\/p>\n<p>Durante su gira de dos d\u00edas por la isla, la Jefa de Estado se reuni\u00f3 con su par cubano Ra\u00fal Castro en una cena de honor que brind\u00f3 el mandatario en el Palacio de la Revoluci\u00f3n, la que consider\u00f3 \u00abmuy buena\u00bb.<\/p>\n<p>Consultada por T\u00e9lam al respecto, Cristina cont\u00f3 que estuvieron \u00abintercambiando opiniones sobre lo que pasa en el mundo y en la regi\u00f3n\u00bb, y que se trat\u00f3 de un \u00abencuentro de amigos\u00bb, ya que \u00abestaban los cancilleres y los embajadores\u00bb.<\/p>\n<p>La Presidenta lleg\u00f3 a Cuba al aceptar la invitaci\u00f3n de Ra\u00fal Castro de presenciar la misa que brind\u00f3 hoy el papa Francisco en La Habana, en su gira de tres d\u00edas por la isla, y que continuar\u00e1 por Estados Unidos.<\/p>\n<p>Sobre la misa sostuvo que fue \u00abmuy emotiva y shockeante\u00bb, y afirm\u00f3: \u00abcreo que estar ah\u00ed en la Plaza de la Revoluci\u00f3n, era como que el Che Guevara nos estaba mirando a todos, lo miraba al papa, que estaba a la izquierda del monumento\u00bb.<\/p>\n<p>En un breve par\u00e9ntesis sobre su apreciaci\u00f3n de la misa, coment\u00f3 que la idea del monumento a Eva Per\u00f3n emplazado en el edificio del Ministerio de Desarrollo Social lo tom\u00f3 de \u00abla primera vez\u00bb que fue a Cuba, ya que \u00abvio en la Plaza de la Revoluci\u00f3n la figura\u00bb: \u00abuna cosa era verlo en fotograf\u00eda y otra cosa era verlo all\u00ed, y dije \u00bfpor qu\u00e9 no hacerle el mismo homenaje Evita?\u00bb.<\/p>\n<p>\u00abEstar hoy all\u00ed en esa Plaza con el papa y Ra\u00fal (Castro) sentado al lado, con el Che que nos miraba tambi\u00e9n Camilo Cienfuegos fue muy fuerte, porque est\u00e1 todo vinculado con nuestra historia\u00bb, afirm\u00f3.<\/p>\n<p>\u00abMe parece que la historia va tomando su rumbo, que muchas veces es impredecible, que por ah\u00ed premia a muchos y enoja a otros, pero que es la historia, que es as\u00ed: uno puede entenderla o tratar de decodificarla pero nunca enojarse con ella\u00bb, afirm\u00f3.<\/p>\n<p>\u00abYo me pregunto qu\u00e9 habr\u00e1 sentido el papa, un argentino dando misa en Cuba, y agradeci\u00e9ndole a Ra\u00fal Castro la labor que est\u00e1 desempe\u00f1ando el pa\u00eds en el acercamiento entre el gobierno colombiano y las FARC en ese tan ansiado proceso de paz\u00bb.<\/p>\n<p>\u00abM\u00e1s el desempe\u00f1o de Cuba con Estados Unidos\u00bb para el restablecimiento de las relaciones diplom\u00e1ticas: \u00abYo no me canso de decirle a todo el pueblo cubano que es una victoria m\u00e1s que merecida y que se la ganaron con creces\u00bb, afirm\u00f3 la Presidenta.<\/p>\n<p>\u00abYo siempre cuando vengo aqu\u00ed me siento muy bien, como en casa, porque los cubanos me tratan como si fuera una compatriota\u00bb, sostuvo Cristina y asever\u00f3: \u00abDebe tener que ver con la figura del Che y tambi\u00e9n con las posturas nuestras a nivel internacional, con la defensa que siempre se hizo y la firme condena que siempre se ha mantenido contra el bloqueo\u00bb.<\/p>\n<p>\u00abNo hay bloqueos ni muros que puedan durar m\u00e1s de 10 a\u00f1os, y yo creo que la historia finalmente termina arrasando con todas esas fronteras artificiales creadas por intereses mezquinos para aislar a los pueblos\u00bb, concluy\u00f3 la Presidenta.<\/p>\n<h6>Fuente: T\u00e9lam<\/h6>\n<p>&nbsp;<\/p>\n","protected":false},"excerpt":{"rendered":"<p>La Presidenta de la Naci\u00f3n, \u00fanica mandataria extrajera presente en la ceremonia, calific\u00f3 como \u201cemotiva y shockeante\u201d la multitudinaria misa celebrada por el Sumo Pont\u00edfice en La Habana. Una vez concluida la multitudinaria misa, que se extendi\u00f3 por m\u00e1s de una hora y media bajo un intenso calor en la capital cubana, y antes de<\/p>\n","protected":false},"author":2,"featured_media":36850,"comment_status":"closed","ping_status":"closed","sticky":false,"template":"","format":"standard","meta":{"footnotes":""},"categories":[8],"tags":[21],"class_list":["post-36849","post","type-post","status-publish","format-standard","has-post-thumbnail","hentry","category-informe-nacional","tag-argentina"],"_links":{"self":[{"href":"http:\/\/argentinamunicipal.com.ar\/argentina\/wp-json\/wp\/v2\/posts\/36849","targetHints":{"allow":["GET"]}}],"collection":[{"href":"http:\/\/argentinamunicipal.com.ar\/argentina\/wp-json\/wp\/v2\/posts"}],"about":[{"href":"http:\/\/argentinamunicipal.com.ar\/argentina\/wp-json\/wp\/v2\/types\/post"}],"author":[{"embeddable":true,"href":"http:\/\/argentinamunicipal.com.ar\/argentina\/wp-json\/wp\/v2\/users\/2"}],"replies":[{"embeddable":true,"href":"http:\/\/argentinamunicipal.com.ar\/argentina\/wp-json\/wp\/v2\/comments?post=36849"}],"version-history":[{"count":0,"href":"http:\/\/argentinamunicipal.com.ar\/argentina\/wp-json\/wp\/v2\/posts\/36849\/revisions"}],"wp:featuredmedia":[{"embeddable":true,"href":"http:\/\/argentinamunicipal.com.ar\/argentina\/wp-json\/wp\/v2\/media\/36850"}],"wp:attachment":[{"href":"http:\/\/argentinamunicipal.com.ar\/argentina\/wp-json\/wp\/v2\/media?parent=36849"}],"wp:term":[{"taxonomy":"category","embeddable":true,"href":"http:\/\/argentinamunicipal.com.ar\/argentina\/wp-json\/wp\/v2\/categories?post=36849"},{"taxonomy":"post_tag","embeddable":true,"href":"http:\/\/argentinamunicipal.com.ar\/argentina\/wp-json\/wp\/v2\/tags?post=36849"}],"curies":[{"name":"wp","href":"https:\/\/api.w.org\/{rel}","templated":true}]}}