{"id":36861,"date":"2015-09-21T16:55:07","date_gmt":"2015-09-21T19:55:07","guid":{"rendered":"http:\/\/argentinamunicipal.com.ar\/argentina\/?p=36861"},"modified":"2015-09-26T10:51:22","modified_gmt":"2015-09-26T13:51:22","slug":"presentan-la-ley-nacional-de-agricultura-familiar-campesina-en-villa-dolores","status":"publish","type":"post","link":"http:\/\/argentinamunicipal.com.ar\/argentina\/presentan-la-ley-nacional-de-agricultura-familiar-campesina-en-villa-dolores\/","title":{"rendered":"Presentan la Ley nacional de Agricultura Familiar Campesina en Villa Dolores"},"content":{"rendered":"<p><a href=\"http:\/\/argentinamunicipal.com.ar\/argentina\/wp-content\/uploads\/2015\/09\/plantas-manos-ornato-siembra.jpg\"><img loading=\"lazy\" decoding=\"async\" class=\"aligncenter  wp-image-36862\" src=\"http:\/\/argentinamunicipal.com.ar\/argentina\/wp-content\/uploads\/2015\/09\/plantas-manos-ornato-siembra.jpg\" alt=\"plantas-manos-ornato-siembra\" width=\"699\" height=\"492\" srcset=\"http:\/\/argentinamunicipal.com.ar\/argentina\/wp-content\/uploads\/2015\/09\/plantas-manos-ornato-siembra.jpg 774w, http:\/\/argentinamunicipal.com.ar\/argentina\/wp-content\/uploads\/2015\/09\/plantas-manos-ornato-siembra-300x211.jpg 300w\" sizes=\"auto, (max-width: 699px) 100vw, 699px\" \/><\/a><br \/>\nSer\u00e1 hoy lunes desde las 11, en el Sal\u00f3n de los Cuadros de la Municipalidad. La actividad es organizada por el Movimiento Campesino C\u00f3rdoba.<\/p>\n<p>Hoy lunes, el Movimiento Campesino de C\u00f3rdoba -perteneciente al Movimiento Nacional Campesino Ind\u00edgena- junto a las instituciones y organizaciones que constituyen el Consejo de la Agricultura Familiar Campesina de Traslasierra, realizar\u00e1 la presentaci\u00f3n de la Ley nacional de Reparaci\u00f3n Hist\u00f3rica de la Agricultura Familiar Campesina Ind\u00edgena N\u00ba 27.118, en un acto a realizarse en el Sal\u00f3n de los Cuadros de la Municipalidad de Villa Dolores, desde las 11.<\/p>\n<p>El encuentro tendr\u00e1 por fin, no s\u00f3lo dar a conocer la nueva normativa, de la cual el Movimiento Nacional Campesino Ind\u00edgena ha sido actor fundamental en su redacci\u00f3n, sino adem\u00e1s conseguir la adhesi\u00f3n de legisladores e intendentes de la regi\u00f3n en el proceso de recuperar la visibilidad del campesinado como sujeto central en el desarrollo de las econom\u00edas regionales.<\/p>\n<p>Cabe recordar que la Ley 27.118 sienta jurisprudencia sobre reivindicaciones hist\u00f3ricas del campesinado: la funci\u00f3n social de la tierra, el derecho humano al agua para consumo humano y para la producci\u00f3n, el acceso a infraestructura y servicios para la poblaci\u00f3n rural, la generaci\u00f3n de programas destinados a j\u00f3venes para favorecer el arraigo rural.<\/p>\n<p>En di\u00e1logo con LA MA\u00d1ANA, David Sosa, integrante del Movimiento Campesino C\u00f3rdoba, asegur\u00f3 que es imprescindible que esta ley tenga la adhesi\u00f3n de las provincias.<\/p>\n<p>\u201cA la ley se lleg\u00f3 luego de una lucha de muchas a\u00f1os del Movimiento Nacional Campesino Ind\u00edgena, donde nosotros como Movimiento Campesino C\u00f3rdoba somos parte. Creemos que la es muy importante porque en realidad defiende la vida del campesino pero, para sabemos que si no la visibilizamos para que se adhiera la Provincia, ser\u00e1 muy dif\u00edcil llevar a cabo los puntos que incluye y justamente lo que no queremos es que quede como una ley perdida. Para eso, por un lado, venimos articulando algunos de esos preceptos de la ley con movimientos sociales de distintos lugares, y luego estamos buscando por todos los medios empezar a hablar con los legisladores, en especial los electos de los distintos departamentos, no s\u00f3lo los de capital\u201d, explic\u00f3 Sosa.<\/p>\n<p>Al mismo tiempo que se informa en el interior sobre la ley, se est\u00e1 trabajando en conjunto con la Secretar\u00eda Nacional de Agricultura Familiar, con la que lanzaron hace pocos d\u00edas el programa que se llama \u201cDe Campesino a Campesino\u201d, en un paraje en las cercan\u00edas de Cruz del Eje.<\/p>\n<p>\u201cEl s\u00e1bado anterior lanzamos el programa con la construcci\u00f3n de una cisterna, la cual por un lado fue simb\u00f3lica porque un 90 por ciento de los campesinos en esos lugares no tiene agua potable pero al mismo tiempo se mostr\u00f3 que a trav\u00e9s del programa, algunos compa\u00f1eros viajaron a Brasil para formarse sobre el m\u00e9todo de construcci\u00f3n de las cisternas para luego hacerlas en otras comunidades y ense\u00f1arle a otros campesinos c\u00f3mo construirlas\u201d, relat\u00f3.<\/p>\n<p>Por otro lado, asegur\u00f3 que desde el Movimiento Campesino C\u00f3rdoba \u201cestamos convencidos de que somos un actor fuerte en cuanto a la producci\u00f3n y que no estamos reconocidos como s\u00ed lo est\u00e1n otros productores. Nuestra producci\u00f3n b\u00e1sicamente ganadera a una escala muy baja donde cada familia puede tener m\u00e1ximo 30 vacas. Pero lo que se ha buscado es diversificar esa producci\u00f3n. Por ejemplo, la producci\u00f3n del carb\u00f3n es hist\u00f3rica, pero a ra\u00edz de la Ley de Bosques sabemos que no se puede cortar el monte, porque hay que cuidarlo, y se comenz\u00f3 a incorporar otro tipo de producciones como la apicultura, por ejemplo. La nueva ley, nos ampara en este aspecto, pero adem\u00e1s contempla programas de salud y educaci\u00f3n, porque creemos que el campo debe brindar posibilidades de estudios y recuperar algunos puestos sanitarios, para evitar el desarraigo\u201d, explic\u00f3.<\/p>\n<h6>Fuente: La Ma\u00f1ana de C\u00f3rdoba<\/h6>\n","protected":false},"excerpt":{"rendered":"<p>Ser\u00e1 hoy lunes desde las 11, en el Sal\u00f3n de los Cuadros de la Municipalidad. La actividad es organizada por el Movimiento Campesino C\u00f3rdoba.<\/p>\n","protected":false},"author":2,"featured_media":36862,"comment_status":"closed","ping_status":"closed","sticky":false,"template":"","format":"standard","meta":{"footnotes":""},"categories":[2],"tags":[3],"class_list":["post-36861","post","type-post","status-publish","format-standard","has-post-thumbnail","hentry","category-informe-municipal","tag-cordoba"],"_links":{"self":[{"href":"http:\/\/argentinamunicipal.com.ar\/argentina\/wp-json\/wp\/v2\/posts\/36861","targetHints":{"allow":["GET"]}}],"collection":[{"href":"http:\/\/argentinamunicipal.com.ar\/argentina\/wp-json\/wp\/v2\/posts"}],"about":[{"href":"http:\/\/argentinamunicipal.com.ar\/argentina\/wp-json\/wp\/v2\/types\/post"}],"author":[{"embeddable":true,"href":"http:\/\/argentinamunicipal.com.ar\/argentina\/wp-json\/wp\/v2\/users\/2"}],"replies":[{"embeddable":true,"href":"http:\/\/argentinamunicipal.com.ar\/argentina\/wp-json\/wp\/v2\/comments?post=36861"}],"version-history":[{"count":0,"href":"http:\/\/argentinamunicipal.com.ar\/argentina\/wp-json\/wp\/v2\/posts\/36861\/revisions"}],"wp:featuredmedia":[{"embeddable":true,"href":"http:\/\/argentinamunicipal.com.ar\/argentina\/wp-json\/wp\/v2\/media\/36862"}],"wp:attachment":[{"href":"http:\/\/argentinamunicipal.com.ar\/argentina\/wp-json\/wp\/v2\/media?parent=36861"}],"wp:term":[{"taxonomy":"category","embeddable":true,"href":"http:\/\/argentinamunicipal.com.ar\/argentina\/wp-json\/wp\/v2\/categories?post=36861"},{"taxonomy":"post_tag","embeddable":true,"href":"http:\/\/argentinamunicipal.com.ar\/argentina\/wp-json\/wp\/v2\/tags?post=36861"}],"curies":[{"name":"wp","href":"https:\/\/api.w.org\/{rel}","templated":true}]}}