{"id":36869,"date":"2015-09-21T10:06:51","date_gmt":"2015-09-21T13:06:51","guid":{"rendered":"http:\/\/argentinamunicipal.com.ar\/argentina\/?p=36869"},"modified":"2015-09-21T10:06:51","modified_gmt":"2015-09-21T13:06:51","slug":"anuncian-la-incorporacion-de-santa-fe-a-la-red-sube","status":"publish","type":"post","link":"http:\/\/argentinamunicipal.com.ar\/argentina\/anuncian-la-incorporacion-de-santa-fe-a-la-red-sube\/","title":{"rendered":"Anuncian la incorporaci\u00f3n de Santa Fe\u00a0a la red Sube"},"content":{"rendered":"<p><a href=\"http:\/\/argentinamunicipal.com.ar\/argentina\/wp-content\/uploads\/2015\/09\/Sube-MT.jpg_973718260.jpg\"><img loading=\"lazy\" decoding=\"async\" class=\"aligncenter  wp-image-36870\" src=\"http:\/\/argentinamunicipal.com.ar\/argentina\/wp-content\/uploads\/2015\/09\/Sube-MT.jpg_973718260.jpg\" alt=\"Sube-MT.jpg_973718260\" width=\"668\" height=\"466\" srcset=\"http:\/\/argentinamunicipal.com.ar\/argentina\/wp-content\/uploads\/2015\/09\/Sube-MT.jpg_973718260.jpg 789w, http:\/\/argentinamunicipal.com.ar\/argentina\/wp-content\/uploads\/2015\/09\/Sube-MT.jpg_973718260-300x209.jpg 300w\" sizes=\"auto, (max-width: 668px) 100vw, 668px\" \/><\/a><br \/>\nEste lunes a las 10, en el Centro de Distrito Este, el intendente Jos\u00e9 Corral dar\u00e1 a conocer la fecha de implementaci\u00f3n del Sistema \u00danico de Boleto Electr\u00f3nico en la capital provincial. En Abril los colectivos hab\u00edan comenzado con\u00a0la instalaci\u00f3n de las terminales.<\/p>\n<p>A fines del mes de abril, Diario UNO plasmaba el hecho de que una de las empresas de transporte urbano de pasajeros hab\u00eda comenzado con la instalaci\u00f3n de las terminales para la puesta en marcha del Sistema \u00danico de Boleto Electr\u00f3nico (Sube). En ese momento, se estimaba que la puesta en marcha ser\u00eda en un mes, sin embargo la demora en la entrega de las lectoras de las tarjetas colabor\u00f3 con el atraso.<\/p>\n<p>Finalmente este lunes, el intendente Jos\u00e9 Corral anunciar\u00e1 las principales caracter\u00edsticas de la incorporaci\u00f3n de la ciudad de Santa Fe a la red Sube para el transporte p\u00fablico de pasajeros.<\/p>\n<p>La presentaci\u00f3n tendr\u00e1 lugar a las 10 en el Centro de Distrito Este, que funciona en el Prado Espa\u00f1ol (avenida General Paz y Hernandarias).<\/p>\n<p>En la oportunidad, el mandatario local dar\u00e1 a conocer la fecha de implementaci\u00f3n, como as\u00ed tambi\u00e9n los destinatarios, alcances y beneficios de la incorporaci\u00f3n de la ciudad a la red Sube. Adem\u00e1s, anunciar\u00e1 el proceso que se llevar\u00e1 adelante para la puesta en marcha del sistema.<\/p>\n<h6>Fuente: Uno, Santa Fe<\/h6>\n","protected":false},"excerpt":{"rendered":"<p>Este lunes a las 10, en el Centro de Distrito Este, el intendente Jos\u00e9 Corral dar\u00e1 a conocer la fecha de implementaci\u00f3n del Sistema \u00danico de Boleto Electr\u00f3nico en la capital provincial. En Abril los colectivos hab\u00edan comenzado con\u00a0la instalaci\u00f3n de las terminales. A fines del mes de abril, Diario UNO plasmaba el hecho de<\/p>\n","protected":false},"author":2,"featured_media":36870,"comment_status":"closed","ping_status":"closed","sticky":false,"template":"","format":"standard","meta":{"footnotes":""},"categories":[2],"tags":[10],"class_list":["post-36869","post","type-post","status-publish","format-standard","has-post-thumbnail","hentry","category-informe-municipal","tag-santa-fe"],"_links":{"self":[{"href":"http:\/\/argentinamunicipal.com.ar\/argentina\/wp-json\/wp\/v2\/posts\/36869","targetHints":{"allow":["GET"]}}],"collection":[{"href":"http:\/\/argentinamunicipal.com.ar\/argentina\/wp-json\/wp\/v2\/posts"}],"about":[{"href":"http:\/\/argentinamunicipal.com.ar\/argentina\/wp-json\/wp\/v2\/types\/post"}],"author":[{"embeddable":true,"href":"http:\/\/argentinamunicipal.com.ar\/argentina\/wp-json\/wp\/v2\/users\/2"}],"replies":[{"embeddable":true,"href":"http:\/\/argentinamunicipal.com.ar\/argentina\/wp-json\/wp\/v2\/comments?post=36869"}],"version-history":[{"count":0,"href":"http:\/\/argentinamunicipal.com.ar\/argentina\/wp-json\/wp\/v2\/posts\/36869\/revisions"}],"wp:featuredmedia":[{"embeddable":true,"href":"http:\/\/argentinamunicipal.com.ar\/argentina\/wp-json\/wp\/v2\/media\/36870"}],"wp:attachment":[{"href":"http:\/\/argentinamunicipal.com.ar\/argentina\/wp-json\/wp\/v2\/media?parent=36869"}],"wp:term":[{"taxonomy":"category","embeddable":true,"href":"http:\/\/argentinamunicipal.com.ar\/argentina\/wp-json\/wp\/v2\/categories?post=36869"},{"taxonomy":"post_tag","embeddable":true,"href":"http:\/\/argentinamunicipal.com.ar\/argentina\/wp-json\/wp\/v2\/tags?post=36869"}],"curies":[{"name":"wp","href":"https:\/\/api.w.org\/{rel}","templated":true}]}}