{"id":36872,"date":"2015-09-21T10:09:15","date_gmt":"2015-09-21T13:09:15","guid":{"rendered":"http:\/\/argentinamunicipal.com.ar\/argentina\/?p=36872"},"modified":"2015-09-21T10:09:15","modified_gmt":"2015-09-21T13:09:15","slug":"las-motos-retenidas-una-opcion-para-eliminar-la-traccion-a-sangre-en-santa-fe","status":"publish","type":"post","link":"http:\/\/argentinamunicipal.com.ar\/argentina\/las-motos-retenidas-una-opcion-para-eliminar-la-traccion-a-sangre-en-santa-fe\/","title":{"rendered":"Las motos retenidas, una opci\u00f3n para eliminar la tracci\u00f3n a sangre en Santa Fe"},"content":{"rendered":"<p><a href=\"http:\/\/argentinamunicipal.com.ar\/argentina\/wp-content\/uploads\/2015\/09\/Motos-1-MT.jpg_973718260.jpg\"><img loading=\"lazy\" decoding=\"async\" class=\"aligncenter  wp-image-36873\" src=\"http:\/\/argentinamunicipal.com.ar\/argentina\/wp-content\/uploads\/2015\/09\/Motos-1-MT.jpg_973718260.jpg\" alt=\"Motos-1-MT.jpg_973718260\" width=\"611\" height=\"426\" srcset=\"http:\/\/argentinamunicipal.com.ar\/argentina\/wp-content\/uploads\/2015\/09\/Motos-1-MT.jpg_973718260.jpg 789w, http:\/\/argentinamunicipal.com.ar\/argentina\/wp-content\/uploads\/2015\/09\/Motos-1-MT.jpg_973718260-300x209.jpg 300w\" sizes=\"auto, (max-width: 611px) 100vw, 611px\" \/><\/a><br \/>\nUna asociaci\u00f3n local de defensa del consumidor, Aprodecon, present\u00f3 una iniciativa para construir un medio de transporte a motor que reemplace a los carros tirados por caballos. La intenci\u00f3n es reutilizar partes de aquellas que, de otro modo, ser\u00edan compactadas.<\/p>\n<p>Con la referencia: \u201cErradicar la tracci\u00f3n a sangre mediante el reemplazo de los carros tirados con caballos por prototipos motorizados fabricados localmente\u201d; la Asociaci\u00f3n de Promoci\u00f3n y Defensa del Consumidor y del Usuario (Aprodecon) del Litoral ingres\u00f3 una novedosa propuesta a la Municipalidad y al Concejo Municipal de Santa Fe.<\/p>\n<p>En di\u00e1logo con Diario UNO, el presidente de la entidad, Ra\u00fal Zurita Fern\u00e1ndez, explic\u00f3 los fundamentos y las caracter\u00edsticas de su iniciativa, que pretende atender distintas aristas de un mismo problema, con la intenci\u00f3n de dar respuesta a una necesidad real de numerosas familias; a la protecci\u00f3n de los animales,y a las dificultades derivadas en el tr\u00e1nsito.<\/p>\n<p>\u201cEn varias oportunidades se dijo de reemplazar esos carros por otro medio de transporte. Sin embargo, luego de varias manifestaciones de quienes trabajan con el uso de la tracci\u00f3n a sangre, se los registr\u00f3 con reglamentaciones particulares\u201d, comenz\u00f3 a explicar Zurita Fern\u00e1ndez, y continu\u00f3: \u201cNi una cosa ni la otra se cumpli\u00f3. Todo sigui\u00f3 girando igual\u201d.<\/p>\n<p>Por otra parte, llam\u00f3 la atenci\u00f3n acerca de otra realidad que se vive en la ciudad de Santa Fe: la gran cantidad de motos retenidas en el marco de controles viales municipales por no encontrarse las mismas, o sus conductores, dentro de lo previsto por la normativa vigente.<\/p>\n<p>\u201cMensualmente, la Municipalidad retira de circulaci\u00f3n cientos de motocicletas por incumplimiento de las normas de tr\u00e1nsito. En muchos casos, esos veh\u00edculos tambi\u00e9n ser\u00edan el medio de sustento para sus propietarios, pero para estos casos las normas municipales se cumplen casi a la perfecci\u00f3n. Al cabo de un tiempo, si esas motos no son retiradas por sus due\u00f1os, las mismas son destruidas\u201d, consign\u00f3.<\/p>\n<p>Es en la conjunci\u00f3n de estos dos aspectos que este ciudadano emprende la propuesta. Con el uso de partes de las motos que la Municipalidad prev\u00e9 destruir, considera posible armar dispositivos similares a una moto con un gran canasto en la parte trasera, para reemplazar los carros tirados por caballos y que las familias que viven de la recolecci\u00f3n informal de residuos no pierdan su sustento diario.<\/p>\n<p><strong>Ecolog\u00eda y desarrollo<\/strong><\/p>\n<p>Por otra parte, la iniciativa de Zurita Fern\u00e1ndez tiene en cuenta tambi\u00e9n que \u201ccuando se habla de preservar el medio ambiente y se observa esta destrucci\u00f3n masiva de cosas que a\u00fan pueden ser de gran utilidad a la sociedad, es evidente que el discurso escapa a la realidad\u201d. \u201cLa energ\u00eda, los materiales y la mano de obra gastada en la fabricaci\u00f3n de lo que destruimos sin sentido, es irreemplazable\u201d, acot\u00f3.<\/p>\n<p>Y se explay\u00f3 tambi\u00e9n sobre una posibilidad para aprovechar la capacidad de investigaci\u00f3n y producci\u00f3n universitaria local para llevar adelante la propuesta. En esa l\u00ednea, remarc\u00f3: \u201cEn la ciudad de Santa Fe tenemos tres universidades: la del Litoral, la Regional Santa Fe de la Tecnol\u00f3gica y la Cat\u00f3lica, adem\u00e1s de varias escuelas t\u00e9cnicas. Se podr\u00edan establecer convenios con dichas instituciones para proyectar, dise\u00f1ar y construir los medios de transporte adecuados, que sirvan para reemplazar los carros tirados por caballos, utilizando parte de las motocicletas incautadas por irregulares, que actualmente se destruyen sin sentido\u201d.<\/p>\n<p>En cuanto al marco normativo necesario, el presidente de Aprodecon indic\u00f3 que \u201cse deber\u00eda generar una norma que permita la circulaci\u00f3n de estos prototipos solo dentro del ejido urbano, tal como se hizo con algunos automotores hist\u00f3ricos\u201d.<\/p>\n<p><strong>Propositivo<\/strong><\/p>\n<p>\u201cA trav\u00e9s del tiempo hemos recibido cientos de avisos gubernamentales sobre el particular, sean provenientes del Concejo Municipal o de la Municipalidad de Santa Fe. Tambi\u00e9n fijaron sus posiciones las diversas asociaciones y agrupaciones existentes (comercios, ONG en defensa de los animales, cirujas, cartoneros, transportistas veterinarios y muchos otros \u2013dijo el creador del proyecto y sigui\u00f3\u2013 El tr\u00e1nsito de la ciudad es cada vez m\u00e1s complicado y dem\u00e1s est\u00e1 decir que la falta de decisi\u00f3n gubernamental y de la aplicaci\u00f3n del sentido com\u00fan sobre el particular nos lleva al caos existente\u201d.<\/p>\n<p>\u201cEn otras ciudades de nuestro pa\u00eds, han tomado esto en serio y aplicaron las normas tal como debe ser. En muchos casos, los municipios adquirieron veh\u00edculos nuevos (tipo motocargas), entreg\u00e1ndolos a sus usuarios con el compromiso del pago en cuotas. En el caso de nuestra propuesta, se estar\u00edan utilizando muchos elementos que actualmente van a chatarra, dando capacitaci\u00f3n y trabajo a quienes construyan los prototipos\u201d, concluy\u00f3 Zurita Fern\u00e1ndez.<\/p>\n<p>Su iniciativa ingres\u00f3 al Concejo y a la Municipalidad el pasado 11 de agosto. De acuerdo al Sistema de Informaci\u00f3n de Expedientes Municipal (Siem) se encuentra desde el 13 de agosto en la Subsecretar\u00eda de Ambiente del municipio.<\/p>\n<p><strong>Propuestas en Paran\u00e1 y en Rosario\u00a0<\/strong><\/p>\n<p>En junio de este a\u00f1o, la Municipalidad de Paran\u00e1 realiz\u00f3 la entrega de motocarros a 23 familias que utilizaban carros tirados por caballos. El mismo d\u00eda, tuvo lugar la entrega de los animales, que fueron adoptados por familias cuidadoras. La inversi\u00f3n fue parte del Programa de recuperaci\u00f3n de derechos, que busca que quienes todav\u00eda utilizan carros de tracci\u00f3n a sangre cambien a los veh\u00edculos motorizados. La iniciativa municipal se puso en marcha en 2013.<\/p>\n<p><strong>En Rosario<\/strong><\/p>\n<p>En febrero pasado, la intendenta M\u00f3nica Fein present\u00f3 el Programa Integral para Recuperadores Urbanos y Eliminaci\u00f3n de Tracci\u00f3n Animal Andando. El mismo pone en vigencia la Ordenanza 8726\/2010 que prohib\u00eda la tracci\u00f3n a sangre en Rosario, y pretende alcanzar a toda la poblaci\u00f3n carrera, llegando al 100 por ciento de las casi 1.500 familias involucradas en la actividad, con una inversi\u00f3n superior a los ocho millones de pesos.<\/p>\n<p>Se busca reemplazar a la tracci\u00f3n animal por veh\u00edculos alternativos (carro manual o bicicleta con carro complementario); y a la vez, promover condiciones para una inclusi\u00f3n laboral diferente a la recolecci\u00f3n de residuos reciclables para los carreros.<\/p>\n<h6>Fuente: Uno, Santa Fe<\/h6>\n","protected":false},"excerpt":{"rendered":"<p>Una asociaci\u00f3n local de defensa del consumidor, Aprodecon, present\u00f3 una iniciativa para construir un medio de transporte a motor que reemplace a los carros tirados por caballos. La intenci\u00f3n es reutilizar partes de aquellas que, de otro modo, ser\u00edan compactadas. Con la referencia: \u201cErradicar la tracci\u00f3n a sangre mediante el reemplazo de los carros tirados<\/p>\n","protected":false},"author":2,"featured_media":36873,"comment_status":"closed","ping_status":"closed","sticky":false,"template":"","format":"standard","meta":{"footnotes":""},"categories":[2],"tags":[10],"class_list":["post-36872","post","type-post","status-publish","format-standard","has-post-thumbnail","hentry","category-informe-municipal","tag-santa-fe"],"_links":{"self":[{"href":"http:\/\/argentinamunicipal.com.ar\/argentina\/wp-json\/wp\/v2\/posts\/36872","targetHints":{"allow":["GET"]}}],"collection":[{"href":"http:\/\/argentinamunicipal.com.ar\/argentina\/wp-json\/wp\/v2\/posts"}],"about":[{"href":"http:\/\/argentinamunicipal.com.ar\/argentina\/wp-json\/wp\/v2\/types\/post"}],"author":[{"embeddable":true,"href":"http:\/\/argentinamunicipal.com.ar\/argentina\/wp-json\/wp\/v2\/users\/2"}],"replies":[{"embeddable":true,"href":"http:\/\/argentinamunicipal.com.ar\/argentina\/wp-json\/wp\/v2\/comments?post=36872"}],"version-history":[{"count":0,"href":"http:\/\/argentinamunicipal.com.ar\/argentina\/wp-json\/wp\/v2\/posts\/36872\/revisions"}],"wp:featuredmedia":[{"embeddable":true,"href":"http:\/\/argentinamunicipal.com.ar\/argentina\/wp-json\/wp\/v2\/media\/36873"}],"wp:attachment":[{"href":"http:\/\/argentinamunicipal.com.ar\/argentina\/wp-json\/wp\/v2\/media?parent=36872"}],"wp:term":[{"taxonomy":"category","embeddable":true,"href":"http:\/\/argentinamunicipal.com.ar\/argentina\/wp-json\/wp\/v2\/categories?post=36872"},{"taxonomy":"post_tag","embeddable":true,"href":"http:\/\/argentinamunicipal.com.ar\/argentina\/wp-json\/wp\/v2\/tags?post=36872"}],"curies":[{"name":"wp","href":"https:\/\/api.w.org\/{rel}","templated":true}]}}