{"id":36898,"date":"2015-09-23T09:16:56","date_gmt":"2015-09-23T12:16:56","guid":{"rendered":"http:\/\/argentinamunicipal.com.ar\/argentina\/?p=36898"},"modified":"2015-09-26T10:51:29","modified_gmt":"2015-09-26T13:51:29","slug":"tras-auditoria-rio-cuarto-busca-ser-un-municipio-saludable","status":"publish","type":"post","link":"http:\/\/argentinamunicipal.com.ar\/argentina\/tras-auditoria-rio-cuarto-busca-ser-un-municipio-saludable\/","title":{"rendered":"Tras auditor\u00eda, R\u00edo Cuarto busca ser un \u201cMunicipio Saludable\u201d"},"content":{"rendered":"<p><a href=\"http:\/\/argentinamunicipal.com.ar\/argentina\/wp-content\/uploads\/2015\/09\/861231_10151395985732648_313514495_o.jpg\"><img loading=\"lazy\" decoding=\"async\" class=\"aligncenter  wp-image-36899\" src=\"http:\/\/argentinamunicipal.com.ar\/argentina\/wp-content\/uploads\/2015\/09\/861231_10151395985732648_313514495_o.jpg\" alt=\"861231_10151395985732648_313514495_o\" width=\"738\" height=\"309\" srcset=\"http:\/\/argentinamunicipal.com.ar\/argentina\/wp-content\/uploads\/2015\/09\/861231_10151395985732648_313514495_o.jpg 2048w, http:\/\/argentinamunicipal.com.ar\/argentina\/wp-content\/uploads\/2015\/09\/861231_10151395985732648_313514495_o-300x126.jpg 300w, http:\/\/argentinamunicipal.com.ar\/argentina\/wp-content\/uploads\/2015\/09\/861231_10151395985732648_313514495_o-1024x429.jpg 1024w\" sizes=\"auto, (max-width: 738px) 100vw, 738px\" \/><\/a><br \/>\nUn equipo de la Organizaci\u00f3n Panamericana de la Salud desembarc\u00f3 en la ciudad para monitorear el funcionamiento del \u00e1rea de salud. En esa materia, el gobierno se encuentra detr\u00e1s de la zona cuyana<\/p>\n<p>Tras la auditor\u00eda realizada por la Organizaci\u00f3n Panamericana de la Salud (OPS), dependiente de la Organizaci\u00f3n Mundial de la Salud (OMS), la Municipalidad de R\u00edo Cuarto busca alcancar la categor\u00eda de \u201cMunicipio Saludable\u201d.<\/p>\n<p>\u201cActualmente somos Municipio Titular y, con esta auditor\u00eda, aspiramos a ser Municipio Responsable para llegar finalmente a Municipio Saludable\u201d, dijo ayer el secretario de Salud, Gabriel Abrile, ante una consulta de PUNTAL.<\/p>\n<p>Mediante una auditor\u00eda que lleva adelante la OPS se busca llegar a ser un \u201cMunicipio Saludable\u201d.<\/p>\n<p>Durante toda la jornada de ayer, se desarroll\u00f3 en la ciudad una auditor\u00eda en el \u00e1mbito de la salud.<\/p>\n<p>El procedimiento es llevado adelante por t\u00e9cnicos de la OPS que depende de la OMS.<\/p>\n<p>El objetivo de la auditor\u00eda es la posibilidad de que R\u00edo Cuarto sea nombrado \u201cMunicipio Responsable\u201d, que es el paso previo a ser \u201cMunicipio Responsable\u201d que en la actualidad no hay en el pa\u00eds.<\/p>\n<p>Junto a la subsecretaria de Salud, Marta Grippo, Abrile recibi\u00f3 a los profesionales auditores, quienes visitaron al intendente Juan Jure.<\/p>\n<p>\u201cHay que pasar una serie de pasos que hemos ido cumpliendo. La auditor\u00eda tiene en cuenta el sistema de salud y la salud de la poblaci\u00f3n, los estilos de vida, la calidad socioeducativa y puntualmente la cuesti\u00f3n medio ambiental\u201d.<\/p>\n<p>Y\u2008a\u00f1adi\u00f3:\u2008\u201cLa visita al intendente no es protocolar. Es una entrevista para saber c\u00f3mo son las determinaciones que se toman y de qu\u00e9 manera se realizan los trabajos en el \u00e1mbito de la salud\u201d.<\/p>\n<p>\u201cNosotros ya hemos sido evaluados por otros programas por ejemplo el Sumar o el Nacer y realmente nos ha ido muy bien. En el primero de ellos no nos corrigieron nada. Todo lo contrario nos pusieron de ejemplo a nivel nacional\u201d, se\u00f1al\u00f3.<\/p>\n<p>Y\u2008acot\u00f3:\u2008\u201cEs bueno que nuestro Municipio tenga este tipo de auditor\u00edas porque nos pone de manifiesto ante el resto del pa\u00eds y sirve para saber c\u00f3mo se est\u00e1 trabajando\u201d.<\/p>\n<p>Por su parte, el licenciado en Sociolog\u00eda Emilio Cabello, quien forma parte del\u00a0 equipo de la OPS, manifest\u00f3 que han visto equipos muy activos.<\/p>\n<p>\u201cHemos sido bien recibidos y por ahora va todo muy de acuerdo a lo que estaba programado\u201d, expres\u00f3.<\/p>\n<p>Cabello tambi\u00e9n agreg\u00f3 que \u201cR\u00edo Cuarto es uno de los municipios principales de la provincia y est\u00e1 apenas ubicado detr\u00e1s de la zona de Cuyo\u201d.<\/p>\n<p><strong>El programa<\/strong><\/p>\n<p>El Programa Nacional Municipios y Comunidades Saludables plantea que \u201cla promoci\u00f3n de la salud moviliza un proceso pol\u00edtico y social que abarca tanto las acciones destinadas directamente a fortalecer las habilidades y capacidades de los individuos como aquellas orientadas a modificar relaciones econ\u00f3micas, pol\u00edticas y sociales que inciden en una particular configuraci\u00f3n de los condicionantes y determinantes de la salud tanto colectiva como individual\u201d.<\/p>\n<p>Y\u2008agrega:\u2008\u201cLa decisi\u00f3n de intervenir desde una aproximaci\u00f3n m\u00e1s compleja e integral sobre los determinantes y condicionantes de la salud pone en el centro de la atenci\u00f3n al gobierno local y a la instituci\u00f3n municipal en su conjunto\u201d.<\/p>\n<p>\u201cLa singularidad de cada territorio desaf\u00eda a los gobiernos locales a ejercer un rol de promotor del desarrollo econ\u00f3mico y tambi\u00e9n social que requiere del desarrollo de nuevas capacidades para poder liderar entramados de actores\u201d, sostiene.<\/p>\n<h6>Fuente: Puntal<\/h6>\n","protected":false},"excerpt":{"rendered":"<p>Un equipo de la Organizaci\u00f3n Panamericana de la Salud desembarc\u00f3 en la ciudad para monitorear el funcionamiento del \u00e1rea de salud. En esa materia, el gobierno se encuentra detr\u00e1s de la zona cuyana<\/p>\n","protected":false},"author":2,"featured_media":36899,"comment_status":"closed","ping_status":"closed","sticky":false,"template":"","format":"standard","meta":{"footnotes":""},"categories":[2],"tags":[3],"class_list":["post-36898","post","type-post","status-publish","format-standard","has-post-thumbnail","hentry","category-informe-municipal","tag-cordoba"],"_links":{"self":[{"href":"http:\/\/argentinamunicipal.com.ar\/argentina\/wp-json\/wp\/v2\/posts\/36898","targetHints":{"allow":["GET"]}}],"collection":[{"href":"http:\/\/argentinamunicipal.com.ar\/argentina\/wp-json\/wp\/v2\/posts"}],"about":[{"href":"http:\/\/argentinamunicipal.com.ar\/argentina\/wp-json\/wp\/v2\/types\/post"}],"author":[{"embeddable":true,"href":"http:\/\/argentinamunicipal.com.ar\/argentina\/wp-json\/wp\/v2\/users\/2"}],"replies":[{"embeddable":true,"href":"http:\/\/argentinamunicipal.com.ar\/argentina\/wp-json\/wp\/v2\/comments?post=36898"}],"version-history":[{"count":0,"href":"http:\/\/argentinamunicipal.com.ar\/argentina\/wp-json\/wp\/v2\/posts\/36898\/revisions"}],"wp:featuredmedia":[{"embeddable":true,"href":"http:\/\/argentinamunicipal.com.ar\/argentina\/wp-json\/wp\/v2\/media\/36899"}],"wp:attachment":[{"href":"http:\/\/argentinamunicipal.com.ar\/argentina\/wp-json\/wp\/v2\/media?parent=36898"}],"wp:term":[{"taxonomy":"category","embeddable":true,"href":"http:\/\/argentinamunicipal.com.ar\/argentina\/wp-json\/wp\/v2\/categories?post=36898"},{"taxonomy":"post_tag","embeddable":true,"href":"http:\/\/argentinamunicipal.com.ar\/argentina\/wp-json\/wp\/v2\/tags?post=36898"}],"curies":[{"name":"wp","href":"https:\/\/api.w.org\/{rel}","templated":true}]}}