{"id":36904,"date":"2015-09-23T09:22:51","date_gmt":"2015-09-23T12:22:51","guid":{"rendered":"http:\/\/argentinamunicipal.com.ar\/argentina\/?p=36904"},"modified":"2015-09-23T09:22:51","modified_gmt":"2015-09-23T12:22:51","slug":"se-lanzo-una-campana-que-promueve-el-sufragio-de-un-millon-de-jovenes-votantes","status":"publish","type":"post","link":"http:\/\/argentinamunicipal.com.ar\/argentina\/se-lanzo-una-campana-que-promueve-el-sufragio-de-un-millon-de-jovenes-votantes\/","title":{"rendered":"Se lanz\u00f3 una campa\u00f1a que promueve el sufragio de un mill\u00f3n de j\u00f3venes votantes"},"content":{"rendered":"<p>Est\u00e1 destinada a los chicos de 16 y 17 a\u00f1os, habilitados para votar por primera vez en octubre y tiene como objetivo \u00abpromover el di\u00e1logo respetuoso\u00bb entre ellos y celebrar el derecho que \u00abconsolida la participaci\u00f3n en la vida p\u00fablica\u00bb de los adolescentes.<\/p>\n<p>La iniciativa, que en las redes sociales utilizar\u00e1 la etiqueta #YoElijoVotar, es impulsada por el Banco de Desarrollo de Am\u00e9rica Latina (CAF), Unicef, la Direcci\u00f3n Nacional Electoral (DINE) y la subsecretar\u00eda de Juventud dependiente del ministerio de Desarrollo Social.<\/p>\n<p>\u00abEl objetivo es generar conciencia sobre la importancia de la participaci\u00f3n de los j\u00f3venes\u00bb, explic\u00f3 el director representante de CAF, Rub\u00e9n Ram\u00edrez, mientras que el director de Desarrollo Institucional del organismo, Christian Asinelli, precis\u00f3 que se busca \u00abhacer un aporte a la institucionalidad de Argentina, con la promoci\u00f3n de la ley de voto joven y las herramientas electorales\u00bb.<\/p>\n<p>Otra meta es \u00abllevar esta innovaci\u00f3n que hizo el gobierno argentino como ejemplo a otros pa\u00edses de Latinoam\u00e9rica que est\u00e1n explorando la posibilidad de incorporarlo, como una experiencia \u00fatil para toda la regi\u00f3n\u00bb, seg\u00fan asever\u00f3 Asinelli.<\/p>\n<p>Con la puesta en marcha de la campa\u00f1a, los impulsores de la iniciativa celebran la sanci\u00f3n -en noviembre de 2012- de la ley 26.774 que introdujo el voto joven como \u00abuna ampliaci\u00f3n del derecho y una consolidaci\u00f3n de la participaci\u00f3n en la vida p\u00fablica de los adolescentes\u00bb.<\/p>\n<p>Actualmente, la cantidad de j\u00f3venes de 16 y 17 a\u00f1os habilitados para votar -pero no de forma obligatoria- es de 933.998, lo que conforma el 2,9 por ciento del total del padr\u00f3n nacional, que supera los 32 millones de electores inscriptos.<\/p>\n<p>Para la representante de Unicef en Argentina, Florence Bauer, la implementaci\u00f3n de esta ley implica \u00abun avance m\u00e1s por parte de la Argentina en la aplicaci\u00f3n de la Convenci\u00f3n sobre Derechos del Ni\u00f1o, como lo fue tambi\u00e9n la reducci\u00f3n de la mortalidad infantil, ya que en el caso del voto joven se ratifica el derecho a la participaci\u00f3n que tienen los adolescentes\u00bb.<\/p>\n<p>En tanto, el director nacional electoral, Alejandro Tullio, indic\u00f3 que la campa\u00f1a busca \u00abconstruir un puente entre el derecho y su ejercicio\u00bb, y destac\u00f3 que todav\u00eda \u00abel mensaje pol\u00edtico no se dirige en particular a los j\u00f3venes votantes\u00bb, situaci\u00f3n ante la cual inst\u00f3 a \u00absensibilizar a los candidatos para que expresen propuestas\u00bb destinadas a ese sector.<\/p>\n<p>Seg\u00fan una encuesta realizada por Unicef en 2013 entre mil j\u00f3venes argentinos, un 85% dijo creer que el voto es una herramienta para cambiar la sociedad y un 70% opin\u00f3 que el voto joven representa un avance en el sistema democr\u00e1tico.<\/p>\n<p>La campa\u00f1a incluye la difusi\u00f3n de una p\u00e1gina www.yoelijovotar.org.ar, con informaci\u00f3n referida a las elecciones y los candidatos, una aplicaci\u00f3n para celulares, un juego tipo trivia con preguntas para evaluar los conocimientos de los j\u00f3venes sobre los comicios del 25 de octubre y distintas acciones en las redes sociales, bajo el hashtag #YoElijoVotar.<\/p>\n<p>A trav\u00e9s de esta etiqueta, los j\u00f3venes podr\u00e1n realizar diversas consultas, tales como el lugar de votaci\u00f3n o c\u00f3mo se emite el voto, e incluso interactuar y desarrollar sus conocimientos a trav\u00e9s de juegos interactivos de preguntas y respuestas.<\/p>\n<p>La campa\u00f1a se apoya en la Convenci\u00f3n sobre Derechos del Ni\u00f1o -de rango constitucional en la Argentina- que garantiza a todos los chicos el derecho a expresar sus opiniones en cualquier asunto que afecte su vida social, econ\u00f3mica, religiosa cultural y pol\u00edtica, y tambi\u00e9n que esas opiniones sean tenidas en cuenta al momento de tomar decisiones.<\/p>\n<p>En tal sentido, Unicef resalt\u00f3 que la Argentina -junto a Brasil, Cuba, Ecuador y Nicaragua- est\u00e1 a la vanguardia de la regi\u00f3n en materia de promoci\u00f3n de los derechos pol\u00edticos de los j\u00f3venes.<\/p>\n<h6>Fuente: T\u00e9lam<\/h6>\n","protected":false},"excerpt":{"rendered":"<p>Est\u00e1 destinada a los chicos de 16 y 17 a\u00f1os, habilitados para votar por primera vez en octubre y tiene como objetivo \u00abpromover el di\u00e1logo respetuoso\u00bb entre ellos y celebrar el derecho que \u00abconsolida la participaci\u00f3n en la vida p\u00fablica\u00bb de los adolescentes. La iniciativa, que en las redes sociales utilizar\u00e1 la etiqueta #YoElijoVotar, es<\/p>\n","protected":false},"author":2,"featured_media":0,"comment_status":"closed","ping_status":"closed","sticky":false,"template":"","format":"standard","meta":{"footnotes":""},"categories":[8],"tags":[21],"class_list":["post-36904","post","type-post","status-publish","format-standard","hentry","category-informe-nacional","tag-argentina"],"_links":{"self":[{"href":"http:\/\/argentinamunicipal.com.ar\/argentina\/wp-json\/wp\/v2\/posts\/36904","targetHints":{"allow":["GET"]}}],"collection":[{"href":"http:\/\/argentinamunicipal.com.ar\/argentina\/wp-json\/wp\/v2\/posts"}],"about":[{"href":"http:\/\/argentinamunicipal.com.ar\/argentina\/wp-json\/wp\/v2\/types\/post"}],"author":[{"embeddable":true,"href":"http:\/\/argentinamunicipal.com.ar\/argentina\/wp-json\/wp\/v2\/users\/2"}],"replies":[{"embeddable":true,"href":"http:\/\/argentinamunicipal.com.ar\/argentina\/wp-json\/wp\/v2\/comments?post=36904"}],"version-history":[{"count":0,"href":"http:\/\/argentinamunicipal.com.ar\/argentina\/wp-json\/wp\/v2\/posts\/36904\/revisions"}],"wp:attachment":[{"href":"http:\/\/argentinamunicipal.com.ar\/argentina\/wp-json\/wp\/v2\/media?parent=36904"}],"wp:term":[{"taxonomy":"category","embeddable":true,"href":"http:\/\/argentinamunicipal.com.ar\/argentina\/wp-json\/wp\/v2\/categories?post=36904"},{"taxonomy":"post_tag","embeddable":true,"href":"http:\/\/argentinamunicipal.com.ar\/argentina\/wp-json\/wp\/v2\/tags?post=36904"}],"curies":[{"name":"wp","href":"https:\/\/api.w.org\/{rel}","templated":true}]}}