{"id":36933,"date":"2015-09-23T08:59:22","date_gmt":"2015-09-23T11:59:22","guid":{"rendered":"http:\/\/argentinamunicipal.com.ar\/argentina\/?p=36933"},"modified":"2015-09-23T10:01:18","modified_gmt":"2015-09-23T13:01:18","slug":"el-gobierno-provincial-entrego-30-viviendas-en-macachin","status":"publish","type":"post","link":"http:\/\/argentinamunicipal.com.ar\/argentina\/el-gobierno-provincial-entrego-30-viviendas-en-macachin\/","title":{"rendered":"El Gobierno Provincial entreg\u00f3 30 viviendas en Macach\u00edn \u00a0"},"content":{"rendered":"<p><a href=\"http:\/\/argentinamunicipal.com.ar\/argentina\/wp-content\/uploads\/2015\/09\/macachin.jpg\"><img loading=\"lazy\" decoding=\"async\" class=\"aligncenter size-full wp-image-36934\" src=\"http:\/\/argentinamunicipal.com.ar\/argentina\/wp-content\/uploads\/2015\/09\/macachin.jpg\" alt=\"macachin\" width=\"650\" height=\"403\" srcset=\"http:\/\/argentinamunicipal.com.ar\/argentina\/wp-content\/uploads\/2015\/09\/macachin.jpg 650w, http:\/\/argentinamunicipal.com.ar\/argentina\/wp-content\/uploads\/2015\/09\/macachin-300x186.jpg 300w\" sizes=\"auto, (max-width: 650px) 100vw, 650px\" \/><\/a><\/p>\n<p>Treinta familias de la localidad de Macach\u00edn recibieron \u00a0su vivienda del Plan Plurianual Techo Digno. Para hacer entrega de las llaves llegaron a la localidad el ministro Coordinador de Gabinete, Ariel Rauschenberger; el ministro de Hacienda y Finanzas, Sergio Violo, y el ministro de Obras y Servicios P\u00fablicos, Horacio Giai, quienes fueron recibidos por el intendente local, Jorge Cabak. En la oportunidad, tambi\u00e9n se realiz\u00f3 la entrega de un aporte no reintegrable al Club Atl\u00e9tico Macach\u00edn, por un monto de $50.000.<\/p>\n<p>El ministro Rauschenberger tuvo a cargo las palabras en representaci\u00f3n del Gobierno provincial, y acerc\u00f3 el saludo del gobernador Oscar Mario Jorge, quien no pudo estar presente.<\/p>\n<p>\u201cEs muy importante el acceso a la casa propia, donde hoy se termin\u00f3 la espera. Como pol\u00edtica central del Gobierno, Jorge tom\u00f3 la construcci\u00f3n de viviendas como prioridad, en respuesta a muchas familias de la provincia. Sabemos que las necesidades son muy grandes, por ello seguimos licitando viviendas. Con las 30 entregadas ya son 150 para Macach\u00edn y desde el gobierno seguimos trabajando. Hay 31 viviendas m\u00e1s, que en los pr\u00f3ximos d\u00edas se adjudicar\u00e1n y pr\u00f3ximamente se comenzar\u00e1 con su ejecuci\u00f3n\u201d, coment\u00f3 el Ministro.<\/p>\n<p>En sus palabras, record\u00f3 las obras que se realizaron en Macach\u00edn en el marco del programa de refacci\u00f3n de edificios p\u00fablicos: \u2018en seguridad, salud y educaci\u00f3n, hemos reparado la Escuela 82, la EPET N\u00ba 5, la Comisar\u00eda, el Hospital Doctor Luna, ampliado la red cloacal y de agua potable, entre otras\u2018, coment\u00f3, y anunci\u00f3 que se realizar\u00e1 la construcci\u00f3n de la avenida circunvalaci\u00f3n. \u201cEs una obra muy necesaria, ya que Macach\u00edn es un lugar de paso muy importante. Esa obra, cuenta con un presupuesto aproximado de 35 millones de pesos que incluye la reparaci\u00f3n de la Ruta Provincial N\u00ba 1 hasta la Ruta Nacional N\u00ba 5, y comenzar\u00e1 antes de terminar nuestro mandato\u201d, afirm\u00f3.<\/p>\n<p>Dijo que tambi\u00e9n est\u00e1 en marcha el cerramiento de la pileta climatizada, \u201cun sue\u00f1o que est\u00e1 incluido en el presupuesto 2015 para ya dejarlo iniciado\u201d.<\/p>\n<p>Para cerrar, Rauschenberger transmiti\u00f3 la felicitaci\u00f3n enviada por el gobernador Jorge a los alumnos y al cuerpo de profesores que hicieron posible y llevaron adelante el desaf\u00edo ECO de la EPET N\u00ba 5 de Macach\u00edn, quienes resultaron ganadores en las \u00faltimas dos etapas de la competencia. \u201cSigan defendiendo los colores de la escuela t\u00e9cnica y los colores de La Pampa. El resurgimiento de la escuela t\u00e9cnica fue uno de los ejes del Gobierno provincial, rescatada por el Gobierno nacional como pol\u00edtica de Estado, porque necesitamos que los chicos que egresan de las escuelas t\u00e9cnicas se inserten en el mercado laboral, en un pa\u00eds que apuesta al desarrollo, a la producci\u00f3n y a la industrializaci\u00f3n de sus productos\u201d, cerr\u00f3.<\/p>\n<p>\u2018Concretar sue\u00f1os\u2019<\/p>\n<p>A su turno, el intendente Cabak agradeci\u00f3 al Estado provincial, \u201cquien hace de facilitador para que familias de Macach\u00edn puedan acceder a la casa propia y concretar sus sue\u00f1os. El IPAV trabaja en conjunto con los municipios en la necesidad de construir m\u00e1s barrios y dotarlos de infraestructura. Cada vez que inauguramos un grupo de viviendas, sabemos que quedan otros esperando la oportunidad\u201d, expres\u00f3.<\/p>\n<p>Seguidamente les pidi\u00f3 a los adjudicatarios que cumplan con el pago de las cuotas, que cuiden sus hogares, \u201cporque hoy hacer una casa no es soplar y hacer botellas. La posibilidad que da el Estado provincial es que dejan de pagar un alquiler abultado, a pagar una cuota muy accesible, para que otros vecinos puedan acceder al techo propio\u201d.<\/p>\n<p>Agradeci\u00f3 al Gobierno Provincial y a los funcionarios que se acercaron a compartir este momento, y felicit\u00f3 a los adjudicatarios de las nuevas viviendas.<\/p>\n<p>Para concluir el acto, se realiz\u00f3 la entrega de llaves a treinta familias de Macach\u00edn y el aporte al Club Atl\u00e9tico Macach\u00edn.<\/p>\n<h6>Fuente: La Reforma<\/h6>\n","protected":false},"excerpt":{"rendered":"<p>Treinta familias de la localidad de Macach\u00edn recibieron \u00a0su vivienda del Plan Plurianual Techo Digno. Para hacer entrega de las llaves llegaron a la localidad el ministro Coordinador de Gabinete, Ariel Rauschenberger; el ministro de Hacienda y Finanzas, Sergio Violo, y el ministro de Obras y Servicios P\u00fablicos, Horacio Giai, quienes fueron recibidos por el<\/p>\n","protected":false},"author":2,"featured_media":36934,"comment_status":"closed","ping_status":"closed","sticky":false,"template":"","format":"standard","meta":{"footnotes":""},"categories":[2],"tags":[42],"class_list":["post-36933","post","type-post","status-publish","format-standard","has-post-thumbnail","hentry","category-informe-municipal","tag-la-pampa"],"_links":{"self":[{"href":"http:\/\/argentinamunicipal.com.ar\/argentina\/wp-json\/wp\/v2\/posts\/36933","targetHints":{"allow":["GET"]}}],"collection":[{"href":"http:\/\/argentinamunicipal.com.ar\/argentina\/wp-json\/wp\/v2\/posts"}],"about":[{"href":"http:\/\/argentinamunicipal.com.ar\/argentina\/wp-json\/wp\/v2\/types\/post"}],"author":[{"embeddable":true,"href":"http:\/\/argentinamunicipal.com.ar\/argentina\/wp-json\/wp\/v2\/users\/2"}],"replies":[{"embeddable":true,"href":"http:\/\/argentinamunicipal.com.ar\/argentina\/wp-json\/wp\/v2\/comments?post=36933"}],"version-history":[{"count":0,"href":"http:\/\/argentinamunicipal.com.ar\/argentina\/wp-json\/wp\/v2\/posts\/36933\/revisions"}],"wp:featuredmedia":[{"embeddable":true,"href":"http:\/\/argentinamunicipal.com.ar\/argentina\/wp-json\/wp\/v2\/media\/36934"}],"wp:attachment":[{"href":"http:\/\/argentinamunicipal.com.ar\/argentina\/wp-json\/wp\/v2\/media?parent=36933"}],"wp:term":[{"taxonomy":"category","embeddable":true,"href":"http:\/\/argentinamunicipal.com.ar\/argentina\/wp-json\/wp\/v2\/categories?post=36933"},{"taxonomy":"post_tag","embeddable":true,"href":"http:\/\/argentinamunicipal.com.ar\/argentina\/wp-json\/wp\/v2\/tags?post=36933"}],"curies":[{"name":"wp","href":"https:\/\/api.w.org\/{rel}","templated":true}]}}