{"id":36957,"date":"2015-09-23T10:31:38","date_gmt":"2015-09-23T13:31:38","guid":{"rendered":"http:\/\/argentinamunicipal.com.ar\/argentina\/?p=36957"},"modified":"2015-09-23T10:31:38","modified_gmt":"2015-09-23T13:31:38","slug":"decretaron-la-emergencia-hidrica-en-toda-la-provincia-de-santa-fe","status":"publish","type":"post","link":"http:\/\/argentinamunicipal.com.ar\/argentina\/decretaron-la-emergencia-hidrica-en-toda-la-provincia-de-santa-fe\/","title":{"rendered":"Decretaron la emergencia h\u00eddrica en toda la provincia de Santa Fe"},"content":{"rendered":"<p><a href=\"http:\/\/argentinamunicipal.com.ar\/argentina\/wp-content\/uploads\/2015\/09\/o_1437733437.jpg\"><img loading=\"lazy\" decoding=\"async\" class=\"aligncenter  wp-image-36958\" src=\"http:\/\/argentinamunicipal.com.ar\/argentina\/wp-content\/uploads\/2015\/09\/o_1437733437.jpg\" alt=\"o_1437733437\" width=\"629\" height=\"354\" srcset=\"http:\/\/argentinamunicipal.com.ar\/argentina\/wp-content\/uploads\/2015\/09\/o_1437733437.jpg 800w, http:\/\/argentinamunicipal.com.ar\/argentina\/wp-content\/uploads\/2015\/09\/o_1437733437-300x169.jpg 300w\" sizes=\"auto, (max-width: 629px) 100vw, 629px\" \/><\/a><br \/>\nSe defini\u00f3 una asignaci\u00f3n de fondos por 28 millones de pesos para \u00abel cumplimento de los objetivos\u00bb, y las tareas necesarias. Es por las intensas lluvias pronosticadas entre octubre y febrero pr\u00f3ximo a ra\u00edz del Ni\u00f1o.<\/p>\n<p>Por las intensas lluvias pronosticadas entre octubre y febrero pr\u00f3ximo a ra\u00edz del fen\u00f3meno meteorol\u00f3gico denominado \u00abEl Ni\u00f1o\u00bb, y ante los excedentes h\u00eddricos que afectan a diferentes distritos de la provincia de Santa Fe, el gobernador Antonio Bonfatti firm\u00f3 el decreto 3137 que establece de manera preventiva el \u00abEstado de Emergencia H\u00eddrica\u00bb en el territorio santafesino.<\/p>\n<p>Adem\u00e1s, el mandatario suscribi\u00f3 los documentos que decretaron la conformaci\u00f3n del Comit\u00e9 de Cuencas Lagunas Las Encadenadas, y el Comit\u00e9 de Cuencas del R\u00edo Carcara\u00f1\u00e1, que \u00abayudar\u00e1n a resolver los problemas interjurisdiccionales\u00bb.<\/p>\n<p>Los considerandos del decreto 3137 se\u00f1alan que \u00aben la actualidad los excedentes h\u00eddricos superficiales y la altura de las napas afectan \u00e1reas urbanas de distintas localidades de la provincia\u00bb, adem\u00e1s de \u00ablos elevados niveles fre\u00e1ticos, y una escasa red natural de drenajes\u00bb.<\/p>\n<p>Por otra parte, se hace menci\u00f3n a que \u00ablos pron\u00f3sticos elaborados por los servicios meteorol\u00f3gicos nacionales e internacionales prev\u00e9n la continuidad de las actuales condiciones clim\u00e1ticas, estimando los organismos t\u00e9cnicos que la situaci\u00f3n tender\u00eda a agravarse con la presencia del fen\u00f3meno Ni\u00f1o en la regi\u00f3n\u00bb.<\/p>\n<p>Por todo eso, la \u00abpremisa consiste en trabajar en la prevenci\u00f3n y para distintos escenarios de crecidas y eventos pluviales, debiendo la acci\u00f3n de gobierno encontrarse preparada en forma inmediata\u00bb. En este sentido, se defini\u00f3 una asignaci\u00f3n de fondos por 28 millones de pesos para \u00abel cumplimento de los objetivos\u00bb, y las tareas necesarias.<\/p>\n<p><strong>Comit\u00e9s de cuenca<\/strong><\/p>\n<p>Por otra parte, y con el objetivo de coordinar acciones y planificar obras sin que \u00e9stas deriven en conflictos legales y acciones de protesta, la provincia decret\u00f3 la conformaci\u00f3n de dos comit\u00e9 de cuencas.<\/p>\n<p>El Comit\u00e9 de Cuencas Lagunas Las Encadenadas est\u00e1 integrado por los distritos de Carmen, Chapuy, Maggiolo, Mar\u00eda Teresa, Murphy, San Eduardo, San Francisco de Santa Fe, Santa Isabel, Teodelina, Venado Tuerto y Villa Ca\u00f1\u00e1s, cuyos l\u00edmites fueron fijados por la Subsecretaria de Desarrollo H\u00eddrico.<\/p>\n<p>En tanto, el Comit\u00e9 de Cuencas del R\u00edo Carcara\u00f1\u00e1 qued\u00f3 conformado por las localidades de: Armstrong, Bouquet, Montes de Oca, Tortugas, Arequito, Arteaga, Berabev\u00fa, Casilda, Cha\u00f1ar Ladeado, Godeken, Los Molinos, Los Quirquinchos, San Jos\u00e9 de la Esquina, Cafferata, Ca\u00f1ada del Ucle, La Chispa, Venado Tuerto, Bustinza, Ca\u00f1ada de G\u00f3mez, Correa, Lucio V. L\u00f3pez, Oliveros, Pueblo Andino, Salto Grande, Villa Eloisa, Gaboto, Aldao, Carcara\u00f1\u00e1, Luis Palacios, Timb\u00faes, Castelar, Crispi, Landeta, Las Petacas, Mar\u00eda Susana y Piamonte.<\/p>\n<p>Cabe recordar que los comit\u00e9s de cuenca son organismos integrados por gobierno provincial, municipios y representantes de productores agropecuarios. Entre los objetivos est\u00e1n los de acordar y estudiar el manejo de los recursos h\u00eddricos de la cuenca y definir prioridades as\u00ed como gestionar las obras complementarias y necesarias para aliviar ese curso de agua. Adem\u00e1s, coordina los trabajos de mantenimiento y conservaci\u00f3n de los distintos canales h\u00eddricos de la zona para evitar o minimizar los riesgos de inundaci\u00f3n.<\/p>\n<h6>Fuente:\u00a0El Once<\/h6>\n","protected":false},"excerpt":{"rendered":"<p>Se defini\u00f3 una asignaci\u00f3n de fondos por 28 millones de pesos para \u00abel cumplimento de los objetivos\u00bb, y las tareas necesarias. Es por las intensas lluvias pronosticadas entre octubre y febrero pr\u00f3ximo a ra\u00edz del Ni\u00f1o. Por las intensas lluvias pronosticadas entre octubre y febrero pr\u00f3ximo a ra\u00edz del fen\u00f3meno meteorol\u00f3gico denominado \u00abEl Ni\u00f1o\u00bb, y<\/p>\n","protected":false},"author":2,"featured_media":36958,"comment_status":"closed","ping_status":"closed","sticky":false,"template":"","format":"standard","meta":{"footnotes":""},"categories":[2],"tags":[10],"class_list":["post-36957","post","type-post","status-publish","format-standard","has-post-thumbnail","hentry","category-informe-municipal","tag-santa-fe"],"_links":{"self":[{"href":"http:\/\/argentinamunicipal.com.ar\/argentina\/wp-json\/wp\/v2\/posts\/36957","targetHints":{"allow":["GET"]}}],"collection":[{"href":"http:\/\/argentinamunicipal.com.ar\/argentina\/wp-json\/wp\/v2\/posts"}],"about":[{"href":"http:\/\/argentinamunicipal.com.ar\/argentina\/wp-json\/wp\/v2\/types\/post"}],"author":[{"embeddable":true,"href":"http:\/\/argentinamunicipal.com.ar\/argentina\/wp-json\/wp\/v2\/users\/2"}],"replies":[{"embeddable":true,"href":"http:\/\/argentinamunicipal.com.ar\/argentina\/wp-json\/wp\/v2\/comments?post=36957"}],"version-history":[{"count":0,"href":"http:\/\/argentinamunicipal.com.ar\/argentina\/wp-json\/wp\/v2\/posts\/36957\/revisions"}],"wp:featuredmedia":[{"embeddable":true,"href":"http:\/\/argentinamunicipal.com.ar\/argentina\/wp-json\/wp\/v2\/media\/36958"}],"wp:attachment":[{"href":"http:\/\/argentinamunicipal.com.ar\/argentina\/wp-json\/wp\/v2\/media?parent=36957"}],"wp:term":[{"taxonomy":"category","embeddable":true,"href":"http:\/\/argentinamunicipal.com.ar\/argentina\/wp-json\/wp\/v2\/categories?post=36957"},{"taxonomy":"post_tag","embeddable":true,"href":"http:\/\/argentinamunicipal.com.ar\/argentina\/wp-json\/wp\/v2\/tags?post=36957"}],"curies":[{"name":"wp","href":"https:\/\/api.w.org\/{rel}","templated":true}]}}