{"id":36963,"date":"2015-09-23T10:37:35","date_gmt":"2015-09-23T13:37:35","guid":{"rendered":"http:\/\/argentinamunicipal.com.ar\/argentina\/?p=36963"},"modified":"2015-09-23T10:37:35","modified_gmt":"2015-09-23T13:37:35","slug":"presentaron-el-primer-plan-de-bicicletas-para-estudiantes-de-parana","status":"publish","type":"post","link":"http:\/\/argentinamunicipal.com.ar\/argentina\/presentaron-el-primer-plan-de-bicicletas-para-estudiantes-de-parana\/","title":{"rendered":"Presentaron el primer plan de bicicletas para estudiantes de Paran\u00e1"},"content":{"rendered":"<p><a href=\"http:\/\/argentinamunicipal.com.ar\/argentina\/wp-content\/uploads\/2015\/09\/Bicis.jpg_973718260.jpg\"><img loading=\"lazy\" decoding=\"async\" class=\"aligncenter  wp-image-36964\" src=\"http:\/\/argentinamunicipal.com.ar\/argentina\/wp-content\/uploads\/2015\/09\/Bicis.jpg_973718260.jpg\" alt=\"Bicis.jpg_973718260\" width=\"637\" height=\"444\" srcset=\"http:\/\/argentinamunicipal.com.ar\/argentina\/wp-content\/uploads\/2015\/09\/Bicis.jpg_973718260.jpg 789w, http:\/\/argentinamunicipal.com.ar\/argentina\/wp-content\/uploads\/2015\/09\/Bicis.jpg_973718260-300x209.jpg 300w\" sizes=\"auto, (max-width: 637px) 100vw, 637px\" \/><\/a><br \/>\nEl \u201cMovete en Bici\u201d naci\u00f3 en la Facultad de Ciencias de la Gesti\u00f3n de Uader en Paran\u00e1Compartir<\/p>\n<p>La Secretar\u00eda de Bienestar Estudiantil de la Facultad de Ciencias de la Gesti\u00f3n \u00a0que pertenece a la Universidad Aut\u00f3noma de Entre R\u00edos \u00a0(Uader) present\u00f3 anoche, al cierre de esta edici\u00f3n, el programa Movete en Bici.<\/p>\n<p>El acto formal y \u201csimb\u00f3lico\u201d se realiz\u00f3 en la escuela Sarmiento que se encuentra sobre calle Corrientes, en el centro paranaense.<\/p>\n<p>El secretario de Bienestar Estudiantil de la Facultad de Ciencias de la Gesti\u00f3n, \u00a0Juan Pablo Mart\u00ednez, explic\u00f3 a UNO que entregar\u00e1n cuatro \u00a0bicicletas para lanzar la iniciativa. \u00a0 Los rodados tendr\u00e1n como destino cada una de las escuelas en donde toman clases los estudiantes de la Facultad. Los j\u00f3venes concurren, en el turno noche, a las escuelas Sarmiento, Rep\u00fablica de Chile y \u00a0Comercio. La cuarta bicicleta ser\u00e1 destinada a uno de los alumnos que est\u00e1 en la ciudad en el marco de un convenio de intercambio estudiantil.<\/p>\n<p>\u201cLo defino como un programa de Bici-Becas y los postulantes podr\u00e1n \u00a0inscribirse a trav\u00e9s de un formulario que colgaremos en el sitio de la Facultad (fcg.uader.edu.ar). Una comisi\u00f3n evaluadora, integrada por estudiantes, decidir\u00e1 a qui\u00e9nes se les entregar\u00e1n las bicicletas\u201d, explic\u00f3 Mart\u00ednez, que adem\u00e1s resalt\u00f3 que los estudiantes tendr\u00e1n las bicicletas a pr\u00e9stamo por un a\u00f1o.<\/p>\n<p>En la presentaci\u00f3n oficial adelantaron que el pr\u00e9stamo estar\u00e1 sujeto a controles peri\u00f3dicos de diferentes factores de evaluaci\u00f3n: Regularidad del cursado, estado de conservaci\u00f3n del veh\u00edculo, uso efectivo y apropiado de la herramienta. \u201cCumplido el per\u00edodo asignado, la bicicleta deber\u00e1 ser devuelta en las mismas condiciones de uso que fue entregada. En todos los casos, las bicicletas ser\u00e1n propiedad \u00a0patrimonial de la Facultad, bajo la responsabilidad y guarda \u00a0de la Secretar\u00eda de Bienestar Estudiantil\u201d, advirtieron.<\/p>\n<p>Como objetivo final estiman que entregar\u00e1n 100 bicicletas en tres per\u00edodos. Antes de fin de a\u00f1o planean \u00a0otorgar unos 40 rodados y completar\u00e1n el total en 2016. Lo cierto es que, hasta ahora, \u00a0dependen de la inversi\u00f3n de las empresas que quieran colaborar con el proyecto.<\/p>\n<p>La experiencia en la sede Paran\u00e1 est\u00e1 pensada para replicarla en Villaguay, La Paz, Federaci\u00f3n, Crespo, Gualeguaych\u00fa, \u00a0Chajar\u00ed y Concepci\u00f3n del Uruguay, en donde tambi\u00e9n se estudian carreras que pertenecen a \u00a0Ciencias de la Gesti\u00f3n de Uader. \u00a0Con el valor agregado de que en estas ciudades los estudiantes ya concurren a \u00a0las clases en bicicleta por comodidad, costumbre y tradici\u00f3n.<\/p>\n<p>En la capital entrerriana el proyecto surgi\u00f3 luego de la presentaci\u00f3n de Paran\u00e1, emergente y sostenible, el estudio que realiz\u00f3 la Municipalidad de Paran\u00e1 con el Banco Interamericano de Desarrollo (BID).<\/p>\n<p>Por un lado, desde Bienestar Estudiantil quieren combatir el sedentarismo de los estudiantes y por otro, colaborar con la sustentabilidad del transporte en el centro capitalino.<\/p>\n<p><strong>Imitar buenos ejemplos cercanos<\/strong><\/p>\n<p>La Secretar\u00eda de Bienestar Estudiantil de Ciencias de la Gesti\u00f3n \u00a0de la Uader se bas\u00f3 en proyectos que se concretaron en la Universidad Nacional del Litoral (UNL).<\/p>\n<p>Este a\u00f1o comenz\u00f3 a funcionar el programa la Beca de Bicicletas para los \u201cIngresantes y estudiantes en situaci\u00f3n de vulnerabilidad socioecon\u00f3mica\u201d.<\/p>\n<p>En la UNL acompa\u00f1aron la medida con nuevos estacionamientos para bicicletas que son fundamentales cuando aumenta el parque de rodados. Ahora se conoci\u00f3 que est\u00e1n tramitando un inflador que se colocar\u00e1 en la Ciudad Universitaria para que los ciclistas puedan utilizarlo en forma gratuita.<\/p>\n<p>En Paran\u00e1 no existe una estructura pensada para las bicicletas. Faltan estacionamientos seguros en las universidades y las empresas. Es m\u00e1s, los \u00fanicos reclamos que se escuchan es por las disponibilidad de espacios para los autom\u00f3viles y las motocicletas. Ahora habr\u00e1 que esperar c\u00f3mo evoluciona el programa Movete en Bici.<\/p>\n<h6>Fuente: UNO, Entre R\u00edos<\/h6>\n","protected":false},"excerpt":{"rendered":"<p>El \u201cMovete en Bici\u201d naci\u00f3 en la Facultad de Ciencias de la Gesti\u00f3n de Uader en Paran\u00e1Compartir La Secretar\u00eda de Bienestar Estudiantil de la Facultad de Ciencias de la Gesti\u00f3n \u00a0que pertenece a la Universidad Aut\u00f3noma de Entre R\u00edos \u00a0(Uader) present\u00f3 anoche, al cierre de esta edici\u00f3n, el programa Movete en Bici. El acto formal<\/p>\n","protected":false},"author":2,"featured_media":36964,"comment_status":"closed","ping_status":"closed","sticky":false,"template":"","format":"standard","meta":{"footnotes":""},"categories":[2],"tags":[17],"class_list":["post-36963","post","type-post","status-publish","format-standard","has-post-thumbnail","hentry","category-informe-municipal","tag-entre-rios"],"_links":{"self":[{"href":"http:\/\/argentinamunicipal.com.ar\/argentina\/wp-json\/wp\/v2\/posts\/36963","targetHints":{"allow":["GET"]}}],"collection":[{"href":"http:\/\/argentinamunicipal.com.ar\/argentina\/wp-json\/wp\/v2\/posts"}],"about":[{"href":"http:\/\/argentinamunicipal.com.ar\/argentina\/wp-json\/wp\/v2\/types\/post"}],"author":[{"embeddable":true,"href":"http:\/\/argentinamunicipal.com.ar\/argentina\/wp-json\/wp\/v2\/users\/2"}],"replies":[{"embeddable":true,"href":"http:\/\/argentinamunicipal.com.ar\/argentina\/wp-json\/wp\/v2\/comments?post=36963"}],"version-history":[{"count":0,"href":"http:\/\/argentinamunicipal.com.ar\/argentina\/wp-json\/wp\/v2\/posts\/36963\/revisions"}],"wp:featuredmedia":[{"embeddable":true,"href":"http:\/\/argentinamunicipal.com.ar\/argentina\/wp-json\/wp\/v2\/media\/36964"}],"wp:attachment":[{"href":"http:\/\/argentinamunicipal.com.ar\/argentina\/wp-json\/wp\/v2\/media?parent=36963"}],"wp:term":[{"taxonomy":"category","embeddable":true,"href":"http:\/\/argentinamunicipal.com.ar\/argentina\/wp-json\/wp\/v2\/categories?post=36963"},{"taxonomy":"post_tag","embeddable":true,"href":"http:\/\/argentinamunicipal.com.ar\/argentina\/wp-json\/wp\/v2\/tags?post=36963"}],"curies":[{"name":"wp","href":"https:\/\/api.w.org\/{rel}","templated":true}]}}