{"id":36967,"date":"2015-09-23T12:44:13","date_gmt":"2015-09-23T15:44:13","guid":{"rendered":"http:\/\/argentinamunicipal.com.ar\/argentina\/?p=36967"},"modified":"2015-09-23T12:44:13","modified_gmt":"2015-09-23T15:44:13","slug":"feria-internacional-de-turismo-fit-en-buenos-aires-del-26-al-29-de-septiembre","status":"publish","type":"post","link":"http:\/\/argentinamunicipal.com.ar\/argentina\/feria-internacional-de-turismo-fit-en-buenos-aires-del-26-al-29-de-septiembre\/","title":{"rendered":"Feria Internacional de Turismo (FIT) en Buenos Aires del 26 al 29 de septiembre"},"content":{"rendered":"<p><a href=\"http:\/\/argentinamunicipal.com.ar\/argentina\/wp-content\/uploads\/2015\/09\/10069_1.jpg\"><img loading=\"lazy\" decoding=\"async\" class=\"aligncenter size-full wp-image-36968\" src=\"http:\/\/argentinamunicipal.com.ar\/argentina\/wp-content\/uploads\/2015\/09\/10069_1.jpg\" alt=\"10069_1\" width=\"650\" height=\"431\" srcset=\"http:\/\/argentinamunicipal.com.ar\/argentina\/wp-content\/uploads\/2015\/09\/10069_1.jpg 650w, http:\/\/argentinamunicipal.com.ar\/argentina\/wp-content\/uploads\/2015\/09\/10069_1-300x199.jpg 300w\" sizes=\"auto, (max-width: 650px) 100vw, 650px\" \/><\/a><br \/>\nDesde el 26 al 29 de septiembre se llevar\u00e1 a cabo la vig\u00e9sima edici\u00f3n de la Feria Internacional de Turismo (FIT) en Buenos Aires con la asistencia de todas las provincias argentinas, m\u00e1s de 35 pa\u00edses y la participaci\u00f3n de m\u00e1s de 1.600 expositores en 39.050 metros cuadrados.<\/p>\n<p>Consolidada por su trayectoria y alto poder de convocatoria, la FIT se prepara para una nueva edici\u00f3n para brindar todas las herramientas necesarias para llevar adelante los negocios del turismo a\u00fan m\u00e1s lejos.<\/p>\n<p>Este a\u00f1o la Feria contar\u00e1 con alrededor de 1600 expositores y co-expositores, la importante representaci\u00f3n de las provincias argentinas y la presencia de m\u00e1s de 35 pa\u00edses, entre quienes se contar\u00e1 con la destacada de presencia de Venezuela como pa\u00eds invitado.<\/p>\n<p><strong>Actividades<\/strong><\/p>\n<p>Entre los eventos sobresalientes de este a\u00f1o, la Feria contar\u00e1 con un nuevo formato de rondas de negocios en el propio \u00e1mbito del evento con m\u00e1s de 120 compradores confirmados y cerca de 315 vendedores de m\u00e1s de una decena de pa\u00edses; el ya exitoso y atractivo FIT Aventura organizado junto a la Asociaci\u00f3n Argentina de Ecoturismo y Turismo Aventura (AAETAV), un espacio pensado para los aficionados a la adrenalina; el Marktur Forum un \u00e1mbito destacado para conocer las opiniones de expertos en las diferentes \u00e1reas del marketing tur\u00edstico; el nuevo Turtech by FIT, primer evento de la regi\u00f3n orientado espec\u00edficamente a la aplicaci\u00f3n de tecnolog\u00eda en la industria tur\u00edstica y el anticipo de lo que ser\u00e1 el pr\u00f3ximo Travel Sale Argentina que se llevar\u00e1 a cabo en 2016 desarrollado por la Federaci\u00f3n Argentina de Asociaciones de Empresas de Viajes y Turismo (FAEVYT).<\/p>\n<p><strong>\u00bfPor qu\u00e9 visitar FIT?<\/strong><\/p>\n<p>Desde la organizaci\u00f3n ponderaron las capacidades que tiene la FIT y las razones por las cuales asistir. Entre ellas destacaron que se trata de un lugar donde estar\u00e1 toda la informaci\u00f3n del sector tur\u00edstico; que es un \u00e1mbito ideal para agendar reuniones con actuales y potenciales proveedores. Tambi\u00e9n subrayaron que es el punto de encuentro donde iniciar, continuar o concluir procesos de compras y pedidos con todo el canal de distribuci\u00f3n.<\/p>\n<p>Adem\u00e1s de ser un espacio propicio para comparar directamente las caracter\u00edsticas de toda la oferta especializada y a la vez comprobar las tendencias del sector.<\/p>\n<p>Con respecto al turismo de eventos, manifestaron que proporciona la oportunidad de asistir a congresos, seminarios y actos paralelos. Y analizar y comprobar directamente las caracter\u00edsticas del producto y los servicios de posibles nuevos proveedores.<\/p>\n<p>Con respecto a las empresas, consideraron que la FIT es un instrumento clave para la empresa a la hora de proyectar una determinada imagen de poder de compra.<\/p>\n<h6>Fuente: El Diario de Madryn<\/h6>\n","protected":false},"excerpt":{"rendered":"<p>Desde el 26 al 29 de septiembre se llevar\u00e1 a cabo la vig\u00e9sima edici\u00f3n de la Feria Internacional de Turismo (FIT) en Buenos Aires con la asistencia de todas las provincias argentinas, m\u00e1s de 35 pa\u00edses y la participaci\u00f3n de m\u00e1s de 1.600 expositores en 39.050 metros cuadrados. Consolidada por su trayectoria y alto poder<\/p>\n","protected":false},"author":2,"featured_media":36971,"comment_status":"closed","ping_status":"closed","sticky":false,"template":"","format":"standard","meta":{"footnotes":""},"categories":[47],"tags":[12],"class_list":["post-36967","post","type-post","status-publish","format-standard","has-post-thumbnail","hentry","category-fiestas","tag-buenos-aires"],"_links":{"self":[{"href":"http:\/\/argentinamunicipal.com.ar\/argentina\/wp-json\/wp\/v2\/posts\/36967","targetHints":{"allow":["GET"]}}],"collection":[{"href":"http:\/\/argentinamunicipal.com.ar\/argentina\/wp-json\/wp\/v2\/posts"}],"about":[{"href":"http:\/\/argentinamunicipal.com.ar\/argentina\/wp-json\/wp\/v2\/types\/post"}],"author":[{"embeddable":true,"href":"http:\/\/argentinamunicipal.com.ar\/argentina\/wp-json\/wp\/v2\/users\/2"}],"replies":[{"embeddable":true,"href":"http:\/\/argentinamunicipal.com.ar\/argentina\/wp-json\/wp\/v2\/comments?post=36967"}],"version-history":[{"count":0,"href":"http:\/\/argentinamunicipal.com.ar\/argentina\/wp-json\/wp\/v2\/posts\/36967\/revisions"}],"wp:featuredmedia":[{"embeddable":true,"href":"http:\/\/argentinamunicipal.com.ar\/argentina\/wp-json\/wp\/v2\/media\/36971"}],"wp:attachment":[{"href":"http:\/\/argentinamunicipal.com.ar\/argentina\/wp-json\/wp\/v2\/media?parent=36967"}],"wp:term":[{"taxonomy":"category","embeddable":true,"href":"http:\/\/argentinamunicipal.com.ar\/argentina\/wp-json\/wp\/v2\/categories?post=36967"},{"taxonomy":"post_tag","embeddable":true,"href":"http:\/\/argentinamunicipal.com.ar\/argentina\/wp-json\/wp\/v2\/tags?post=36967"}],"curies":[{"name":"wp","href":"https:\/\/api.w.org\/{rel}","templated":true}]}}