{"id":37016,"date":"2015-09-25T09:09:11","date_gmt":"2015-09-25T12:09:11","guid":{"rendered":"http:\/\/argentinamunicipal.com.ar\/argentina\/?p=37016"},"modified":"2015-09-25T09:09:11","modified_gmt":"2015-09-25T12:09:11","slug":"diputados-aprobo-creacion-de-universidad-de-san-antonio-de-areco","status":"publish","type":"post","link":"http:\/\/argentinamunicipal.com.ar\/argentina\/diputados-aprobo-creacion-de-universidad-de-san-antonio-de-areco\/","title":{"rendered":"Diputados aprob\u00f3 creaci\u00f3n de Universidad de San Antonio de Areco"},"content":{"rendered":"<p><a href=\"http:\/\/argentinamunicipal.com.ar\/argentina\/wp-content\/uploads\/2015\/09\/Camara-de-Diputados1.jpg\"><img loading=\"lazy\" decoding=\"async\" class=\"aligncenter size-full wp-image-37017\" src=\"http:\/\/argentinamunicipal.com.ar\/argentina\/wp-content\/uploads\/2015\/09\/Camara-de-Diputados1.jpg\" alt=\"Camara-de-Diputados1\" width=\"640\" height=\"390\" srcset=\"http:\/\/argentinamunicipal.com.ar\/argentina\/wp-content\/uploads\/2015\/09\/Camara-de-Diputados1.jpg 640w, http:\/\/argentinamunicipal.com.ar\/argentina\/wp-content\/uploads\/2015\/09\/Camara-de-Diputados1-300x183.jpg 300w\" sizes=\"auto, (max-width: 640px) 100vw, 640px\" \/><\/a><br \/>\nEl proyecto fue aprobado por 184 votos afirmativos y un voto negativo y se gir\u00f3 al Senado.\u00a0El Intendente Dura\u00f1ona, particip\u00f3 en la sesi\u00f3n\u00a0junto a directivos y alumnos del CUA (Centro Universitario Areco). \u00abNo esper\u00e1bamos que se tratara ahora, ni imagin\u00e1bamos la aprobaci\u00f3n un\u00e1nime\u00bb. Agreg\u00f3 que todas las fuerzas pol\u00edticas se acercaron para felicitarlo por el logro.<\/p>\n<p>El proyecto para\u00a0crear la Universidad de San Antonio de Areco (UNSADA)\u00a0fue aprobado en Diputados.\u00a0El objetivo de la iniciativa es proveer\u00a0al\u00a0\u00absector productivo, industrial y tecnol\u00f3gico\u00bb\u00a0\u00a0de la ciudad profesionales locales con \u00abcapacitaci\u00f3n adecuada\u00bb.<\/p>\n<p>Se trata de una propuesta impulsada por la comunidad educativa de Areco, materializada en un proyecto de ley por un grupo de diputados kirchneristas encabezado porCarlos Kunkel.<\/p>\n<p>En materia acad\u00e9mica, los legisladores del FpV informaron que la Universidad ofrecer\u00e1 te ofrecer\u00e1n las siguientes tecnicaturas: Tecnicatura Universitaria en Administraci\u00f3n y Gesti\u00f3n de Haras, T\u00e9cnico Laboratorista Universitario, Tecnicatura Universitaria en Producci\u00f3n Animal, Tecnicatura Universitaria en Log\u00edstica, Tecnicatura Universitaria en Turismo Rural y Tecnicatura Universitaria en Periodismo Rural.<\/p>\n<p>La articulaci\u00f3n con el Ciclo Superior, se\u00f1alaron, ofrecer\u00eda a las tecnicaturas la posibilidad de acceso a las siguientes carreras: Licenciatura en Administraci\u00f3n y Gesti\u00f3n de Haras, Ingenier\u00eda en Alimentos, Ingenier\u00eda en Zootecnia, Licenciatura en Log\u00edstica, Licenciatura en Turismo y Licenciatura en Periodismo rural.<\/p>\n<h6>Fuente: La Noticia 1.com<\/h6>\n","protected":false},"excerpt":{"rendered":"<p>El proyecto fue aprobado por 184 votos afirmativos y un voto negativo y se gir\u00f3 al Senado.\u00a0El Intendente Dura\u00f1ona, particip\u00f3 en la sesi\u00f3n\u00a0junto a directivos y alumnos del CUA (Centro Universitario Areco). \u00abNo esper\u00e1bamos que se tratara ahora, ni imagin\u00e1bamos la aprobaci\u00f3n un\u00e1nime\u00bb. Agreg\u00f3 que todas las fuerzas pol\u00edticas se acercaron para felicitarlo por el<\/p>\n","protected":false},"author":2,"featured_media":37017,"comment_status":"closed","ping_status":"closed","sticky":false,"template":"","format":"standard","meta":{"footnotes":""},"categories":[2],"tags":[12],"class_list":["post-37016","post","type-post","status-publish","format-standard","has-post-thumbnail","hentry","category-informe-municipal","tag-buenos-aires"],"_links":{"self":[{"href":"http:\/\/argentinamunicipal.com.ar\/argentina\/wp-json\/wp\/v2\/posts\/37016","targetHints":{"allow":["GET"]}}],"collection":[{"href":"http:\/\/argentinamunicipal.com.ar\/argentina\/wp-json\/wp\/v2\/posts"}],"about":[{"href":"http:\/\/argentinamunicipal.com.ar\/argentina\/wp-json\/wp\/v2\/types\/post"}],"author":[{"embeddable":true,"href":"http:\/\/argentinamunicipal.com.ar\/argentina\/wp-json\/wp\/v2\/users\/2"}],"replies":[{"embeddable":true,"href":"http:\/\/argentinamunicipal.com.ar\/argentina\/wp-json\/wp\/v2\/comments?post=37016"}],"version-history":[{"count":0,"href":"http:\/\/argentinamunicipal.com.ar\/argentina\/wp-json\/wp\/v2\/posts\/37016\/revisions"}],"wp:featuredmedia":[{"embeddable":true,"href":"http:\/\/argentinamunicipal.com.ar\/argentina\/wp-json\/wp\/v2\/media\/37017"}],"wp:attachment":[{"href":"http:\/\/argentinamunicipal.com.ar\/argentina\/wp-json\/wp\/v2\/media?parent=37016"}],"wp:term":[{"taxonomy":"category","embeddable":true,"href":"http:\/\/argentinamunicipal.com.ar\/argentina\/wp-json\/wp\/v2\/categories?post=37016"},{"taxonomy":"post_tag","embeddable":true,"href":"http:\/\/argentinamunicipal.com.ar\/argentina\/wp-json\/wp\/v2\/tags?post=37016"}],"curies":[{"name":"wp","href":"https:\/\/api.w.org\/{rel}","templated":true}]}}