{"id":37031,"date":"2015-09-25T09:30:00","date_gmt":"2015-09-25T12:30:00","guid":{"rendered":"http:\/\/argentinamunicipal.com.ar\/argentina\/?p=37031"},"modified":"2015-09-25T09:30:00","modified_gmt":"2015-09-25T12:30:00","slug":"inauguran-el-parque-industrial-de-corral-de-bustos","status":"publish","type":"post","link":"http:\/\/argentinamunicipal.com.ar\/argentina\/inauguran-el-parque-industrial-de-corral-de-bustos\/","title":{"rendered":"Inauguran el Parque Industrial de Corral de Bustos"},"content":{"rendered":"<p><a href=\"http:\/\/argentinamunicipal.com.ar\/argentina\/wp-content\/uploads\/2015\/09\/PqueIndPanoramica.jpg\"><img loading=\"lazy\" decoding=\"async\" class=\"alignleft size-full wp-image-37032\" src=\"http:\/\/argentinamunicipal.com.ar\/argentina\/wp-content\/uploads\/2015\/09\/PqueIndPanoramica.jpg\" alt=\"PqueIndPanoramica\" width=\"460\" height=\"248\" srcset=\"http:\/\/argentinamunicipal.com.ar\/argentina\/wp-content\/uploads\/2015\/09\/PqueIndPanoramica.jpg 460w, http:\/\/argentinamunicipal.com.ar\/argentina\/wp-content\/uploads\/2015\/09\/PqueIndPanoramica-300x162.jpg 300w\" sizes=\"auto, (max-width: 460px) 100vw, 460px\" \/><\/a>Luego de un intenso trabajo que llev\u00f3 m\u00e1s de 7 a\u00f1os de gestiones y obras en el predio, la Municipalidad de Corral de Bustos-Ifflinger inaugurar\u00e1 hoy el Parque Industrial local. Se aguarda la presencia de la ministra de Industria de la Naci\u00f3n, D\u00e9bora Giorgi, especialmente invitada ya que contribuy\u00f3 desde su cartera al desarroll\u00f3 del espacio productivo de la localidad.<\/p>\n<p>A las 11 se realizar\u00e1 el acto oficial de inauguraci\u00f3n de una de las obras m\u00e1s esperadas por los vecinos y en especial por los industriales locales que vieron siempre el proyecto como una alternativa positiva. Junto al intendente municipal, H\u00e9ctor Pagani, y su gabinete ejecutivo, acompa\u00f1ar\u00e1n la apertura oficial referentes de los gobiernos de la Naci\u00f3n y Provincia.<\/p>\n<p>Una fuente municipal explic\u00f3 que entre los invitados se encuentran la ministra de Industria de la Naci\u00f3n, D\u00e9bora Giorgi. Adem\u00e1s participar\u00e1n el ministro de Industria provincial, Guillermo Acosta, y el presidente de la Federaci\u00f3n Argentina de Parques Industriales (Fapi), Edgardo G\u00e1mbaro.<\/p>\n<p>Tambi\u00e9n asistir\u00e1n empresarios e industriales de la ciudad, propietarios e impulsores del gran motor productivo que pronto se pondr\u00e1 en marcha, cambiando el perfil comercial de Corral de Bustos-Ifflinger y toda la regi\u00f3n.<\/p>\n<p>El espacio destinado a la industria ya cuenta con numerosas empresas que finalizan la construcci\u00f3n de las plantas fabriles en los 137 lotes repartidos en las 17 hect\u00e1reas asignadas por la comuna. Posee alumbrado, desag\u00fces pluviales, seguridad privada, energ\u00eda el\u00e9ctrica, calles y agua potable. Y recientemente se dot\u00f3 del servicio de gas natural.<\/p>\n<p>Durante 2014 la ministra Giorgi hizo entrega al mandatario de la \u201cconstancia de inscripci\u00f3n del Registro Nacional de Parques Industriales (Renpi)\u201d.<\/p>\n<h6>Fuente: La Ma\u00f1ana de C\u00f3rdoba<\/h6>\n","protected":false},"excerpt":{"rendered":"<p>Luego de un intenso trabajo que llev\u00f3 m\u00e1s de 7 a\u00f1os de gestiones y obras en el predio, la Municipalidad de Corral de Bustos-Ifflinger inaugurar\u00e1 hoy el Parque Industrial local. Se aguarda la presencia de la ministra de Industria de la Naci\u00f3n, D\u00e9bora Giorgi, especialmente invitada ya que contribuy\u00f3 desde su cartera al desarroll\u00f3 del<\/p>\n","protected":false},"author":2,"featured_media":37032,"comment_status":"closed","ping_status":"closed","sticky":false,"template":"","format":"standard","meta":{"footnotes":""},"categories":[2],"tags":[3],"class_list":["post-37031","post","type-post","status-publish","format-standard","has-post-thumbnail","hentry","category-informe-municipal","tag-cordoba"],"_links":{"self":[{"href":"http:\/\/argentinamunicipal.com.ar\/argentina\/wp-json\/wp\/v2\/posts\/37031","targetHints":{"allow":["GET"]}}],"collection":[{"href":"http:\/\/argentinamunicipal.com.ar\/argentina\/wp-json\/wp\/v2\/posts"}],"about":[{"href":"http:\/\/argentinamunicipal.com.ar\/argentina\/wp-json\/wp\/v2\/types\/post"}],"author":[{"embeddable":true,"href":"http:\/\/argentinamunicipal.com.ar\/argentina\/wp-json\/wp\/v2\/users\/2"}],"replies":[{"embeddable":true,"href":"http:\/\/argentinamunicipal.com.ar\/argentina\/wp-json\/wp\/v2\/comments?post=37031"}],"version-history":[{"count":0,"href":"http:\/\/argentinamunicipal.com.ar\/argentina\/wp-json\/wp\/v2\/posts\/37031\/revisions"}],"wp:featuredmedia":[{"embeddable":true,"href":"http:\/\/argentinamunicipal.com.ar\/argentina\/wp-json\/wp\/v2\/media\/37032"}],"wp:attachment":[{"href":"http:\/\/argentinamunicipal.com.ar\/argentina\/wp-json\/wp\/v2\/media?parent=37031"}],"wp:term":[{"taxonomy":"category","embeddable":true,"href":"http:\/\/argentinamunicipal.com.ar\/argentina\/wp-json\/wp\/v2\/categories?post=37031"},{"taxonomy":"post_tag","embeddable":true,"href":"http:\/\/argentinamunicipal.com.ar\/argentina\/wp-json\/wp\/v2\/tags?post=37031"}],"curies":[{"name":"wp","href":"https:\/\/api.w.org\/{rel}","templated":true}]}}